{"id":45678,"date":"2024-09-17T12:59:29","date_gmt":"2024-09-17T15:59:29","guid":{"rendered":"https:\/\/atecordoba.org\/?p=45678"},"modified":"2024-09-17T12:59:29","modified_gmt":"2024-09-17T15:59:29","slug":"plenario-de-municipales-en-rio-cuarto-ate-se-fortalece-rumbo-al-encuentro-provincial","status":"publish","type":"post","link":"https:\/\/atecordoba.org\/?p=45678","title":{"rendered":"Plenario de Municipales en R\u00edo Cuarto: ATE se fortalece rumbo al Encuentro Provincial"},"content":{"rendered":"<p><a href=\"https:\/\/atecordoba.org\/wp-content\/uploads\/2024\/09\/WhatsApp-Image-2024-09-17-at-12.35.30-PM.jpeg\"><img loading=\"lazy\" decoding=\"async\" class=\"alignnone wp-image-45686 size-full\" src=\"https:\/\/atecordoba.org\/wp-content\/uploads\/2024\/09\/WhatsApp-Image-2024-09-17-at-12.35.30-PM.jpeg\" alt=\"\" width=\"1600\" height=\"900\" srcset=\"https:\/\/atecordoba.org\/wp-content\/uploads\/2024\/09\/WhatsApp-Image-2024-09-17-at-12.35.30-PM.jpeg 1600w, https:\/\/atecordoba.org\/wp-content\/uploads\/2024\/09\/WhatsApp-Image-2024-09-17-at-12.35.30-PM-300x169.jpeg 300w, https:\/\/atecordoba.org\/wp-content\/uploads\/2024\/09\/WhatsApp-Image-2024-09-17-at-12.35.30-PM-1024x576.jpeg 1024w, https:\/\/atecordoba.org\/wp-content\/uploads\/2024\/09\/WhatsApp-Image-2024-09-17-at-12.35.30-PM-768x432.jpeg 768w, https:\/\/atecordoba.org\/wp-content\/uploads\/2024\/09\/WhatsApp-Image-2024-09-17-at-12.35.30-PM-1536x864.jpeg 1536w, https:\/\/atecordoba.org\/wp-content\/uploads\/2024\/09\/WhatsApp-Image-2024-09-17-at-12.35.30-PM-750x422.jpeg 750w, https:\/\/atecordoba.org\/wp-content\/uploads\/2024\/09\/WhatsApp-Image-2024-09-17-at-12.35.30-PM-1140x641.jpeg 1140w\" sizes=\"auto, (max-width: 1600px) 100vw, 1600px\" \/><\/a><\/p>\n<p>En el d\u00eda de hoy, se est\u00e1 llevando a cabo un importante <strong>plenario de municipales en R\u00edo Cuarto<\/strong>, organizado conjuntamente por <strong>ATE R\u00edo Cuarto<\/strong> y <strong>ATE Adelia Mar\u00eda<\/strong>. Este encuentro cuenta con la presencia de destacados dirigentes y representantes de nuestro sindicato, fortaleciendo la organizaci\u00f3n sindical de cara al <strong>Encuentro Provincial de Municipales<\/strong>.<\/p>\n<p><a href=\"https:\/\/atecordoba.org\/wp-content\/uploads\/2024\/09\/WhatsApp-Image-2024-09-17-at-12.35.30-PM-1.jpeg\"><img loading=\"lazy\" decoding=\"async\" class=\"size-medium wp-image-45685 alignleft\" src=\"https:\/\/atecordoba.org\/wp-content\/uploads\/2024\/09\/WhatsApp-Image-2024-09-17-at-12.35.30-PM-1-300x169.jpeg\" alt=\"\" width=\"300\" height=\"169\" srcset=\"https:\/\/atecordoba.org\/wp-content\/uploads\/2024\/09\/WhatsApp-Image-2024-09-17-at-12.35.30-PM-1-300x169.jpeg 300w, https:\/\/atecordoba.org\/wp-content\/uploads\/2024\/09\/WhatsApp-Image-2024-09-17-at-12.35.30-PM-1-1024x576.jpeg 1024w, https:\/\/atecordoba.org\/wp-content\/uploads\/2024\/09\/WhatsApp-Image-2024-09-17-at-12.35.30-PM-1-768x432.jpeg 768w, https:\/\/atecordoba.org\/wp-content\/uploads\/2024\/09\/WhatsApp-Image-2024-09-17-at-12.35.30-PM-1-1536x864.jpeg 1536w, https:\/\/atecordoba.org\/wp-content\/uploads\/2024\/09\/WhatsApp-Image-2024-09-17-at-12.35.30-PM-1-750x422.jpeg 750w, https:\/\/atecordoba.org\/wp-content\/uploads\/2024\/09\/WhatsApp-Image-2024-09-17-at-12.35.30-PM-1-1140x641.jpeg 1140w, https:\/\/atecordoba.org\/wp-content\/uploads\/2024\/09\/WhatsApp-Image-2024-09-17-at-12.35.30-PM-1.jpeg 1600w\" sizes=\"auto, (max-width: 300px) 100vw, 300px\" \/><\/a>Entre los presentes, se destaca la participaci\u00f3n de nuestro <strong>secretario general de ATE C\u00f3rdoba, Federico Giuliani<\/strong>, junto a <strong>Diego Villegas<\/strong>, secretario general de ATE Adelia Mar\u00eda, y <strong>Rafaela Alcoba<\/strong>, secretaria general de ATE R\u00edo Cuarto. Tambi\u00e9n acompa\u00f1an <strong>Gabriela Alcoba<\/strong>, secretaria adjunta del Consejo Directivo Provincial (CDP), <strong>Julia Giuliani<\/strong>, secretaria de prensa del CDP y vocal nacional, <strong>Jorge Chalup<\/strong>, secretario gremial, <strong>Javier Bracamonte<\/strong>, secretario de organizaci\u00f3n del CDP, y el compa\u00f1ero <strong>Jos\u00e9 Baigorria<\/strong>, vocal y referente de los municipales de ATE C\u00f3rdoba.<\/p>\n<p><a href=\"https:\/\/atecordoba.org\/wp-content\/uploads\/2024\/09\/WhatsApp-Image-2024-09-17-at-12.35.31-PM.jpeg\"><img loading=\"lazy\" decoding=\"async\" class=\"alignnone size-medium wp-image-45684\" src=\"https:\/\/atecordoba.org\/wp-content\/uploads\/2024\/09\/WhatsApp-Image-2024-09-17-at-12.35.31-PM-226x300.jpeg\" alt=\"\" width=\"226\" height=\"300\" srcset=\"https:\/\/atecordoba.org\/wp-content\/uploads\/2024\/09\/WhatsApp-Image-2024-09-17-at-12.35.31-PM-226x300.jpeg 226w, https:\/\/atecordoba.org\/wp-content\/uploads\/2024\/09\/WhatsApp-Image-2024-09-17-at-12.35.31-PM-770x1024.jpeg 770w, https:\/\/atecordoba.org\/wp-content\/uploads\/2024\/09\/WhatsApp-Image-2024-09-17-at-12.35.31-PM-768x1021.jpeg 768w, https:\/\/atecordoba.org\/wp-content\/uploads\/2024\/09\/WhatsApp-Image-2024-09-17-at-12.35.31-PM-750x997.jpeg 750w, https:\/\/atecordoba.org\/wp-content\/uploads\/2024\/09\/WhatsApp-Image-2024-09-17-at-12.35.31-PM.jpeg 963w\" sizes=\"auto, (max-width: 226px) 100vw, 226px\" \/><\/a> <a href=\"https:\/\/atecordoba.org\/wp-content\/uploads\/2024\/09\/WhatsApp-Image-2024-09-17-at-12.35.31-PM-1.jpeg\"><img loading=\"lazy\" decoding=\"async\" class=\"alignnone size-medium wp-image-45683\" src=\"https:\/\/atecordoba.org\/wp-content\/uploads\/2024\/09\/WhatsApp-Image-2024-09-17-at-12.35.31-PM-1-300x225.jpeg\" alt=\"\" width=\"300\" height=\"225\" srcset=\"https:\/\/atecordoba.org\/wp-content\/uploads\/2024\/09\/WhatsApp-Image-2024-09-17-at-12.35.31-PM-1-300x225.jpeg 300w, https:\/\/atecordoba.org\/wp-content\/uploads\/2024\/09\/WhatsApp-Image-2024-09-17-at-12.35.31-PM-1-1024x768.jpeg 1024w, https:\/\/atecordoba.org\/wp-content\/uploads\/2024\/09\/WhatsApp-Image-2024-09-17-at-12.35.31-PM-1-768x576.jpeg 768w, https:\/\/atecordoba.org\/wp-content\/uploads\/2024\/09\/WhatsApp-Image-2024-09-17-at-12.35.31-PM-1-750x563.jpeg 750w, https:\/\/atecordoba.org\/wp-content\/uploads\/2024\/09\/WhatsApp-Image-2024-09-17-at-12.35.31-PM-1-1140x855.jpeg 1140w, https:\/\/atecordoba.org\/wp-content\/uploads\/2024\/09\/WhatsApp-Image-2024-09-17-at-12.35.31-PM-1.jpeg 1160w\" sizes=\"auto, (max-width: 300px) 100vw, 300px\" \/><\/a> <a href=\"https:\/\/atecordoba.org\/wp-content\/uploads\/2024\/09\/WhatsApp-Image-2024-09-17-at-12.35.32-PM.jpeg\"><img loading=\"lazy\" decoding=\"async\" class=\"alignnone size-medium wp-image-45682\" src=\"https:\/\/atecordoba.org\/wp-content\/uploads\/2024\/09\/WhatsApp-Image-2024-09-17-at-12.35.32-PM-226x300.jpeg\" alt=\"\" width=\"226\" height=\"300\" srcset=\"https:\/\/atecordoba.org\/wp-content\/uploads\/2024\/09\/WhatsApp-Image-2024-09-17-at-12.35.32-PM-226x300.jpeg 226w, https:\/\/atecordoba.org\/wp-content\/uploads\/2024\/09\/WhatsApp-Image-2024-09-17-at-12.35.32-PM-770x1024.jpeg 770w, https:\/\/atecordoba.org\/wp-content\/uploads\/2024\/09\/WhatsApp-Image-2024-09-17-at-12.35.32-PM-768x1021.jpeg 768w, https:\/\/atecordoba.org\/wp-content\/uploads\/2024\/09\/WhatsApp-Image-2024-09-17-at-12.35.32-PM-750x997.jpeg 750w, https:\/\/atecordoba.org\/wp-content\/uploads\/2024\/09\/WhatsApp-Image-2024-09-17-at-12.35.32-PM.jpeg 963w\" sizes=\"auto, (max-width: 226px) 100vw, 226px\" \/><\/a> <a href=\"https:\/\/atecordoba.org\/wp-content\/uploads\/2024\/09\/WhatsApp-Image-2024-09-17-at-12.35.32-PM-1.jpeg\"><img loading=\"lazy\" decoding=\"async\" class=\"alignnone size-medium wp-image-45681\" src=\"https:\/\/atecordoba.org\/wp-content\/uploads\/2024\/09\/WhatsApp-Image-2024-09-17-at-12.35.32-PM-1-300x135.jpeg\" alt=\"\" width=\"300\" height=\"135\" srcset=\"https:\/\/atecordoba.org\/wp-content\/uploads\/2024\/09\/WhatsApp-Image-2024-09-17-at-12.35.32-PM-1-300x135.jpeg 300w, https:\/\/atecordoba.org\/wp-content\/uploads\/2024\/09\/WhatsApp-Image-2024-09-17-at-12.35.32-PM-1-1024x461.jpeg 1024w, https:\/\/atecordoba.org\/wp-content\/uploads\/2024\/09\/WhatsApp-Image-2024-09-17-at-12.35.32-PM-1-768x346.jpeg 768w, https:\/\/atecordoba.org\/wp-content\/uploads\/2024\/09\/WhatsApp-Image-2024-09-17-at-12.35.32-PM-1-750x338.jpeg 750w, https:\/\/atecordoba.org\/wp-content\/uploads\/2024\/09\/WhatsApp-Image-2024-09-17-at-12.35.32-PM-1-1140x513.jpeg 1140w, https:\/\/atecordoba.org\/wp-content\/uploads\/2024\/09\/WhatsApp-Image-2024-09-17-at-12.35.32-PM-1.jpeg 1160w\" sizes=\"auto, (max-width: 300px) 100vw, 300px\" \/><\/a> <a href=\"https:\/\/atecordoba.org\/wp-content\/uploads\/2024\/09\/WhatsApp-Image-2024-09-17-at-12.35.33-PM.jpeg\"><img loading=\"lazy\" decoding=\"async\" class=\"alignnone size-medium wp-image-45680\" src=\"https:\/\/atecordoba.org\/wp-content\/uploads\/2024\/09\/WhatsApp-Image-2024-09-17-at-12.35.33-PM-300x226.jpeg\" alt=\"\" width=\"300\" height=\"226\" srcset=\"https:\/\/atecordoba.org\/wp-content\/uploads\/2024\/09\/WhatsApp-Image-2024-09-17-at-12.35.33-PM-300x226.jpeg 300w, https:\/\/atecordoba.org\/wp-content\/uploads\/2024\/09\/WhatsApp-Image-2024-09-17-at-12.35.33-PM-1024x770.jpeg 1024w, https:\/\/atecordoba.org\/wp-content\/uploads\/2024\/09\/WhatsApp-Image-2024-09-17-at-12.35.33-PM-768x578.jpeg 768w, https:\/\/atecordoba.org\/wp-content\/uploads\/2024\/09\/WhatsApp-Image-2024-09-17-at-12.35.33-PM-750x564.jpeg 750w, https:\/\/atecordoba.org\/wp-content\/uploads\/2024\/09\/WhatsApp-Image-2024-09-17-at-12.35.33-PM-1140x858.jpeg 1140w, https:\/\/atecordoba.org\/wp-content\/uploads\/2024\/09\/WhatsApp-Image-2024-09-17-at-12.35.33-PM.jpeg 1280w\" sizes=\"auto, (max-width: 300px) 100vw, 300px\" \/><\/a><\/p>\n<p>Este plenario forma parte de una serie de encuentros territoriales que se vienen realizando, en el marco del recorrido hacia el <strong>Encuentro Provincial de Municipales<\/strong>, cuyo objetivo es fortalecer la representaci\u00f3n y la defensa de los derechos de las y los trabajadores municipales en toda la provincia.<\/p>\n<p>La importancia de estos encuentros radica en la necesidad de construir una organizaci\u00f3n sindical s\u00f3lida y unificada, capaz de enfrentar los desaf\u00edos actuales y futuros, garantizando mejores condiciones laborales, salariales y de estabilidad para todas y todos los trabajadores del sector municipal.<\/p>\n<p><a href=\"https:\/\/atecordoba.org\/wp-content\/uploads\/2024\/09\/WhatsApp-Image-2024-09-17-at-12.35.33-PM-1.jpeg\"><img loading=\"lazy\" decoding=\"async\" class=\"alignnone size-medium wp-image-45679\" src=\"https:\/\/atecordoba.org\/wp-content\/uploads\/2024\/09\/WhatsApp-Image-2024-09-17-at-12.35.33-PM-1-300x226.jpeg\" alt=\"\" width=\"300\" height=\"226\" srcset=\"https:\/\/atecordoba.org\/wp-content\/uploads\/2024\/09\/WhatsApp-Image-2024-09-17-at-12.35.33-PM-1-300x226.jpeg 300w, https:\/\/atecordoba.org\/wp-content\/uploads\/2024\/09\/WhatsApp-Image-2024-09-17-at-12.35.33-PM-1-1024x770.jpeg 1024w, https:\/\/atecordoba.org\/wp-content\/uploads\/2024\/09\/WhatsApp-Image-2024-09-17-at-12.35.33-PM-1-768x578.jpeg 768w, https:\/\/atecordoba.org\/wp-content\/uploads\/2024\/09\/WhatsApp-Image-2024-09-17-at-12.35.33-PM-1-750x564.jpeg 750w, https:\/\/atecordoba.org\/wp-content\/uploads\/2024\/09\/WhatsApp-Image-2024-09-17-at-12.35.33-PM-1-1140x858.jpeg 1140w, https:\/\/atecordoba.org\/wp-content\/uploads\/2024\/09\/WhatsApp-Image-2024-09-17-at-12.35.33-PM-1.jpeg 1280w\" sizes=\"auto, (max-width: 300px) 100vw, 300px\" \/><\/a><\/p>\n<p><strong>\u00a1Seguimos luchando juntos y juntas por los derechos de las y los trabajadores municipales!<\/strong><\/p>\n","protected":false},"excerpt":{"rendered":"<p>En el d\u00eda de hoy, se est\u00e1 llevando a cabo un importante plenario de municipales en R\u00edo Cuarto, organizado conjuntamente por ATE R\u00edo Cuarto y ATE Adelia Mar\u00eda. Este encuentro cuenta con la presencia de destacados dirigentes y representantes de nuestro sindicato, fortaleciendo la organizaci\u00f3n sindical de cara al Encuentro Provincial de Municipales. Entre los [&hellip;]<\/p>\n","protected":false},"author":3,"featured_media":45686,"comment_status":"open","ping_status":"open","sticky":false,"template":"","format":"standard","meta":{"_exactmetrics_skip_tracking":false,"_exactmetrics_sitenote_active":false,"_exactmetrics_sitenote_note":"","_exactmetrics_sitenote_category":0,"jnews-multi-image_gallery":[],"jnews_single_post":{"format":"standard","override":[{"template":"1","parallax":"1","fullscreen":"1","layout":"no-sidebar-narrow","sidebar":"default-sidebar","second_sidebar":"default-sidebar","sticky_sidebar":"1","share_position":"bottom","share_float_style":"share-monocrhome","show_share_counter":"1","show_view_counter":"1","show_post_meta":"1","show_post_author_image":"1","show_post_date":"1","post_date_format":"default","post_date_format_custom":"Y\/m\/d","show_post_category":"1","show_post_reading_time":"0","post_reading_time_wpm":"300","post_calculate_word_method":"str_word_count","show_zoom_button":"0","zoom_button_out_step":"2","zoom_button_in_step":"3","show_post_tag":"1","number_popup_post":"1","show_post_related":"1","show_inline_post_related":"0"}],"image_override":[{"single_post_thumbnail_size":"crop-500","single_post_gallery_size":"crop-500"}],"trending_post_position":"meta","trending_post_label":"Trending","sponsored_post_label":"Sponsored by","disable_ad":"0"},"jnews_primary_category":[],"jnews_social_meta":[],"jnews_review":[],"enable_review":"","type":"percentage","name":"","summary":"","brand":"","sku":"","good":[],"bad":[],"score_override":"","override_value":"","rating":[],"price":[],"jnews_override_counter":{"view_counter_number":"0","share_counter_number":"0","like_counter_number":"0","dislike_counter_number":"0"},"jnews_post_split":{"post_split":[{"template":"1","tag":"h2","numbering":"asc","mode":"normal","first":"0","enable_toc":"0","toc_type":"normal"}]},"footnotes":""},"categories":[20],"tags":[],"class_list":["post-45678","post","type-post","status-publish","format-standard","has-post-thumbnail","hentry","category-municipales"],"jetpack_featured_media_url":"https:\/\/atecordoba.org\/wp-content\/uploads\/2024\/09\/WhatsApp-Image-2024-09-17-at-12.35.30-PM.jpeg","_links":{"self":[{"href":"https:\/\/atecordoba.org\/index.php?rest_route=\/wp\/v2\/posts\/45678","targetHints":{"allow":["GET"]}}],"collection":[{"href":"https:\/\/atecordoba.org\/index.php?rest_route=\/wp\/v2\/posts"}],"about":[{"href":"https:\/\/atecordoba.org\/index.php?rest_route=\/wp\/v2\/types\/post"}],"author":[{"embeddable":true,"href":"https:\/\/atecordoba.org\/index.php?rest_route=\/wp\/v2\/users\/3"}],"replies":[{"embeddable":true,"href":"https:\/\/atecordoba.org\/index.php?rest_route=%2Fwp%2Fv2%2Fcomments&post=45678"}],"version-history":[{"count":1,"href":"https:\/\/atecordoba.org\/index.php?rest_route=\/wp\/v2\/posts\/45678\/revisions"}],"predecessor-version":[{"id":45687,"href":"https:\/\/atecordoba.org\/index.php?rest_route=\/wp\/v2\/posts\/45678\/revisions\/45687"}],"wp:featuredmedia":[{"embeddable":true,"href":"https:\/\/atecordoba.org\/index.php?rest_route=\/wp\/v2\/media\/45686"}],"wp:attachment":[{"href":"https:\/\/atecordoba.org\/index.php?rest_route=%2Fwp%2Fv2%2Fmedia&parent=45678"}],"wp:term":[{"taxonomy":"category","embeddable":true,"href":"https:\/\/atecordoba.org\/index.php?rest_route=%2Fwp%2Fv2%2Fcategories&post=45678"},{"taxonomy":"post_tag","embeddable":true,"href":"https:\/\/atecordoba.org\/index.php?rest_route=%2Fwp%2Fv2%2Ftags&post=45678"}],"curies":[{"name":"wp","href":"https:\/\/api.w.org\/{rel}","templated":true}]}}