{"id":45655,"date":"2024-09-16T10:01:26","date_gmt":"2024-09-16T13:01:26","guid":{"rendered":"https:\/\/atecordoba.org\/?p=45655"},"modified":"2024-09-16T10:01:26","modified_gmt":"2024-09-16T13:01:26","slug":"ate-cordoba-participara-del-homenaje-a-atilio-lopez-con-un-mural-en-barrio-jardin","status":"publish","type":"post","link":"https:\/\/atecordoba.org\/?p=45655","title":{"rendered":"ATE C\u00f3rdoba participar\u00e1 del homenaje a Atilio L\u00f3pez con un mural en Barrio Jard\u00edn"},"content":{"rendered":"<p><a href=\"https:\/\/atecordoba.org\/wp-content\/uploads\/2024\/09\/atilioportada.jpeg\"><img loading=\"lazy\" decoding=\"async\" class=\"alignnone wp-image-45657 size-full\" src=\"https:\/\/atecordoba.org\/wp-content\/uploads\/2024\/09\/atilioportada.jpeg\" alt=\"\" width=\"674\" height=\"460\" srcset=\"https:\/\/atecordoba.org\/wp-content\/uploads\/2024\/09\/atilioportada.jpeg 674w, https:\/\/atecordoba.org\/wp-content\/uploads\/2024\/09\/atilioportada-300x205.jpeg 300w\" sizes=\"auto, (max-width: 674px) 100vw, 674px\" \/><\/a><\/p>\n<p>Este lunes 16 de septiembre, a las 18:30 horas, ATE C\u00f3rdoba estar\u00e1 presente en la inauguraci\u00f3n de un mural en homenaje a Atilio L\u00f3pez, una figura emblem\u00e1tica del movimiento obrero, del pueblo trabajador y ferviente hincha del Club Atl\u00e9tico Talleres. El evento se realizar\u00e1 en la calle Justiniano Posse 1149, esquina Pablo Belisle, en Barrio Jard\u00edn.<\/p>\n<p>El mural conmemora los 50 a\u00f1os del asesinato de &#8220;El Negro&#8221; Atilio L\u00f3pez, quien fue Secretario General de UTA y vicegobernador de C\u00f3rdoba. L\u00f3pez fue un hombre comprometido con las causas populares y la defensa de los derechos de los trabajadores. Su vida fue truncada el 16 de septiembre de 1974, cuando fue asesinado por la Triple A en la provincia de Buenos Aires, tras haber asistido a un partido de su querido Talleres frente a River Plate.<\/p>\n<p><a href=\"https:\/\/atecordoba.org\/wp-content\/uploads\/2024\/09\/01-2045-El-Cordobazo-la-mesa-de-las-tres-patas.jpg\"><img loading=\"lazy\" decoding=\"async\" class=\"size-medium wp-image-45656 alignleft\" src=\"https:\/\/atecordoba.org\/wp-content\/uploads\/2024\/09\/01-2045-El-Cordobazo-la-mesa-de-las-tres-patas-300x300.jpg\" alt=\"\" width=\"300\" height=\"300\" srcset=\"https:\/\/atecordoba.org\/wp-content\/uploads\/2024\/09\/01-2045-El-Cordobazo-la-mesa-de-las-tres-patas-300x300.jpg 300w, https:\/\/atecordoba.org\/wp-content\/uploads\/2024\/09\/01-2045-El-Cordobazo-la-mesa-de-las-tres-patas-150x150.jpg 150w, https:\/\/atecordoba.org\/wp-content\/uploads\/2024\/09\/01-2045-El-Cordobazo-la-mesa-de-las-tres-patas-768x768.jpg 768w, https:\/\/atecordoba.org\/wp-content\/uploads\/2024\/09\/01-2045-El-Cordobazo-la-mesa-de-las-tres-patas-560x560.jpg 560w, https:\/\/atecordoba.org\/wp-content\/uploads\/2024\/09\/01-2045-El-Cordobazo-la-mesa-de-las-tres-patas-75x75.jpg 75w, https:\/\/atecordoba.org\/wp-content\/uploads\/2024\/09\/01-2045-El-Cordobazo-la-mesa-de-las-tres-patas-350x350.jpg 350w, https:\/\/atecordoba.org\/wp-content\/uploads\/2024\/09\/01-2045-El-Cordobazo-la-mesa-de-las-tres-patas-750x750.jpg 750w, https:\/\/atecordoba.org\/wp-content\/uploads\/2024\/09\/01-2045-El-Cordobazo-la-mesa-de-las-tres-patas.jpg 900w\" sizes=\"auto, (max-width: 300px) 100vw, 300px\" \/><\/a>Este acto es organizado por diversas agrupaciones e hinchas de Talleres, quienes honran la memoria de L\u00f3pez no solo por su dedicaci\u00f3n a la pol\u00edtica y los derechos laborales, sino tambi\u00e9n por su pasi\u00f3n por el f\u00fatbol y por el club de sus amores. Entre las organizaciones participantes se encuentran Pintadas Albiazules, Amor Irreversible, N\u00facleo Centenario, Resistencia 1913 y otras.<\/p>\n<p>ATE C\u00f3rdoba se une a este reconocimiento, reafirmando su compromiso con las luchas sociales y sindicales que Atilio L\u00f3pez represent\u00f3 durante su vida. Invitamos a todos nuestros afiliados y afiliadas a participar de este importante acto en memoria de un l\u00edder que, con su vida y ejemplo, sigue siendo un s\u00edmbolo de las luchas populares.<\/p>\n<p><strong>Organizan e invitan:<\/strong> Pintadas Albiazules, Amor Irreversible, N\u00facleo Centenario, Resistencia 1913, E.M.A (Albiazules Feministas), hinchas, socios y socias de Talleres.<\/p>\n<p><strong>Adhieren:<\/strong> Campa\u00f1a \u201cTe Pido que Hagas Memoria\u201d, Mariano Saravia, Archivo Provincial de la Memoria, Cispren-<strong>CTA Aut\u00f3noma, ATE C\u00f3rdoba<\/strong>, entre otros.<\/p>\n","protected":false},"excerpt":{"rendered":"<p>Este lunes 16 de septiembre, a las 18:30 horas, ATE C\u00f3rdoba estar\u00e1 presente en la inauguraci\u00f3n de un mural en homenaje a Atilio L\u00f3pez, una figura emblem\u00e1tica del movimiento obrero, del pueblo trabajador y ferviente hincha del Club Atl\u00e9tico Talleres. El evento se realizar\u00e1 en la calle Justiniano Posse 1149, esquina Pablo Belisle, en Barrio [&hellip;]<\/p>\n","protected":false},"author":3,"featured_media":45656,"comment_status":"open","ping_status":"open","sticky":false,"template":"","format":"standard","meta":{"_exactmetrics_skip_tracking":false,"_exactmetrics_sitenote_active":false,"_exactmetrics_sitenote_note":"","_exactmetrics_sitenote_category":0,"jnews-multi-image_gallery":[],"jnews_single_post":{"format":"standard","override":[{"template":"1","parallax":"1","fullscreen":"1","layout":"no-sidebar-narrow","sidebar":"default-sidebar","second_sidebar":"default-sidebar","sticky_sidebar":"1","share_position":"bottom","share_float_style":"share-monocrhome","show_share_counter":"1","show_view_counter":"1","show_post_meta":"1","show_post_author_image":"1","show_post_date":"1","post_date_format":"default","post_date_format_custom":"Y\/m\/d","show_post_category":"1","show_post_reading_time":"0","post_reading_time_wpm":"300","post_calculate_word_method":"str_word_count","show_zoom_button":"0","zoom_button_out_step":"2","zoom_button_in_step":"3","show_post_tag":"1","number_popup_post":"1","show_post_related":"1","show_inline_post_related":"0"}],"image_override":[{"single_post_thumbnail_size":"crop-500","single_post_gallery_size":"crop-500"}],"trending_post_position":"meta","trending_post_label":"Trending","sponsored_post_label":"Sponsored by","disable_ad":"0"},"jnews_primary_category":[],"jnews_social_meta":[],"jnews_review":[],"enable_review":"","type":"percentage","name":"","summary":"","brand":"","sku":"","good":[],"bad":[],"score_override":"","override_value":"","rating":[],"price":[],"jnews_override_counter":{"view_counter_number":"0","share_counter_number":"0","like_counter_number":"0","dislike_counter_number":"0"},"jnews_post_split":{"post_split":[{"template":"1","tag":"h2","numbering":"asc","mode":"normal","first":"0","enable_toc":"0","toc_type":"normal"}]},"footnotes":""},"categories":[10],"tags":[],"class_list":["post-45655","post","type-post","status-publish","format-standard","has-post-thumbnail","hentry","category-accion-politica"],"jetpack_featured_media_url":"https:\/\/atecordoba.org\/wp-content\/uploads\/2024\/09\/01-2045-El-Cordobazo-la-mesa-de-las-tres-patas.jpg","_links":{"self":[{"href":"https:\/\/atecordoba.org\/index.php?rest_route=\/wp\/v2\/posts\/45655","targetHints":{"allow":["GET"]}}],"collection":[{"href":"https:\/\/atecordoba.org\/index.php?rest_route=\/wp\/v2\/posts"}],"about":[{"href":"https:\/\/atecordoba.org\/index.php?rest_route=\/wp\/v2\/types\/post"}],"author":[{"embeddable":true,"href":"https:\/\/atecordoba.org\/index.php?rest_route=\/wp\/v2\/users\/3"}],"replies":[{"embeddable":true,"href":"https:\/\/atecordoba.org\/index.php?rest_route=%2Fwp%2Fv2%2Fcomments&post=45655"}],"version-history":[{"count":1,"href":"https:\/\/atecordoba.org\/index.php?rest_route=\/wp\/v2\/posts\/45655\/revisions"}],"predecessor-version":[{"id":45658,"href":"https:\/\/atecordoba.org\/index.php?rest_route=\/wp\/v2\/posts\/45655\/revisions\/45658"}],"wp:featuredmedia":[{"embeddable":true,"href":"https:\/\/atecordoba.org\/index.php?rest_route=\/wp\/v2\/media\/45656"}],"wp:attachment":[{"href":"https:\/\/atecordoba.org\/index.php?rest_route=%2Fwp%2Fv2%2Fmedia&parent=45655"}],"wp:term":[{"taxonomy":"category","embeddable":true,"href":"https:\/\/atecordoba.org\/index.php?rest_route=%2Fwp%2Fv2%2Fcategories&post=45655"},{"taxonomy":"post_tag","embeddable":true,"href":"https:\/\/atecordoba.org\/index.php?rest_route=%2Fwp%2Fv2%2Ftags&post=45655"}],"curies":[{"name":"wp","href":"https:\/\/api.w.org\/{rel}","templated":true}]}}