{"id":45652,"date":"2024-09-16T09:26:13","date_gmt":"2024-09-16T12:26:13","guid":{"rendered":"https:\/\/atecordoba.org\/?p=45652"},"modified":"2024-09-16T09:26:13","modified_gmt":"2024-09-16T12:26:13","slug":"federico-giuliani-el-complejo-productivo-de-defensa-nacional-esta-hackeado-por-milei","status":"publish","type":"post","link":"https:\/\/atecordoba.org\/?p=45652","title":{"rendered":"Federico Giuliani: \u00abEl complejo productivo de defensa nacional est\u00e1 hackeado por Milei\u00bb"},"content":{"rendered":"<h3>El tambi\u00e9n dirigente de la CTA Aut\u00f3noma de su provincia advierte que el gobierno avanza con la privatizaci\u00f3n de las f\u00e1bricas militares de R\u00edo Tercero y Villa Mar\u00eda. El inter\u00e9s de EE UU y la OTAN.<\/h3>\n<p><a href=\"https:\/\/atecordoba.org\/wp-content\/uploads\/2024\/09\/Federico-Giuliani-ATE-CTA-Cordoba-Edgardo-Gomez-3.jpg\"><img loading=\"lazy\" decoding=\"async\" class=\"alignnone wp-image-45653 size-large\" src=\"https:\/\/atecordoba.org\/wp-content\/uploads\/2024\/09\/Federico-Giuliani-ATE-CTA-Cordoba-Edgardo-Gomez-3-1024x683.jpg\" alt=\"\" width=\"1024\" height=\"683\" srcset=\"https:\/\/atecordoba.org\/wp-content\/uploads\/2024\/09\/Federico-Giuliani-ATE-CTA-Cordoba-Edgardo-Gomez-3-1024x683.jpg 1024w, https:\/\/atecordoba.org\/wp-content\/uploads\/2024\/09\/Federico-Giuliani-ATE-CTA-Cordoba-Edgardo-Gomez-3-300x200.jpg 300w, https:\/\/atecordoba.org\/wp-content\/uploads\/2024\/09\/Federico-Giuliani-ATE-CTA-Cordoba-Edgardo-Gomez-3-768x512.jpg 768w, https:\/\/atecordoba.org\/wp-content\/uploads\/2024\/09\/Federico-Giuliani-ATE-CTA-Cordoba-Edgardo-Gomez-3-750x500.jpg 750w, https:\/\/atecordoba.org\/wp-content\/uploads\/2024\/09\/Federico-Giuliani-ATE-CTA-Cordoba-Edgardo-Gomez-3-1140x760.jpg 1140w, https:\/\/atecordoba.org\/wp-content\/uploads\/2024\/09\/Federico-Giuliani-ATE-CTA-Cordoba-Edgardo-Gomez-3.jpg 1200w\" sizes=\"auto, (max-width: 1024px) 100vw, 1024px\" \/><\/a><\/p>\n<p>Federico Giuliani, secretario general de ATE C\u00f3rdoba y tambi\u00e9n de la CTA Aut\u00f3noma de la provincia de C\u00f3rdoba, viene denunciando y enfrentando junto a sus compa\u00f1eros la posible privatizaci\u00f3n de empresas y organismos estrat\u00e9gicos para la defensa de la soberan\u00eda, en especial, la F\u00e1brica Militar de R\u00edo Tercero y la F\u00e1brica de P\u00f3lvoras y Explosivos Villa Mar\u00eda, ambas bajo la \u00f3rbita de Fabricaciones Militares Sociedad del Estado (FMSE). Seg\u00fan conf\u00eda Giuliani a\u00a0<em>Tiempo<\/em>, la presunta visita de una delegaci\u00f3n del Departamento de Estado de los Estados Unidos a la f\u00e1brica de R\u00edo Tercero pone en relieve estas intenciones.<\/p>\n<p>El pol\u00e9mico Decreto 70\/2023 del Gobierno nacional dispuso que desaparezcan las figuras jur\u00eddicas de las Sociedades del Estado, -una de ellas es Fabricaciones Militares- y se transformen en Sociedades An\u00f3nimas. En julio, el Gobierno presidido por Javier Milei public\u00f3 otro decreto, el 553\/2024, que prorrog\u00f3 por 180 d\u00edas el plazo de conversi\u00f3n. Los despidos y retiros que el Gobierno aplica sobre el personal de las dos f\u00e1bricas terminan de configurar un panorama sombr\u00edo no s\u00f3lo para los trabajadores, sino, fundamentalmente para empresas, organismos y plantas estrat\u00e9gicas nacionales que, por su importancia, deber\u00edan mantenerse bajo la propiedad, control y supervisi\u00f3n soberano del Estado argentino.<\/p>\n<p>\u201cDesde que asumi\u00f3 Javier Milei hay un reposicionamiento de Argentina en la geopol\u00edtica mundial. Esto tiene que ver con romper con la mirada de los BRICS, ese bloque multipolar de los pa\u00edses emergentes Brasil, Rusia, India, China, Sud\u00e1frica y otros, que ven\u00eda manteniendo, con sus dificultades, Alberto Fern\u00e1ndez, para volverse a alinear bajo el eje unipolar del imperialismo estadounidense, los pa\u00edses de Occidente y la OTAN. Este es un presidente que abandon\u00f3 el MERCOSUR, pero viaja a Estados Unidos juntando millas para ir a eventos, sobre todo empresariales. Que son, en definitiva, los que le bajan la l\u00ednea pol\u00edtica a este presidente, que no deja de ser un t\u00edtere de las corporaciones econ\u00f3micas transnacionales\u201d, contextualiz\u00f3 Giuliani.<\/p>\n<p>El dirigente sindical estuvo esta semana en Buenos Aires para participar de una reuni\u00f3n de la conducci\u00f3n nacional de ATE en la que se decidi\u00f3 realizar una jornada de lucha de todos los sectores nacionales que pueden llegar a tener despidos o privatizaciones, ya que el 30 de septiembre se vencen m\u00e1s de 60 mil contratos. En ese marco dialog\u00f3 con\u00a0<em>Tiempo Argentino.<\/em><\/p>\n<p><strong>-\u00bfCu\u00e1l es la situaci\u00f3n en las f\u00e1bricas militares de R\u00edo Tercero y Villa Mar\u00eda?<\/strong><\/p>\n<p>-Ac\u00e1 primero hay que entender que C\u00f3rdoba, en alg\u00fan momento hist\u00f3rico de la Argentina, en el peronismo centralmente, fue pensada como un polo estrat\u00e9gico para defender la soberan\u00eda de nuestra Patria. En C\u00f3rdoba ten\u00e9s la F\u00e1brica Argentina de Aviones, FADEA, tambi\u00e9n dos f\u00e1bricas militares que hoy existen, Villa Mar\u00eda y R\u00edo Tercero. Pero tambi\u00e9n, hasta el menemismo, tuvo la f\u00e1brica de San Francisco. Est\u00e1 la CONAE, que desarrolla investigaci\u00f3n aeroespacial. Est\u00e1 Dioxitek, que es una empresa 100% de capitales del Estado, que produce no solamente el uranio para que funcionen las centrales nucleares en la Argentina, y tambi\u00e9n lo exporta al mundo, sino que genera radiois\u00f3topos que se utilizan para la medicina oncol\u00f3gica. Y ten\u00e9s la central nuclear de Embalse.<\/p>\n<p><strong>-\u00bfQu\u00e9 pasa con todo ese polo productivo en la actualidad?<\/strong><\/p>\n<p>-Todo ese complejo productivo, industrial, del Estado Nacional, pensado para la defensa de nuestra Patria, hoy est\u00e1 claramente \u2018hackeado\u2019 por las pol\u00edticas neoliberales de Javier Milei. Como planteaba anteriormente, el ajuste cl\u00e1sico de despedir trabajadores, vaciar presupuesto y pol\u00edticas p\u00fablicas a estos organismos. Y despu\u00e9s, claramente, el planteo central es, vend\u00e1moslo, a nosotros nos da gasto. Y ah\u00ed entra la problem\u00e1tica grave de que esto ya lo vivimos. Por ejemplo, con Menem. Ahora, en el marco de la guerra de la OTAN contra Rusia, Ucrania demanda armas y municiones. Centralmente, el complejo de Fabricaciones Militares le permitir\u00eda hacer todo el circuito para producir municiones de 155 mil\u00edmetros, que son los ca\u00f1ones que usa la OTAN en Ucrania, y si bien estas empresas est\u00e1n exceptuadas del DNU, que hoy es el marco de la reforma y desguace del Estado, y de la ley bases, hay una grieta legal que les permite que las sociedades del Estado, que son todas estas empresas p\u00fablicas, 100% capitales estatales, sean pasadas a sociedades an\u00f3nimas. Ah\u00ed entra a jugar el rol privado, pero sobre todo la extranjerizaci\u00f3n de estas empresas argentinas, que, insisto, no solamente, si las vamos a medir en t\u00e9rminos de mercado, no dan d\u00e9ficit, sino que todas generan super\u00e1vit. M\u00e1s all\u00e1 de eso, producen hoy estrat\u00e9gicamente las bases de la defensa de nuestra Patria.<\/p>\n<p><strong>-\u00bfHubo una visita de funcionarios norteamericanos?<\/strong><\/p>\n<p>-Venimos denunciando, desde junio, que hubo una visita de grupos norteamericanos, en secreto, a la f\u00e1brica militar de R\u00edo Tercero. Esa visita despu\u00e9s se replic\u00f3 en Villa Mar\u00eda, en Rosario, Azul -Provincia de Buenos Aires-, J\u00e1chal -en San Juan-, y en sede central. Sabemos que tras estos grupos inversores yanquis hay una empresa que les da el sello de goma. Es una empresa chica, que aparte provee de armas a Pa\u00edses Bajos y que, a su vez, lo tercerizan a la OTAN, para la guerra. C\u00f3mo habr\u00e1 sido el rumor, en aquel momento que una diputada, que se llama Gabriela Brouwer de Koning, de la UCR, de Juntos por el Cambio, que vive en R\u00edo Tercero, sensibilizada por la explosi\u00f3n de R\u00edo Tercero en 1995 -que vol\u00f3 toda la f\u00e1brica y la mitad de la localidad-, pidi\u00f3 que al Congreso que fuera el ministro de Defensa Luis Petri a explayarse sobre el tema. Hasta ahora no sucedi\u00f3 nada.<\/p>\n<p><strong>-\u00bfCu\u00e1l es la situaci\u00f3n de los trabajadores en las dos f\u00e1bricas?<\/strong><\/p>\n<p>-Aproximadamente un 25 % de la planta de trabajadores y trabajadoras se acogi\u00f3 al retiro voluntario, que es un despido encubierto. Antes de asumir Milei, hab\u00eda aproximadamente 450 trabajadores en las dos f\u00e1bricas de C\u00f3rdoba, ahora apenas superan los 300. Los despedidos durante esta etapa de Milei son compa\u00f1eros con 20 o 30 a\u00f1os de antig\u00fcedad. No son militantes ni los \u201corcos\u201d de nadie. Al tener, en su mayor\u00eda, 50, 55 a\u00f1os de edad, \u00bfd\u00f3nde van a conseguir trabajo? Creo que hay muchos sindicatos amarillos cuyo \u00fanico inter\u00e9s es la mutual, la colonia de vacaciones. Creo que el sindicalismo en Argentina tiene que recuperar la pol\u00edtica y debemos ponernos a la vanguardia de la lucha por la soberan\u00eda nacional. \u00ab<\/p>\n<p>Fuente: https:\/\/www.tiempoar.com.ar\/ta_article\/federico-giuliani-el-complejo-productivo-de-defensa-nacional-esta-hackeado-por-milei\/<\/p>\n","protected":false},"excerpt":{"rendered":"<p>El tambi\u00e9n dirigente de la CTA Aut\u00f3noma de su provincia advierte que el gobierno avanza con la privatizaci\u00f3n de las f\u00e1bricas militares de R\u00edo Tercero y Villa Mar\u00eda. El inter\u00e9s de EE UU y la OTAN. Federico Giuliani, secretario general de ATE C\u00f3rdoba y tambi\u00e9n de la CTA Aut\u00f3noma de la provincia de C\u00f3rdoba, viene [&hellip;]<\/p>\n","protected":false},"author":3,"featured_media":45653,"comment_status":"open","ping_status":"open","sticky":false,"template":"","format":"standard","meta":{"_exactmetrics_skip_tracking":false,"_exactmetrics_sitenote_active":false,"_exactmetrics_sitenote_note":"","_exactmetrics_sitenote_category":0,"jnews-multi-image_gallery":[],"jnews_single_post":{"format":"standard","override":[{"template":"1","parallax":"1","fullscreen":"1","layout":"no-sidebar-narrow","sidebar":"default-sidebar","second_sidebar":"default-sidebar","sticky_sidebar":"1","share_position":"bottom","share_float_style":"share-monocrhome","show_share_counter":"1","show_view_counter":"1","show_post_meta":"1","show_post_author_image":"1","show_post_date":"1","post_date_format":"default","post_date_format_custom":"Y\/m\/d","show_post_category":"1","show_post_reading_time":"0","post_reading_time_wpm":"300","post_calculate_word_method":"str_word_count","show_zoom_button":"0","zoom_button_out_step":"2","zoom_button_in_step":"3","show_post_tag":"1","number_popup_post":"1","show_post_related":"1","show_inline_post_related":"0"}],"image_override":[{"single_post_thumbnail_size":"crop-500","single_post_gallery_size":"crop-500"}],"trending_post_position":"meta","trending_post_label":"Trending","sponsored_post_label":"Sponsored by","disable_ad":"0"},"jnews_primary_category":[],"jnews_social_meta":[],"jnews_review":[],"enable_review":"","type":"percentage","name":"","summary":"","brand":"","sku":"","good":[],"bad":[],"score_override":"","override_value":"","rating":[],"price":[],"jnews_override_counter":{"view_counter_number":"0","share_counter_number":"0","like_counter_number":"0","dislike_counter_number":"0"},"jnews_post_split":{"post_split":[{"template":"1","tag":"h2","numbering":"asc","mode":"normal","first":"0","enable_toc":"0","toc_type":"normal"}]},"footnotes":""},"categories":[10],"tags":[],"class_list":["post-45652","post","type-post","status-publish","format-standard","has-post-thumbnail","hentry","category-accion-politica"],"jetpack_featured_media_url":"https:\/\/atecordoba.org\/wp-content\/uploads\/2024\/09\/Federico-Giuliani-ATE-CTA-Cordoba-Edgardo-Gomez-3.jpg","_links":{"self":[{"href":"https:\/\/atecordoba.org\/index.php?rest_route=\/wp\/v2\/posts\/45652","targetHints":{"allow":["GET"]}}],"collection":[{"href":"https:\/\/atecordoba.org\/index.php?rest_route=\/wp\/v2\/posts"}],"about":[{"href":"https:\/\/atecordoba.org\/index.php?rest_route=\/wp\/v2\/types\/post"}],"author":[{"embeddable":true,"href":"https:\/\/atecordoba.org\/index.php?rest_route=\/wp\/v2\/users\/3"}],"replies":[{"embeddable":true,"href":"https:\/\/atecordoba.org\/index.php?rest_route=%2Fwp%2Fv2%2Fcomments&post=45652"}],"version-history":[{"count":1,"href":"https:\/\/atecordoba.org\/index.php?rest_route=\/wp\/v2\/posts\/45652\/revisions"}],"predecessor-version":[{"id":45654,"href":"https:\/\/atecordoba.org\/index.php?rest_route=\/wp\/v2\/posts\/45652\/revisions\/45654"}],"wp:featuredmedia":[{"embeddable":true,"href":"https:\/\/atecordoba.org\/index.php?rest_route=\/wp\/v2\/media\/45653"}],"wp:attachment":[{"href":"https:\/\/atecordoba.org\/index.php?rest_route=%2Fwp%2Fv2%2Fmedia&parent=45652"}],"wp:term":[{"taxonomy":"category","embeddable":true,"href":"https:\/\/atecordoba.org\/index.php?rest_route=%2Fwp%2Fv2%2Fcategories&post=45652"},{"taxonomy":"post_tag","embeddable":true,"href":"https:\/\/atecordoba.org\/index.php?rest_route=%2Fwp%2Fv2%2Ftags&post=45652"}],"curies":[{"name":"wp","href":"https:\/\/api.w.org\/{rel}","templated":true}]}}