{"id":4564,"date":"2014-10-08T16:17:56","date_gmt":"2014-10-08T19:17:56","guid":{"rendered":"http:\/\/www.atecordoba.org\/?p=4564"},"modified":"2014-10-08T16:17:56","modified_gmt":"2014-10-08T19:17:56","slug":"continuaron-ayer-y-hoy-las-asambleas-en-diversos-hospitales-provinciales","status":"publish","type":"post","link":"https:\/\/atecordoba.org\/?p=4564","title":{"rendered":"Reapertura de paritarias: continuaron ayer y hoy las asambleas en diversos hospitales provinciales"},"content":{"rendered":"<p><em>Progresivamente se suman trabajadores de la salud al plan de lucha que resolvio ATE en reclamo de la reapertura de paritarias en el sector.\u00a0<\/em><\/p>\n<figure id=\"attachment_4570\" aria-describedby=\"caption-attachment-4570\" style=\"width: 600px\" class=\"wp-caption aligncenter\"><a href=\"http:\/\/www.atecordoba.org\/wp-content\/uploads\/2014\/10\/IMG-20141008-WA0006-e1412794685356.jpg\"><img loading=\"lazy\" decoding=\"async\" class=\"wp-image-4570 size-full\" src=\"http:\/\/www.atecordoba.org\/wp-content\/uploads\/2014\/10\/IMG-20141008-WA0006-e1412794685356.jpg\" alt=\"IMG-20141008-WA0006\" width=\"600\" height=\"338\" \/><\/a><figcaption id=\"caption-attachment-4570\" class=\"wp-caption-text\">Trabajadores de la manzana psiqui\u00e1trica, frente al Panal<\/figcaption><\/figure>\n<p>&nbsp;<\/p>\n<p>En el marco del paro nacional que realiz\u00f3 en la jornada de hoy ATE en todo el pa\u00eds, los trabajadores de los hospitales provinciales dieron entre ayer y hoy nuevas muestras de fuerza en las medidas que vienen tomando en reclamo de aumento salarial y pase a planta de los compa\u00f1eros precarizados.<\/p>\n<figure id=\"attachment_4568\" aria-describedby=\"caption-attachment-4568\" style=\"width: 600px\" class=\"wp-caption aligncenter\"><a href=\"http:\/\/www.atecordoba.org\/wp-content\/uploads\/2014\/10\/IMG-20141008-WA0004-e1412794840967.jpg\"><img loading=\"lazy\" decoding=\"async\" class=\"wp-image-4568 size-full\" src=\"http:\/\/www.atecordoba.org\/wp-content\/uploads\/2014\/10\/IMG-20141008-WA0004-e1412794840967.jpg\" alt=\"IMG-20141008-WA0004\" width=\"600\" height=\"338\" \/><\/a><figcaption id=\"caption-attachment-4568\" class=\"wp-caption-text\">Haci\u00e9ndole sentir el reclamo a De la Sota.<\/figcaption><\/figure>\n<p>Tal fue el caso del Hospital Nuevo San Roque que ayer realiz\u00f3 una importante asamblea y se mantiene en estado de alerta y movilizaci\u00f3n. De igual manera, en el Hospital Neonatal y en el Hospital de Ni\u00f1os los trabajadores exigieron una recomposici\u00f3n salarial en el marco de la reapertura de paritarias.<\/p>\n<figure id=\"attachment_4571\" aria-describedby=\"caption-attachment-4571\" style=\"width: 600px\" class=\"wp-caption aligncenter\"><a href=\"http:\/\/www.atecordoba.org\/wp-content\/uploads\/2014\/10\/IMG_6978-e1412795305239.jpg\"><img loading=\"lazy\" decoding=\"async\" class=\"wp-image-4571 size-full\" src=\"http:\/\/www.atecordoba.org\/wp-content\/uploads\/2014\/10\/IMG_6978-e1412795305239.jpg\" alt=\"IMG_6978\" width=\"600\" height=\"338\" \/><\/a><figcaption id=\"caption-attachment-4571\" class=\"wp-caption-text\">Trabajadores del Hospital Misericordia.<\/figcaption><\/figure>\n<p>&nbsp;<\/p>\n<p>En tanto, durante la ma\u00f1ana de hoy trabajadores\u00a0de la manaza psqui\u00e1trica, que incluye organismos como el Instituto Provincial contra el Alcoholismo y la DrogadiccI\u00f3n (IPAD), el Hospital Neuropsiqui\u00e1trico y la Casa del Joven, realizaron sendas asambleas para posteriormente llevar a cabo una movilizaci\u00f3n que finaliz\u00f3 con un corte de calle en la avenida Costanera, lindante con la Casa de Gobierno, para posteriormente realizar un acto de protesta en la misma explanada del Panal.<\/p>\n<figure id=\"attachment_4572\" aria-describedby=\"caption-attachment-4572\" style=\"width: 600px\" class=\"wp-caption aligncenter\"><a href=\"http:\/\/www.atecordoba.org\/wp-content\/uploads\/2014\/10\/IMG_6968-e1412795380788.jpg\"><img loading=\"lazy\" decoding=\"async\" class=\"wp-image-4572 size-full\" src=\"http:\/\/www.atecordoba.org\/wp-content\/uploads\/2014\/10\/IMG_6968-e1412795380788.jpg\" alt=\"IMG_6968\" width=\"600\" height=\"338\" \/><\/a><figcaption id=\"caption-attachment-4572\" class=\"wp-caption-text\">La asamblea del Misericordia congreg\u00f3 gran cantidad de compa\u00f1eros.<\/figcaption><\/figure>\n<p>En esa l\u00ednea, el Hospital Misericordia replic\u00f3 la modalidad, con asamblea desde las 10.30 y movilizaci\u00f3n a la Plaza de Las Am\u00e9ricas, donde cortaron media calzada por espacio de dos horas.<\/p>\n<figure id=\"attachment_4573\" aria-describedby=\"caption-attachment-4573\" style=\"width: 450px\" class=\"wp-caption aligncenter\"><a href=\"http:\/\/www.atecordoba.org\/wp-content\/uploads\/2014\/10\/IMG-20141008-WA0013-e1412795418517.jpg\"><img loading=\"lazy\" decoding=\"async\" class=\"wp-image-4573 size-full\" src=\"http:\/\/www.atecordoba.org\/wp-content\/uploads\/2014\/10\/IMG-20141008-WA0013-e1412795418517.jpg\" alt=\"IMG-20141008-WA0013\" width=\"450\" height=\"600\" \/><\/a><figcaption id=\"caption-attachment-4573\" class=\"wp-caption-text\">Ayer, fue el turno de los trabajadores del hospital San Roque.<\/figcaption><\/figure>\n<p>&nbsp;<\/p>\n<p>Las asambleas tambi\u00e9n se concretaron en el Hospital Rawson y el de Ni\u00f1os, donde los compa\u00f1eros vienen chocando contra la inflexibilidad de las direcciones, que tampoco dan respuesta a reclamos espec\u00edficos de los centros de salud.<\/p>\n<figure id=\"attachment_4574\" aria-describedby=\"caption-attachment-4574\" style=\"width: 450px\" class=\"wp-caption aligncenter\"><a href=\"http:\/\/www.atecordoba.org\/wp-content\/uploads\/2014\/10\/IMG-20141008-WA0012-e1412795675695.jpg\"><img loading=\"lazy\" decoding=\"async\" class=\"wp-image-4574 size-full\" src=\"http:\/\/www.atecordoba.org\/wp-content\/uploads\/2014\/10\/IMG-20141008-WA0012-e1412795675695.jpg\" alt=\"IMG-20141008-WA0012\" width=\"450\" height=\"600\" \/><\/a><figcaption id=\"caption-attachment-4574\" class=\"wp-caption-text\">Debate en el San Roque.<\/figcaption><\/figure>\n<p>Est\u00e1n programadas para esta semana nuevas asambleas en el Neonatal, el C\u00f3rdoba y el Tr\u00e1nsito C\u00e1ceres de Allende. En todos los casos se garantizan las guardias m\u00ednimas de ley para la atenci\u00f3n de urgencias.<\/p>\n<p>&nbsp;<\/p>\n","protected":false},"excerpt":{"rendered":"<p>Progresivamente se suman trabajadores de la salud al plan de lucha que resolvio ATE en reclamo de la reapertura de paritarias en el sector.\u00a0 &nbsp; En el marco del paro nacional que realiz\u00f3 en la jornada de hoy ATE en todo el pa\u00eds, los trabajadores de los hospitales provinciales dieron entre ayer y hoy nuevas [&hellip;]<\/p>\n","protected":false},"author":1,"featured_media":19220,"comment_status":"open","ping_status":"open","sticky":false,"template":"","format":"standard","meta":{"_exactmetrics_skip_tracking":false,"_exactmetrics_sitenote_active":false,"_exactmetrics_sitenote_note":"","_exactmetrics_sitenote_category":0,"jnews-multi-image_gallery":[],"jnews_single_post":[],"jnews_primary_category":[],"jnews_social_meta":[],"jnews_review":[],"enable_review":"","type":"","name":"","summary":"","brand":"","sku":"","good":[],"bad":[],"score_override":"","override_value":"","rating":[],"price":[],"jnews_override_counter":[],"jnews_post_split":[],"footnotes":""},"categories":[7,8],"tags":[],"class_list":["post-4564","post","type-post","status-publish","format-standard","has-post-thumbnail","hentry","category-hospitales","category-provinciales"],"jetpack_featured_media_url":"https:\/\/atecordoba.org\/wp-content\/uploads\/2020\/05\/logo-nuevochico-e1561581322808.png","_links":{"self":[{"href":"https:\/\/atecordoba.org\/index.php?rest_route=\/wp\/v2\/posts\/4564","targetHints":{"allow":["GET"]}}],"collection":[{"href":"https:\/\/atecordoba.org\/index.php?rest_route=\/wp\/v2\/posts"}],"about":[{"href":"https:\/\/atecordoba.org\/index.php?rest_route=\/wp\/v2\/types\/post"}],"author":[{"embeddable":true,"href":"https:\/\/atecordoba.org\/index.php?rest_route=\/wp\/v2\/users\/1"}],"replies":[{"embeddable":true,"href":"https:\/\/atecordoba.org\/index.php?rest_route=%2Fwp%2Fv2%2Fcomments&post=4564"}],"version-history":[{"count":0,"href":"https:\/\/atecordoba.org\/index.php?rest_route=\/wp\/v2\/posts\/4564\/revisions"}],"wp:featuredmedia":[{"embeddable":true,"href":"https:\/\/atecordoba.org\/index.php?rest_route=\/wp\/v2\/media\/19220"}],"wp:attachment":[{"href":"https:\/\/atecordoba.org\/index.php?rest_route=%2Fwp%2Fv2%2Fmedia&parent=4564"}],"wp:term":[{"taxonomy":"category","embeddable":true,"href":"https:\/\/atecordoba.org\/index.php?rest_route=%2Fwp%2Fv2%2Fcategories&post=4564"},{"taxonomy":"post_tag","embeddable":true,"href":"https:\/\/atecordoba.org\/index.php?rest_route=%2Fwp%2Fv2%2Ftags&post=4564"}],"curies":[{"name":"wp","href":"https:\/\/api.w.org\/{rel}","templated":true}]}}