{"id":45631,"date":"2024-09-13T11:52:14","date_gmt":"2024-09-13T14:52:14","guid":{"rendered":"https:\/\/atecordoba.org\/?p=45631"},"modified":"2024-09-13T12:10:41","modified_gmt":"2024-09-13T15:10:41","slug":"formacion-politica-en-ate-cordoba-el-rol-de-los-delegados-y-del-sindicato-en-el-contexto-politico-social-actual","status":"publish","type":"post","link":"https:\/\/atecordoba.org\/?p=45631","title":{"rendered":"Formaci\u00f3n Pol\u00edtica en ATE C\u00f3rdoba: &#8220;El Rol de los Delegados y del Sindicato en el Contexto Pol\u00edtico-Social Actual&#8221;"},"content":{"rendered":"<p><a href=\"https:\/\/atecordoba.org\/wp-content\/uploads\/2024\/09\/WhatsApp-Image-2024-09-13-at-11.25.11-AM.jpeg\"><img loading=\"lazy\" decoding=\"async\" class=\"alignnone wp-image-45633 size-large\" src=\"https:\/\/atecordoba.org\/wp-content\/uploads\/2024\/09\/WhatsApp-Image-2024-09-13-at-11.25.11-AM-1024x768.jpeg\" alt=\"\" width=\"1024\" height=\"768\" srcset=\"https:\/\/atecordoba.org\/wp-content\/uploads\/2024\/09\/WhatsApp-Image-2024-09-13-at-11.25.11-AM-1024x768.jpeg 1024w, https:\/\/atecordoba.org\/wp-content\/uploads\/2024\/09\/WhatsApp-Image-2024-09-13-at-11.25.11-AM-300x225.jpeg 300w, https:\/\/atecordoba.org\/wp-content\/uploads\/2024\/09\/WhatsApp-Image-2024-09-13-at-11.25.11-AM-768x576.jpeg 768w, https:\/\/atecordoba.org\/wp-content\/uploads\/2024\/09\/WhatsApp-Image-2024-09-13-at-11.25.11-AM-1536x1152.jpeg 1536w, https:\/\/atecordoba.org\/wp-content\/uploads\/2024\/09\/WhatsApp-Image-2024-09-13-at-11.25.11-AM-750x563.jpeg 750w, https:\/\/atecordoba.org\/wp-content\/uploads\/2024\/09\/WhatsApp-Image-2024-09-13-at-11.25.11-AM-1140x855.jpeg 1140w, https:\/\/atecordoba.org\/wp-content\/uploads\/2024\/09\/WhatsApp-Image-2024-09-13-at-11.25.11-AM.jpeg 1600w\" sizes=\"auto, (max-width: 1024px) 100vw, 1024px\" \/><\/a><\/p>\n<p>Hoy, 13 de septiembre a las 10 hs., se est\u00e1 llevando a cabo en la sede de ATE C\u00f3rdoba una jornada de formaci\u00f3n pol\u00edtica destinada a nuestros delegados y delegadas de C\u00f3rdoba capital y alrededores. El encuentro, titulado <em><strong>&#8220;El Rol de los Delegados y del Sindicato en el Contexto Pol\u00edtico-Social Actual&#8221;<\/strong><\/em>, tiene como objetivo fortalecer la organizaci\u00f3n y el compromiso militante en un contexto pol\u00edtico y social adverso.<\/p>\n<p><a href=\"https:\/\/atecordoba.org\/wp-content\/uploads\/2024\/09\/WhatsApp-Image-2024-09-13-at-10.47.55-AM-scaled.jpeg\"><img loading=\"lazy\" decoding=\"async\" class=\"alignnone size-medium wp-image-45640\" src=\"https:\/\/atecordoba.org\/wp-content\/uploads\/2024\/09\/WhatsApp-Image-2024-09-13-at-10.47.55-AM-300x225.jpeg\" alt=\"\" width=\"300\" height=\"225\" srcset=\"https:\/\/atecordoba.org\/wp-content\/uploads\/2024\/09\/WhatsApp-Image-2024-09-13-at-10.47.55-AM-300x225.jpeg 300w, https:\/\/atecordoba.org\/wp-content\/uploads\/2024\/09\/WhatsApp-Image-2024-09-13-at-10.47.55-AM-1024x769.jpeg 1024w, https:\/\/atecordoba.org\/wp-content\/uploads\/2024\/09\/WhatsApp-Image-2024-09-13-at-10.47.55-AM-768x577.jpeg 768w, https:\/\/atecordoba.org\/wp-content\/uploads\/2024\/09\/WhatsApp-Image-2024-09-13-at-10.47.55-AM-1536x1153.jpeg 1536w, https:\/\/atecordoba.org\/wp-content\/uploads\/2024\/09\/WhatsApp-Image-2024-09-13-at-10.47.55-AM-2048x1537.jpeg 2048w, https:\/\/atecordoba.org\/wp-content\/uploads\/2024\/09\/WhatsApp-Image-2024-09-13-at-10.47.55-AM-750x563.jpeg 750w, https:\/\/atecordoba.org\/wp-content\/uploads\/2024\/09\/WhatsApp-Image-2024-09-13-at-10.47.55-AM-1140x856.jpeg 1140w\" sizes=\"auto, (max-width: 300px) 100vw, 300px\" \/><\/a><a href=\"https:\/\/atecordoba.org\/wp-content\/uploads\/2024\/09\/WhatsApp-Image-2024-09-13-at-10.48.36-AM-scaled.jpeg\"><img loading=\"lazy\" decoding=\"async\" class=\"alignnone size-medium wp-image-45637\" src=\"https:\/\/atecordoba.org\/wp-content\/uploads\/2024\/09\/WhatsApp-Image-2024-09-13-at-10.48.36-AM-300x225.jpeg\" alt=\"\" width=\"300\" height=\"225\" srcset=\"https:\/\/atecordoba.org\/wp-content\/uploads\/2024\/09\/WhatsApp-Image-2024-09-13-at-10.48.36-AM-300x225.jpeg 300w, https:\/\/atecordoba.org\/wp-content\/uploads\/2024\/09\/WhatsApp-Image-2024-09-13-at-10.48.36-AM-1024x769.jpeg 1024w, https:\/\/atecordoba.org\/wp-content\/uploads\/2024\/09\/WhatsApp-Image-2024-09-13-at-10.48.36-AM-768x577.jpeg 768w, https:\/\/atecordoba.org\/wp-content\/uploads\/2024\/09\/WhatsApp-Image-2024-09-13-at-10.48.36-AM-1536x1153.jpeg 1536w, https:\/\/atecordoba.org\/wp-content\/uploads\/2024\/09\/WhatsApp-Image-2024-09-13-at-10.48.36-AM-2048x1537.jpeg 2048w, https:\/\/atecordoba.org\/wp-content\/uploads\/2024\/09\/WhatsApp-Image-2024-09-13-at-10.48.36-AM-750x563.jpeg 750w, https:\/\/atecordoba.org\/wp-content\/uploads\/2024\/09\/WhatsApp-Image-2024-09-13-at-10.48.36-AM-1140x856.jpeg 1140w\" sizes=\"auto, (max-width: 300px) 100vw, 300px\" \/><\/a><\/p>\n<p>La formaci\u00f3n est\u00e1 a cargo de Cristian V\u00e1zquez, Director de la Escuela de Formaci\u00f3n Pol\u00edtica Libertario Ferrari, y Vanina Rodr\u00edguez, Secretaria de Formaci\u00f3n del Consejo Directivo Nacional de ATE, quienes fueron acompa\u00f1ados por Gabriela Alcoba, Secretaria Adjunta de ATE C\u00f3rdoba, e Irina Silberman, delegada de ATE, quienes coordinaron la actividad.<\/p>\n<p><a href=\"https:\/\/atecordoba.org\/wp-content\/uploads\/2024\/09\/WhatsApp-Image-2024-09-13-at-10.48.34-AM-scaled.jpeg\"><img loading=\"lazy\" decoding=\"async\" class=\"alignnone size-medium wp-image-45639\" src=\"https:\/\/atecordoba.org\/wp-content\/uploads\/2024\/09\/WhatsApp-Image-2024-09-13-at-10.48.34-AM-300x225.jpeg\" alt=\"\" width=\"300\" height=\"225\" srcset=\"https:\/\/atecordoba.org\/wp-content\/uploads\/2024\/09\/WhatsApp-Image-2024-09-13-at-10.48.34-AM-300x225.jpeg 300w, https:\/\/atecordoba.org\/wp-content\/uploads\/2024\/09\/WhatsApp-Image-2024-09-13-at-10.48.34-AM-1024x769.jpeg 1024w, https:\/\/atecordoba.org\/wp-content\/uploads\/2024\/09\/WhatsApp-Image-2024-09-13-at-10.48.34-AM-768x577.jpeg 768w, https:\/\/atecordoba.org\/wp-content\/uploads\/2024\/09\/WhatsApp-Image-2024-09-13-at-10.48.34-AM-1536x1153.jpeg 1536w, https:\/\/atecordoba.org\/wp-content\/uploads\/2024\/09\/WhatsApp-Image-2024-09-13-at-10.48.34-AM-2048x1537.jpeg 2048w, https:\/\/atecordoba.org\/wp-content\/uploads\/2024\/09\/WhatsApp-Image-2024-09-13-at-10.48.34-AM-750x563.jpeg 750w, https:\/\/atecordoba.org\/wp-content\/uploads\/2024\/09\/WhatsApp-Image-2024-09-13-at-10.48.34-AM-1140x856.jpeg 1140w\" sizes=\"auto, (max-width: 300px) 100vw, 300px\" \/><\/a><\/p>\n<p>En di\u00e1logo con la prensa de ATE C\u00f3rdoba, **Vanina Rodr\u00edguez** expres\u00f3:<br \/>\n_&#8221;Hoy estamos en el CDP de C\u00f3rdoba, en principio agradecerle a las y los compa\u00f1eros que generosamente se brindaron a que nosotros hoy, desde la Secretar\u00eda de Formaci\u00f3n y desde la Escuela Sindical Libertario Ferrari del Consejo Nacional, estemos ac\u00e1. La idea es avanzar en un taller sobre el rol del delegado y la delegada en este contexto tan complejo de pol\u00edticas neoliberales y neofascistas que est\u00e1 llevando adelante Javier Milei, y tambi\u00e9n el gobernador Llaryora en esta provincia.&#8221;_<\/p>\n<p><a href=\"https:\/\/atecordoba.org\/wp-content\/uploads\/2024\/09\/WhatsApp-Image-2024-09-13-at-11.02.50-AM-1.jpeg\"><img loading=\"lazy\" decoding=\"async\" class=\"size-medium wp-image-45635 alignleft\" src=\"https:\/\/atecordoba.org\/wp-content\/uploads\/2024\/09\/WhatsApp-Image-2024-09-13-at-11.02.50-AM-1-300x169.jpeg\" alt=\"\" width=\"300\" height=\"169\" srcset=\"https:\/\/atecordoba.org\/wp-content\/uploads\/2024\/09\/WhatsApp-Image-2024-09-13-at-11.02.50-AM-1-300x169.jpeg 300w, https:\/\/atecordoba.org\/wp-content\/uploads\/2024\/09\/WhatsApp-Image-2024-09-13-at-11.02.50-AM-1-1024x578.jpeg 1024w, https:\/\/atecordoba.org\/wp-content\/uploads\/2024\/09\/WhatsApp-Image-2024-09-13-at-11.02.50-AM-1-768x434.jpeg 768w, https:\/\/atecordoba.org\/wp-content\/uploads\/2024\/09\/WhatsApp-Image-2024-09-13-at-11.02.50-AM-1-1536x867.jpeg 1536w, https:\/\/atecordoba.org\/wp-content\/uploads\/2024\/09\/WhatsApp-Image-2024-09-13-at-11.02.50-AM-1-2048x1156.jpeg 2048w, https:\/\/atecordoba.org\/wp-content\/uploads\/2024\/09\/WhatsApp-Image-2024-09-13-at-11.02.50-AM-1-750x423.jpeg 750w, https:\/\/atecordoba.org\/wp-content\/uploads\/2024\/09\/WhatsApp-Image-2024-09-13-at-11.02.50-AM-1-1140x643.jpeg 1140w\" sizes=\"auto, (max-width: 300px) 100vw, 300px\" \/><\/a>Rodr\u00edguez tambi\u00e9n destac\u00f3 la importancia de **repensar las estrategias de resistencia**:<br \/>\n_&#8221;M\u00e1s all\u00e1 de la coyuntura, nos parece necesario parar un poco la pelota, repensar nuestras estrategias de resistencia, pero tambi\u00e9n de una salida de la crisis, que sin lugar a dudas es con unidad, solidaridad y el compromiso militante de todas y todos. Por eso hoy estamos en C\u00f3rdoba para abrazar esas banderas hist\u00f3ricas de nuestra ATE, donde m\u00e1s temprano que tarde vamos a volver a tener un pa\u00eds y una provincia que sean garantes de derechos y dignas de ser vividas por todas y todos.&#8221;_<\/p>\n<p><a href=\"https:\/\/atecordoba.org\/wp-content\/uploads\/2024\/09\/WhatsApp-Image-2024-09-13-at-11.02.50-AM.jpeg\"><img loading=\"lazy\" decoding=\"async\" class=\"size-medium wp-image-45636 alignleft\" src=\"https:\/\/atecordoba.org\/wp-content\/uploads\/2024\/09\/WhatsApp-Image-2024-09-13-at-11.02.50-AM-300x169.jpeg\" alt=\"\" width=\"300\" height=\"169\" srcset=\"https:\/\/atecordoba.org\/wp-content\/uploads\/2024\/09\/WhatsApp-Image-2024-09-13-at-11.02.50-AM-300x169.jpeg 300w, https:\/\/atecordoba.org\/wp-content\/uploads\/2024\/09\/WhatsApp-Image-2024-09-13-at-11.02.50-AM-1024x578.jpeg 1024w, https:\/\/atecordoba.org\/wp-content\/uploads\/2024\/09\/WhatsApp-Image-2024-09-13-at-11.02.50-AM-768x434.jpeg 768w, https:\/\/atecordoba.org\/wp-content\/uploads\/2024\/09\/WhatsApp-Image-2024-09-13-at-11.02.50-AM-1536x867.jpeg 1536w, https:\/\/atecordoba.org\/wp-content\/uploads\/2024\/09\/WhatsApp-Image-2024-09-13-at-11.02.50-AM-2048x1156.jpeg 2048w, https:\/\/atecordoba.org\/wp-content\/uploads\/2024\/09\/WhatsApp-Image-2024-09-13-at-11.02.50-AM-750x423.jpeg 750w, https:\/\/atecordoba.org\/wp-content\/uploads\/2024\/09\/WhatsApp-Image-2024-09-13-at-11.02.50-AM-1140x643.jpeg 1140w\" sizes=\"auto, (max-width: 300px) 100vw, 300px\" \/><\/a>Por su parte, **Cristian V\u00e1zquez** mencion\u00f3 la relevancia de la formaci\u00f3n continua:<br \/>\n_&#8221;Estamos aqu\u00ed desde el CDP de C\u00f3rdoba, dando continuidad al proceso de formaci\u00f3n y autoformaci\u00f3n de todos los compa\u00f1eros y compa\u00f1eras de nuestra organizaci\u00f3n sindical, pero tambi\u00e9n de todo el campo popular. Consideramos necesario estos espacios para poder discutir los problemas que aquejan actualmente a la clase trabajadora y c\u00f3mo, con organizaci\u00f3n, solidaridad y unidad, podemos superarlos.&#8221;_<\/p>\n<p>V\u00e1zquez agreg\u00f3:<br \/>\n_&#8221;Aportamos nuestro granito de arena a este debate, que hoy nos trae hasta esta hermosa provincia de C\u00f3rdoba, para seguir construyendo una organizaci\u00f3n al servicio de la clase trabajadora, para transformar todo aquello que nos duele y nos hace mal.&#8221;_<\/p>\n<p><em><strong>Este encuentro, coordinado por Gabriela Alcoba e Irina Silberman, refuerza el compromiso de ATE C\u00f3rdoba con la formaci\u00f3n y el fortalecimiento de sus delegados y delegadas, claves en la defensa de los derechos laborales en tiempos de crisis.<\/strong><\/em><\/p>\n","protected":false},"excerpt":{"rendered":"<p>Hoy, 13 de septiembre a las 10 hs., se est\u00e1 llevando a cabo en la sede de ATE C\u00f3rdoba una jornada de formaci\u00f3n pol\u00edtica destinada a nuestros delegados y delegadas de C\u00f3rdoba capital y alrededores. El encuentro, titulado &#8220;El Rol de los Delegados y del Sindicato en el Contexto Pol\u00edtico-Social Actual&#8221;, tiene como objetivo fortalecer [&hellip;]<\/p>\n","protected":false},"author":3,"featured_media":45640,"comment_status":"open","ping_status":"open","sticky":false,"template":"","format":"standard","meta":{"_exactmetrics_skip_tracking":false,"_exactmetrics_sitenote_active":false,"_exactmetrics_sitenote_note":"","_exactmetrics_sitenote_category":0,"jnews-multi-image_gallery":[],"jnews_single_post":{"format":"standard","override":[{"template":"1","parallax":"1","fullscreen":"1","layout":"no-sidebar-narrow","sidebar":"default-sidebar","second_sidebar":"default-sidebar","sticky_sidebar":"1","share_position":"bottom","share_float_style":"share-monocrhome","show_share_counter":"1","show_view_counter":"1","show_post_meta":"1","show_post_author_image":"1","show_post_date":"1","post_date_format":"default","post_date_format_custom":"Y\/m\/d","show_post_category":"1","show_post_reading_time":"0","post_reading_time_wpm":"300","post_calculate_word_method":"str_word_count","show_zoom_button":"0","zoom_button_out_step":"2","zoom_button_in_step":"3","show_post_tag":"1","number_popup_post":"1","show_post_related":"1","show_inline_post_related":"0"}],"image_override":[{"single_post_thumbnail_size":"crop-500","single_post_gallery_size":"crop-500"}],"trending_post_position":"meta","trending_post_label":"Trending","sponsored_post_label":"Sponsored by","disable_ad":"0"},"jnews_primary_category":[],"jnews_social_meta":[],"jnews_review":[],"enable_review":"","type":"percentage","name":"","summary":"","brand":"","sku":"","good":[],"bad":[],"score_override":"","override_value":"","rating":[],"price":[],"jnews_override_counter":{"view_counter_number":"0","share_counter_number":"0","like_counter_number":"0","dislike_counter_number":"0"},"jnews_post_split":{"post_split":[{"template":"1","tag":"h2","numbering":"asc","mode":"normal","first":"0","enable_toc":"0","toc_type":"normal"}]},"footnotes":""},"categories":[88],"tags":[],"class_list":["post-45631","post","type-post","status-publish","format-standard","has-post-thumbnail","hentry","category-formacion"],"jetpack_featured_media_url":"https:\/\/atecordoba.org\/wp-content\/uploads\/2024\/09\/WhatsApp-Image-2024-09-13-at-10.47.55-AM-scaled.jpeg","_links":{"self":[{"href":"https:\/\/atecordoba.org\/index.php?rest_route=\/wp\/v2\/posts\/45631","targetHints":{"allow":["GET"]}}],"collection":[{"href":"https:\/\/atecordoba.org\/index.php?rest_route=\/wp\/v2\/posts"}],"about":[{"href":"https:\/\/atecordoba.org\/index.php?rest_route=\/wp\/v2\/types\/post"}],"author":[{"embeddable":true,"href":"https:\/\/atecordoba.org\/index.php?rest_route=\/wp\/v2\/users\/3"}],"replies":[{"embeddable":true,"href":"https:\/\/atecordoba.org\/index.php?rest_route=%2Fwp%2Fv2%2Fcomments&post=45631"}],"version-history":[{"count":2,"href":"https:\/\/atecordoba.org\/index.php?rest_route=\/wp\/v2\/posts\/45631\/revisions"}],"predecessor-version":[{"id":45644,"href":"https:\/\/atecordoba.org\/index.php?rest_route=\/wp\/v2\/posts\/45631\/revisions\/45644"}],"wp:featuredmedia":[{"embeddable":true,"href":"https:\/\/atecordoba.org\/index.php?rest_route=\/wp\/v2\/media\/45640"}],"wp:attachment":[{"href":"https:\/\/atecordoba.org\/index.php?rest_route=%2Fwp%2Fv2%2Fmedia&parent=45631"}],"wp:term":[{"taxonomy":"category","embeddable":true,"href":"https:\/\/atecordoba.org\/index.php?rest_route=%2Fwp%2Fv2%2Fcategories&post=45631"},{"taxonomy":"post_tag","embeddable":true,"href":"https:\/\/atecordoba.org\/index.php?rest_route=%2Fwp%2Fv2%2Ftags&post=45631"}],"curies":[{"name":"wp","href":"https:\/\/api.w.org\/{rel}","templated":true}]}}