{"id":45609,"date":"2024-09-12T11:19:53","date_gmt":"2024-09-12T14:19:53","guid":{"rendered":"https:\/\/atecordoba.org\/?p=45609"},"modified":"2024-09-12T11:20:11","modified_gmt":"2024-09-12T14:20:11","slug":"reunion-clave-entre-ate-cordoba-y-la-superintendencia-de-riesgos-del-trabajo-avances-en-el-fortalecimiento-del-dialogo-institucional","status":"publish","type":"post","link":"https:\/\/atecordoba.org\/?p=45609","title":{"rendered":"Reuni\u00f3n clave entre ATE C\u00f3rdoba y la Superintendencia de Riesgos del Trabajo: Avances en el fortalecimiento del di\u00e1logo institucional"},"content":{"rendered":"<p><a href=\"https:\/\/atecordoba.org\/wp-content\/uploads\/2024\/09\/WhatsApp-Image-2024-09-11-at-10.33.15-PM-scaled.jpeg\"><img loading=\"lazy\" decoding=\"async\" class=\"alignnone wp-image-45610 size-large\" src=\"https:\/\/atecordoba.org\/wp-content\/uploads\/2024\/09\/WhatsApp-Image-2024-09-11-at-10.33.15-PM-1024x768.jpeg\" alt=\"\" width=\"1024\" height=\"768\" srcset=\"https:\/\/atecordoba.org\/wp-content\/uploads\/2024\/09\/WhatsApp-Image-2024-09-11-at-10.33.15-PM-1024x768.jpeg 1024w, https:\/\/atecordoba.org\/wp-content\/uploads\/2024\/09\/WhatsApp-Image-2024-09-11-at-10.33.15-PM-300x225.jpeg 300w, https:\/\/atecordoba.org\/wp-content\/uploads\/2024\/09\/WhatsApp-Image-2024-09-11-at-10.33.15-PM-768x576.jpeg 768w, https:\/\/atecordoba.org\/wp-content\/uploads\/2024\/09\/WhatsApp-Image-2024-09-11-at-10.33.15-PM-1536x1152.jpeg 1536w, https:\/\/atecordoba.org\/wp-content\/uploads\/2024\/09\/WhatsApp-Image-2024-09-11-at-10.33.15-PM-2048x1536.jpeg 2048w, https:\/\/atecordoba.org\/wp-content\/uploads\/2024\/09\/WhatsApp-Image-2024-09-11-at-10.33.15-PM-750x563.jpeg 750w, https:\/\/atecordoba.org\/wp-content\/uploads\/2024\/09\/WhatsApp-Image-2024-09-11-at-10.33.15-PM-1140x855.jpeg 1140w\" sizes=\"auto, (max-width: 1024px) 100vw, 1024px\" \/><\/a><\/p>\n<p>En el d\u00eda de ayer, 11 de septiembre, el secretario general de ATE C\u00f3rdoba, Federico Giuliani, acompa\u00f1ado por las delegadas Ivana Mart\u00ednez y Vanesa Hern\u00e1ndez de la Superintendencia de Riesgos del Trabajo (SRT), mantuvo una reuni\u00f3n clave con Juan Ottavis, enlace gremial nacional de la SRT, y el gerente general, Gabriel P\u00e9rez.<\/p>\n<p>Esta reuni\u00f3n marca un hito para ATE C\u00f3rdoba, ya que <strong>es la primera vez que se logra sentar a discutir con el enlace gremial nacional de la Superintendencia<\/strong>, lo cual representa un avance importante para fortalecer el di\u00e1logo y la resoluci\u00f3n de los problemas que afectan a las y los trabajadores de la SRT en C\u00f3rdoba.<\/p>\n<p><a href=\"https:\/\/atecordoba.org\/wp-content\/uploads\/2024\/09\/WhatsApp-Image-2024-09-11-at-10.33.16-PM-scaled.jpeg\"><img loading=\"lazy\" decoding=\"async\" class=\"size-medium wp-image-45612 alignleft\" src=\"https:\/\/atecordoba.org\/wp-content\/uploads\/2024\/09\/WhatsApp-Image-2024-09-11-at-10.33.16-PM-225x300.jpeg\" alt=\"\" width=\"225\" height=\"300\" srcset=\"https:\/\/atecordoba.org\/wp-content\/uploads\/2024\/09\/WhatsApp-Image-2024-09-11-at-10.33.16-PM-225x300.jpeg 225w, https:\/\/atecordoba.org\/wp-content\/uploads\/2024\/09\/WhatsApp-Image-2024-09-11-at-10.33.16-PM-768x1024.jpeg 768w, https:\/\/atecordoba.org\/wp-content\/uploads\/2024\/09\/WhatsApp-Image-2024-09-11-at-10.33.16-PM-1152x1536.jpeg 1152w, https:\/\/atecordoba.org\/wp-content\/uploads\/2024\/09\/WhatsApp-Image-2024-09-11-at-10.33.16-PM-1536x2048.jpeg 1536w, https:\/\/atecordoba.org\/wp-content\/uploads\/2024\/09\/WhatsApp-Image-2024-09-11-at-10.33.16-PM-750x1000.jpeg 750w, https:\/\/atecordoba.org\/wp-content\/uploads\/2024\/09\/WhatsApp-Image-2024-09-11-at-10.33.16-PM-1140x1520.jpeg 1140w, https:\/\/atecordoba.org\/wp-content\/uploads\/2024\/09\/WhatsApp-Image-2024-09-11-at-10.33.16-PM-scaled.jpeg 1920w\" sizes=\"auto, (max-width: 225px) 100vw, 225px\" \/><\/a>Federico Giuliani destac\u00f3 la importancia de este encuentro:<br \/>\n<em><strong>*&#8221;Logramos sentarnos con el enlace gremial de la Superintendencia a nivel nacional, lo que nos parece una instancia institucional fundamental. Este es un pilar para poder construir una mesa de di\u00e1logo que resuelva los problemas cotidianos de las trabajadoras y los trabajadores en la superintendencia en C\u00f3rdoba. Estamos convencidos de que este camino va a significar fortalecer las demandas que venimos trayendo hace mucho tiempo.&#8221;*<\/strong><\/em><\/p>\n<p>El encuentro fue precedido por una asamblea realizada el 10 de septiembre en la SRT C\u00f3rdoba, donde se elabor\u00f3 un petitorio que fue entregado a Ottavis. Entre los reclamos principales, se destacaron la mejora salarial y las condiciones laborales, demandas que fueron recibidas con apertura por el enlace gremial.<\/p>\n<p>Giuliani agreg\u00f3:<br \/>\n<em><strong>*&#8221;Aunque estamos en un contexto dif\u00edcil a nivel nacional, con un gobierno que ajusta y busca liquidar a los trabajadores del Estado, nos parece clave la creaci\u00f3n de una mesa laboral para discutir un convenio colectivo de trabajo en la Superintendencia, un organismo que emplea a m\u00e1s de 2.000 personas en toda Argentina.&#8221;*<\/strong><\/em><\/p>\n<p>En el encuentro, se present\u00f3 formalmente una carta dirigida a Gabriel P\u00e9rez, gerente general de la SRT, solicitando mejoras salariales y laborales, tales como:<br \/>\n<strong>&#8211; Pago de Incentivo Compensatorio (PIC) como parte del sueldo b\u00e1sico.<\/strong><br \/>\n<strong>&#8211; Reconocimiento de antig\u00fcedad con ajustes salariales.<\/strong><br \/>\n<strong>&#8211; Cobertura de vi\u00e1ticos y refrigerio.<\/strong><br \/>\n<strong>&#8211; Recategorizaciones peri\u00f3dicas y premios al est\u00edmulo.<\/strong><\/p>\n<p><a href=\"https:\/\/atecordoba.org\/wp-content\/uploads\/2024\/09\/WhatsApp-Image-2024-09-11-at-10.33.17-PM-scaled.jpeg\"><img loading=\"lazy\" decoding=\"async\" class=\"size-medium wp-image-45611 alignleft\" src=\"https:\/\/atecordoba.org\/wp-content\/uploads\/2024\/09\/WhatsApp-Image-2024-09-11-at-10.33.17-PM-225x300.jpeg\" alt=\"\" width=\"225\" height=\"300\" srcset=\"https:\/\/atecordoba.org\/wp-content\/uploads\/2024\/09\/WhatsApp-Image-2024-09-11-at-10.33.17-PM-225x300.jpeg 225w, https:\/\/atecordoba.org\/wp-content\/uploads\/2024\/09\/WhatsApp-Image-2024-09-11-at-10.33.17-PM-768x1024.jpeg 768w, https:\/\/atecordoba.org\/wp-content\/uploads\/2024\/09\/WhatsApp-Image-2024-09-11-at-10.33.17-PM-1152x1536.jpeg 1152w, https:\/\/atecordoba.org\/wp-content\/uploads\/2024\/09\/WhatsApp-Image-2024-09-11-at-10.33.17-PM-1536x2048.jpeg 1536w, https:\/\/atecordoba.org\/wp-content\/uploads\/2024\/09\/WhatsApp-Image-2024-09-11-at-10.33.17-PM-750x1000.jpeg 750w, https:\/\/atecordoba.org\/wp-content\/uploads\/2024\/09\/WhatsApp-Image-2024-09-11-at-10.33.17-PM-1140x1520.jpeg 1140w, https:\/\/atecordoba.org\/wp-content\/uploads\/2024\/09\/WhatsApp-Image-2024-09-11-at-10.33.17-PM-scaled.jpeg 1920w\" sizes=\"auto, (max-width: 225px) 100vw, 225px\" \/><\/a><\/p>\n<p>ATE tambi\u00e9n solicit\u00f3 iniciar el trabajo conjunto para la implementaci\u00f3n de un convenio colectivo sectorial de trabajo que regule las relaciones laborales en la SRT, asegurando condiciones justas y equitativas.<\/p>\n<p>Este avance representa un paso importante en la lucha por los derechos laborales de las y los trabajadores de la SRT, quienes contin\u00faan organiz\u00e1ndose para mejorar sus condiciones laborales y econ\u00f3micas en un contexto complejo a nivel nacional.<\/p>\n<p><strong>**ATE C\u00f3rdoba seguir\u00e1 trabajando para fortalecer este di\u00e1logo y defender los derechos de todas y todos sus afiliados.**<\/strong><\/p>\n","protected":false},"excerpt":{"rendered":"<p>En el d\u00eda de ayer, 11 de septiembre, el secretario general de ATE C\u00f3rdoba, Federico Giuliani, acompa\u00f1ado por las delegadas Ivana Mart\u00ednez y Vanesa Hern\u00e1ndez de la Superintendencia de Riesgos del Trabajo (SRT), mantuvo una reuni\u00f3n clave con Juan Ottavis, enlace gremial nacional de la SRT, y el gerente general, Gabriel P\u00e9rez. Esta reuni\u00f3n marca [&hellip;]<\/p>\n","protected":false},"author":3,"featured_media":45610,"comment_status":"open","ping_status":"open","sticky":false,"template":"","format":"standard","meta":{"_exactmetrics_skip_tracking":false,"_exactmetrics_sitenote_active":false,"_exactmetrics_sitenote_note":"","_exactmetrics_sitenote_category":0,"jnews-multi-image_gallery":[],"jnews_single_post":{"format":"standard","override":[{"template":"1","parallax":"1","fullscreen":"1","layout":"no-sidebar-narrow","sidebar":"default-sidebar","second_sidebar":"default-sidebar","sticky_sidebar":"1","share_position":"bottom","share_float_style":"share-monocrhome","show_share_counter":"1","show_view_counter":"1","show_post_meta":"1","show_post_author_image":"1","show_post_date":"1","post_date_format":"default","post_date_format_custom":"Y\/m\/d","show_post_category":"1","show_post_reading_time":"0","post_reading_time_wpm":"300","post_calculate_word_method":"str_word_count","show_zoom_button":"0","zoom_button_out_step":"2","zoom_button_in_step":"3","show_post_tag":"1","number_popup_post":"1","show_post_related":"1","show_inline_post_related":"0"}],"image_override":[{"single_post_thumbnail_size":"crop-500","single_post_gallery_size":"crop-500"}],"trending_post_position":"meta","trending_post_label":"Trending","sponsored_post_label":"Sponsored by","disable_ad":"0"},"jnews_primary_category":[],"jnews_social_meta":[],"jnews_review":[],"enable_review":"","type":"percentage","name":"","summary":"","brand":"","sku":"","good":[],"bad":[],"score_override":"","override_value":"","rating":[],"price":[],"jnews_override_counter":{"view_counter_number":"0","share_counter_number":"0","like_counter_number":"0","dislike_counter_number":"0"},"jnews_post_split":{"post_split":[{"template":"1","tag":"h2","numbering":"asc","mode":"normal","first":"0","enable_toc":"0","toc_type":"normal"}]},"footnotes":""},"categories":[18],"tags":[],"class_list":["post-45609","post","type-post","status-publish","format-standard","has-post-thumbnail","hentry","category-nacionales"],"jetpack_featured_media_url":"https:\/\/atecordoba.org\/wp-content\/uploads\/2024\/09\/WhatsApp-Image-2024-09-11-at-10.33.15-PM-scaled.jpeg","_links":{"self":[{"href":"https:\/\/atecordoba.org\/index.php?rest_route=\/wp\/v2\/posts\/45609","targetHints":{"allow":["GET"]}}],"collection":[{"href":"https:\/\/atecordoba.org\/index.php?rest_route=\/wp\/v2\/posts"}],"about":[{"href":"https:\/\/atecordoba.org\/index.php?rest_route=\/wp\/v2\/types\/post"}],"author":[{"embeddable":true,"href":"https:\/\/atecordoba.org\/index.php?rest_route=\/wp\/v2\/users\/3"}],"replies":[{"embeddable":true,"href":"https:\/\/atecordoba.org\/index.php?rest_route=%2Fwp%2Fv2%2Fcomments&post=45609"}],"version-history":[{"count":2,"href":"https:\/\/atecordoba.org\/index.php?rest_route=\/wp\/v2\/posts\/45609\/revisions"}],"predecessor-version":[{"id":45614,"href":"https:\/\/atecordoba.org\/index.php?rest_route=\/wp\/v2\/posts\/45609\/revisions\/45614"}],"wp:featuredmedia":[{"embeddable":true,"href":"https:\/\/atecordoba.org\/index.php?rest_route=\/wp\/v2\/media\/45610"}],"wp:attachment":[{"href":"https:\/\/atecordoba.org\/index.php?rest_route=%2Fwp%2Fv2%2Fmedia&parent=45609"}],"wp:term":[{"taxonomy":"category","embeddable":true,"href":"https:\/\/atecordoba.org\/index.php?rest_route=%2Fwp%2Fv2%2Fcategories&post=45609"},{"taxonomy":"post_tag","embeddable":true,"href":"https:\/\/atecordoba.org\/index.php?rest_route=%2Fwp%2Fv2%2Ftags&post=45609"}],"curies":[{"name":"wp","href":"https:\/\/api.w.org\/{rel}","templated":true}]}}