{"id":45603,"date":"2024-09-12T10:41:59","date_gmt":"2024-09-12T13:41:59","guid":{"rendered":"https:\/\/atecordoba.org\/?p=45603"},"modified":"2024-09-12T10:43:37","modified_gmt":"2024-09-12T13:43:37","slug":"informe-de-ate-cta-autonoma-y-clate-salarios-estatales-que-van-de-la-licuadora-al-freezer","status":"publish","type":"post","link":"https:\/\/atecordoba.org\/?p=45603","title":{"rendered":"Informe de ATE, CTA Aut\u00f3noma y CLATE: Salarios estatales que van de la Licuadora al Freezer"},"content":{"rendered":"<p><a href=\"https:\/\/atecordoba.org\/wp-content\/uploads\/2024\/09\/Cba-1.webp\"><img loading=\"lazy\" decoding=\"async\" class=\"alignnone wp-image-45607 size-full\" src=\"https:\/\/atecordoba.org\/wp-content\/uploads\/2024\/09\/Cba-1.webp\" alt=\"\" width=\"723\" height=\"542\" srcset=\"https:\/\/atecordoba.org\/wp-content\/uploads\/2024\/09\/Cba-1.webp 723w, https:\/\/atecordoba.org\/wp-content\/uploads\/2024\/09\/Cba-1-300x225.webp 300w\" sizes=\"auto, (max-width: 723px) 100vw, 723px\" \/><\/a><\/p>\n<p>El informe de ATE, CTA Aut\u00f3noma y CLATE de Septiembre del 2024 nos muestra el contexto de una econom\u00eda marcada por una alta inflaci\u00f3n y la p\u00e9rdida continua de poder adquisitivo, ATE, la CTA Aut\u00f3noma y CLATE han publicado un informe que evidencia la alarmante situaci\u00f3n de los salarios estatales nacionales. Esta tarde, el INDEC confirm\u00f3 que la inflaci\u00f3n del mes de agosto fue del 4,2%, lo que significa un acumulado del 144,4% desde la asunci\u00f3n del presidente Javier Milei en diciembre pasado. Este aumento contrasta con el incremento salarial de los estatales nacionales, que tan solo alcanz\u00f3 el 77,9%, lo que se traduce en una p\u00e9rdida del 27,2% del poder adquisitivo hasta agosto.<\/p>\n<h3>Perspectivas para octubre: mayor ca\u00edda del poder adquisitivo<\/h3>\n<p>El panorama a futuro no es alentador. Seg\u00fan el Relevamiento de Expectativas de Mercado (REM) del Banco Central de la Rep\u00fablica Argentina (BCRA), las proyecciones de inflaci\u00f3n para los pr\u00f3ximos meses indican que, a pesar de la reciente actualizaci\u00f3n paritaria, el poder de compra de los trabajadores estatales podr\u00eda experimentar una p\u00e9rdida acumulada del 30,3% para octubre de 2024. Este pron\u00f3stico se asienta sobre el hecho de que el gobierno nacional ya ha dejado entrever que este ser\u00e1 el \u00faltimo aumento salarial del a\u00f1o.<\/p>\n<h3>El impacto en las familias: por debajo de la l\u00ednea de pobreza e indigencia<\/h3>\n<p>El informe tambi\u00e9n pone de manifiesto el deterioro del poder adquisitivo en relaci\u00f3n con la Canasta B\u00e1sica Total (CBT) y la Canasta B\u00e1sica Alimentaria (CBA) para una familia tipo de cuatro integrantes en agosto de 2024. Los valores alcanzaron los $939.887 y $421.474 respectivamente. En contraste, la remuneraci\u00f3n bruta de una categor\u00eda media del CCTS SINEP (el sectorial m\u00e1s grande de la Administraci\u00f3n P\u00fablica Nacional) para la categor\u00eda C5 con t\u00edtulo secundario se ubic\u00f3 en $856.980,72, situ\u00e1ndose por debajo de la l\u00ednea de la pobreza. A\u00fan m\u00e1s alarmante, el salario bruto inicial para una F0 con t\u00edtulo secundario fue de $409.640,40, cifra que queda por debajo de la l\u00ednea de indigencia.<\/p>\n<h3>Gr\u00e1ficos que ilustran la crisis<\/h3>\n<p>El informe tambi\u00e9n incluye dos gr\u00e1ficos que permiten visualizar la magnitud de esta crisis:<\/p>\n<p><strong>1. Ca\u00edda del salario real en la Administraci\u00f3n P\u00fablica Nacional<\/strong>: Este gr\u00e1fico muestra c\u00f3mo los salarios han perdido terreno frente a la inflaci\u00f3n.<\/p>\n<p><a href=\"https:\/\/atecordoba.org\/wp-content\/uploads\/2024\/09\/WhatsApp-Image-2024-09-12-at-10.30.06-AM.jpeg\"><img loading=\"lazy\" decoding=\"async\" class=\"alignnone size-medium wp-image-45605\" src=\"https:\/\/atecordoba.org\/wp-content\/uploads\/2024\/09\/WhatsApp-Image-2024-09-12-at-10.30.06-AM-300x263.jpeg\" alt=\"\" width=\"300\" height=\"263\" srcset=\"https:\/\/atecordoba.org\/wp-content\/uploads\/2024\/09\/WhatsApp-Image-2024-09-12-at-10.30.06-AM-300x263.jpeg 300w, https:\/\/atecordoba.org\/wp-content\/uploads\/2024\/09\/WhatsApp-Image-2024-09-12-at-10.30.06-AM-768x673.jpeg 768w, https:\/\/atecordoba.org\/wp-content\/uploads\/2024\/09\/WhatsApp-Image-2024-09-12-at-10.30.06-AM-750x657.jpeg 750w, https:\/\/atecordoba.org\/wp-content\/uploads\/2024\/09\/WhatsApp-Image-2024-09-12-at-10.30.06-AM.jpeg 986w\" sizes=\"auto, (max-width: 300px) 100vw, 300px\" \/><\/a><\/p>\n<p><strong>2. Inflaci\u00f3n vs Paritarias CCTG 214\/06<\/strong>: Aqu\u00ed se puede observar la divergencia entre el crecimiento de los precios y los aumentos salariales, reflejando la creciente precariedad de los ingresos de los trabajadores estatales.<\/p>\n<p><a href=\"https:\/\/atecordoba.org\/wp-content\/uploads\/2024\/09\/WhatsApp-Image-2024-09-12-at-10.29.44-AM.jpeg\"><img loading=\"lazy\" decoding=\"async\" class=\"alignnone size-medium wp-image-45604\" src=\"https:\/\/atecordoba.org\/wp-content\/uploads\/2024\/09\/WhatsApp-Image-2024-09-12-at-10.29.44-AM-300x266.jpeg\" alt=\"\" width=\"300\" height=\"266\" srcset=\"https:\/\/atecordoba.org\/wp-content\/uploads\/2024\/09\/WhatsApp-Image-2024-09-12-at-10.29.44-AM-300x266.jpeg 300w, https:\/\/atecordoba.org\/wp-content\/uploads\/2024\/09\/WhatsApp-Image-2024-09-12-at-10.29.44-AM-768x682.jpeg 768w, https:\/\/atecordoba.org\/wp-content\/uploads\/2024\/09\/WhatsApp-Image-2024-09-12-at-10.29.44-AM-750x666.jpeg 750w, https:\/\/atecordoba.org\/wp-content\/uploads\/2024\/09\/WhatsApp-Image-2024-09-12-at-10.29.44-AM.jpeg 973w\" sizes=\"auto, (max-width: 300px) 100vw, 300px\" \/><\/a><\/p>\n<p>Esta situaci\u00f3n evidencia la necesidad urgente de revisar las pol\u00edticas salariales y la estrategia econ\u00f3mica del gobierno para evitar que los salarios contin\u00faen cayendo por debajo de los niveles m\u00ednimos de subsistencia. Desde ATE, CTA Aut\u00f3noma y CLATE, seguimos trabajando para que los derechos de las y los trabajadores estatales sean respetados y sus salarios reflejen las verdaderas necesidades econ\u00f3micas de sus familias.<\/p>\n<p>MIR\u00c1 EL INFORME COMPLETO AQU\u00cd:<\/p>\n<a href=\"https:\/\/atecordoba.org\/wp-content\/uploads\/2024\/09\/Informe-LICUADORa-Y-FREEZER-PARA-LOS-SALARIOS-ESTATALES.pdf\" class=\"pdfemb-viewer\" style=\"\" data-width=\"max\" data-height=\"max\" data-toolbar=\"bottom\" data-toolbar-fixed=\"off\">Informe LICUADORa Y FREEZER PARA LOS SALARIOS ESTATALES<\/a>\n","protected":false},"excerpt":{"rendered":"<p>El informe de ATE, CTA Aut\u00f3noma y CLATE de Septiembre del 2024 nos muestra el contexto de una econom\u00eda marcada por una alta inflaci\u00f3n y la p\u00e9rdida continua de poder adquisitivo, ATE, la CTA Aut\u00f3noma y CLATE han publicado un informe que evidencia la alarmante situaci\u00f3n de los salarios estatales nacionales. Esta tarde, el INDEC [&hellip;]<\/p>\n","protected":false},"author":3,"featured_media":45607,"comment_status":"open","ping_status":"open","sticky":false,"template":"","format":"standard","meta":{"_exactmetrics_skip_tracking":false,"_exactmetrics_sitenote_active":false,"_exactmetrics_sitenote_note":"","_exactmetrics_sitenote_category":0,"jnews-multi-image_gallery":[],"jnews_single_post":{"format":"standard","override":[{"template":"1","parallax":"1","fullscreen":"1","layout":"no-sidebar-narrow","sidebar":"default-sidebar","second_sidebar":"default-sidebar","sticky_sidebar":"1","share_position":"bottom","share_float_style":"share-monocrhome","show_share_counter":"1","show_view_counter":"1","show_post_meta":"1","show_post_author_image":"1","show_post_date":"1","post_date_format":"default","post_date_format_custom":"Y\/m\/d","show_post_category":"1","show_post_reading_time":"0","post_reading_time_wpm":"300","post_calculate_word_method":"str_word_count","show_zoom_button":"0","zoom_button_out_step":"2","zoom_button_in_step":"3","show_post_tag":"1","number_popup_post":"1","show_post_related":"1","show_inline_post_related":"0"}],"image_override":[{"single_post_thumbnail_size":"crop-500","single_post_gallery_size":"crop-500"}],"trending_post_position":"meta","trending_post_label":"Trending","sponsored_post_label":"Sponsored by","disable_ad":"0"},"jnews_primary_category":[],"jnews_social_meta":[],"jnews_review":[],"enable_review":"","type":"percentage","name":"","summary":"","brand":"","sku":"","good":[],"bad":[],"score_override":"","override_value":"","rating":[],"price":[],"jnews_override_counter":{"view_counter_number":"0","share_counter_number":"0","like_counter_number":"0","dislike_counter_number":"0"},"jnews_post_split":{"post_split":[{"template":"1","tag":"h2","numbering":"asc","mode":"normal","first":"0","enable_toc":"0","toc_type":"normal"}]},"footnotes":""},"categories":[10,401,125],"tags":[837],"class_list":["post-45603","post","type-post","status-publish","format-standard","has-post-thumbnail","hentry","category-accion-politica","category-documentacion","category-indec","tag-indec"],"jetpack_featured_media_url":"https:\/\/atecordoba.org\/wp-content\/uploads\/2024\/09\/Cba-1.webp","_links":{"self":[{"href":"https:\/\/atecordoba.org\/index.php?rest_route=\/wp\/v2\/posts\/45603","targetHints":{"allow":["GET"]}}],"collection":[{"href":"https:\/\/atecordoba.org\/index.php?rest_route=\/wp\/v2\/posts"}],"about":[{"href":"https:\/\/atecordoba.org\/index.php?rest_route=\/wp\/v2\/types\/post"}],"author":[{"embeddable":true,"href":"https:\/\/atecordoba.org\/index.php?rest_route=\/wp\/v2\/users\/3"}],"replies":[{"embeddable":true,"href":"https:\/\/atecordoba.org\/index.php?rest_route=%2Fwp%2Fv2%2Fcomments&post=45603"}],"version-history":[{"count":1,"href":"https:\/\/atecordoba.org\/index.php?rest_route=\/wp\/v2\/posts\/45603\/revisions"}],"predecessor-version":[{"id":45608,"href":"https:\/\/atecordoba.org\/index.php?rest_route=\/wp\/v2\/posts\/45603\/revisions\/45608"}],"wp:featuredmedia":[{"embeddable":true,"href":"https:\/\/atecordoba.org\/index.php?rest_route=\/wp\/v2\/media\/45607"}],"wp:attachment":[{"href":"https:\/\/atecordoba.org\/index.php?rest_route=%2Fwp%2Fv2%2Fmedia&parent=45603"}],"wp:term":[{"taxonomy":"category","embeddable":true,"href":"https:\/\/atecordoba.org\/index.php?rest_route=%2Fwp%2Fv2%2Fcategories&post=45603"},{"taxonomy":"post_tag","embeddable":true,"href":"https:\/\/atecordoba.org\/index.php?rest_route=%2Fwp%2Fv2%2Ftags&post=45603"}],"curies":[{"name":"wp","href":"https:\/\/api.w.org\/{rel}","templated":true}]}}