{"id":45586,"date":"2024-09-11T14:15:52","date_gmt":"2024-09-11T17:15:52","guid":{"rendered":"https:\/\/atecordoba.org\/?p=45586"},"modified":"2024-09-11T14:24:11","modified_gmt":"2024-09-11T17:24:11","slug":"ate-cordoba-se-manifesto-contra-el-veto-presidencial-a-la-ley-de-movilidad-jubilatoria","status":"publish","type":"post","link":"https:\/\/atecordoba.org\/?p=45586","title":{"rendered":"ATE C\u00f3rdoba se manifest\u00f3 contra el veto presidencial a la Ley de Movilidad Jubilatoria"},"content":{"rendered":"<p><a href=\"https:\/\/atecordoba.org\/wp-content\/uploads\/2024\/09\/Diseno-sin-titulo-4.png\"><img loading=\"lazy\" decoding=\"async\" class=\"alignnone wp-image-45599 size-full\" src=\"https:\/\/atecordoba.org\/wp-content\/uploads\/2024\/09\/Diseno-sin-titulo-4.png\" alt=\"\" width=\"800\" height=\"452\" srcset=\"https:\/\/atecordoba.org\/wp-content\/uploads\/2024\/09\/Diseno-sin-titulo-4.png 800w, https:\/\/atecordoba.org\/wp-content\/uploads\/2024\/09\/Diseno-sin-titulo-4-300x170.png 300w, https:\/\/atecordoba.org\/wp-content\/uploads\/2024\/09\/Diseno-sin-titulo-4-768x434.png 768w, https:\/\/atecordoba.org\/wp-content\/uploads\/2024\/09\/Diseno-sin-titulo-4-750x424.png 750w\" sizes=\"auto, (max-width: 800px) 100vw, 800px\" \/><\/a><\/p>\n<p>Hoy, a las 11:00 hs, <strong>ATE C\u00f3rdoba se uni\u00f3 a la movilizaci\u00f3n en rechazo al veto presidencial a la Ley de Movilidad Jubilatoria.<\/strong> La manifestaci\u00f3n se realiz\u00f3 en la intersecci\u00f3n de Col\u00f3n y General Paz, en conjunto con la CGT Regional, la CGT C\u00f3rdoba, la CTA de los Trabajadores, la CTA Aut\u00f3noma y diversas organizaciones sociales y de derechos humanos.<\/p>\n<p><a href=\"https:\/\/atecordoba.org\/wp-content\/uploads\/2024\/09\/WhatsApp-Image-2024-09-11-at-11.49.33-AM-1-scaled.jpeg\"><img loading=\"lazy\" decoding=\"async\" class=\"alignleft wp-image-45588 size-medium\" src=\"https:\/\/atecordoba.org\/wp-content\/uploads\/2024\/09\/WhatsApp-Image-2024-09-11-at-11.49.33-AM-1-300x169.jpeg\" alt=\"\" width=\"300\" height=\"169\" srcset=\"https:\/\/atecordoba.org\/wp-content\/uploads\/2024\/09\/WhatsApp-Image-2024-09-11-at-11.49.33-AM-1-300x169.jpeg 300w, https:\/\/atecordoba.org\/wp-content\/uploads\/2024\/09\/WhatsApp-Image-2024-09-11-at-11.49.33-AM-1-1024x578.jpeg 1024w, https:\/\/atecordoba.org\/wp-content\/uploads\/2024\/09\/WhatsApp-Image-2024-09-11-at-11.49.33-AM-1-768x434.jpeg 768w, https:\/\/atecordoba.org\/wp-content\/uploads\/2024\/09\/WhatsApp-Image-2024-09-11-at-11.49.33-AM-1-1536x867.jpeg 1536w, https:\/\/atecordoba.org\/wp-content\/uploads\/2024\/09\/WhatsApp-Image-2024-09-11-at-11.49.33-AM-1-2048x1156.jpeg 2048w, https:\/\/atecordoba.org\/wp-content\/uploads\/2024\/09\/WhatsApp-Image-2024-09-11-at-11.49.33-AM-1-750x423.jpeg 750w, https:\/\/atecordoba.org\/wp-content\/uploads\/2024\/09\/WhatsApp-Image-2024-09-11-at-11.49.33-AM-1-1140x644.jpeg 1140w\" sizes=\"auto, (max-width: 300px) 100vw, 300px\" \/><\/a><strong>**Declaraciones de nuestra delegada Irina Silberman:**<\/strong><br \/>\n&#8220;Nos encontramos acompa\u00f1ando la ronda de los jubilados de todos los mi\u00e9rcoles, sum\u00e1ndonos a la convocatoria para manifestarnos contra el veto presidencial. Estamos aqu\u00ed en contra de un gobierno neofascista que nos viene gobernando a trav\u00e9s de un DNU que solo beneficia a las grandes empresas en detrimento de los trabajadores, tanto pasivos como activos.&#8221;<\/p>\n<p>Silberman destac\u00f3 la importancia de la unidad en las calles: &#8220;Necesitamos construir un plan de lucha desde abajo, que tire abajo este DNU y este gobierno que intenta adoctrinarnos mediante la represi\u00f3n, no solo f\u00edsica, sino tambi\u00e9n a trav\u00e9s de nuestros salarios. Convocamos a la verdadera unidad del pueblo; es momento de salir a las calles y seguir presentes para defender la soberan\u00eda nacional y los derechos de todos los trabajadores.&#8221;<\/p>\n<p><a href=\"https:\/\/atecordoba.org\/wp-content\/uploads\/2024\/09\/WhatsApp-Image-2024-09-11-at-1.22.02-PM-2.jpeg\"><img loading=\"lazy\" decoding=\"async\" class=\"size-medium wp-image-45596 alignleft\" src=\"https:\/\/atecordoba.org\/wp-content\/uploads\/2024\/09\/WhatsApp-Image-2024-09-11-at-1.22.02-PM-2-300x169.jpeg\" alt=\"\" width=\"300\" height=\"169\" srcset=\"https:\/\/atecordoba.org\/wp-content\/uploads\/2024\/09\/WhatsApp-Image-2024-09-11-at-1.22.02-PM-2-300x169.jpeg 300w, https:\/\/atecordoba.org\/wp-content\/uploads\/2024\/09\/WhatsApp-Image-2024-09-11-at-1.22.02-PM-2-1024x578.jpeg 1024w, https:\/\/atecordoba.org\/wp-content\/uploads\/2024\/09\/WhatsApp-Image-2024-09-11-at-1.22.02-PM-2-768x434.jpeg 768w, https:\/\/atecordoba.org\/wp-content\/uploads\/2024\/09\/WhatsApp-Image-2024-09-11-at-1.22.02-PM-2-1536x867.jpeg 1536w, https:\/\/atecordoba.org\/wp-content\/uploads\/2024\/09\/WhatsApp-Image-2024-09-11-at-1.22.02-PM-2-2048x1156.jpeg 2048w, https:\/\/atecordoba.org\/wp-content\/uploads\/2024\/09\/WhatsApp-Image-2024-09-11-at-1.22.02-PM-2-750x423.jpeg 750w, https:\/\/atecordoba.org\/wp-content\/uploads\/2024\/09\/WhatsApp-Image-2024-09-11-at-1.22.02-PM-2-1140x643.jpeg 1140w\" sizes=\"auto, (max-width: 300px) 100vw, 300px\" \/><\/a><\/p>\n<p><strong>**Contexto de la movilizaci\u00f3n:**<\/strong><br \/>\nEste mi\u00e9rcoles, las centrales obreras de C\u00f3rdoba marcharon bajo el lema <strong>\u00abPor nuestras jubiladas y jubilados\u00bb<\/strong>, en protesta por el veto del presidente Javier Milei a la Ley de Movilidad Jubilatoria, que hab\u00eda sido aprobada por ambas c\u00e1maras del Congreso. La marcha tambi\u00e9n se realiz\u00f3 en repudio a la represi\u00f3n que enfrentaron manifestantes en Buenos Aires la semana pasada.<\/p>\n<p>Jubilados y pensionados de C\u00f3rdoba, que suelen concentrarse los mi\u00e9rcoles en la Plaza San Mart\u00edn para visibilizar sus reclamos, se unieron a la movilizaci\u00f3n para expresar su desacuerdo con el veto presidencial. La ley vetada buscaba mejorar las pensiones, pero ha generado rechazo del oficialismo. El Congreso debatir\u00e1 la posibilidad de aprobar o rechazar el veto en los pr\u00f3ximos d\u00edas.<\/p>\n<p><a href=\"https:\/\/atecordoba.org\/wp-content\/uploads\/2024\/09\/WhatsApp-Image-2024-09-11-at-11.57.10-AM-scaled.jpeg\"><img loading=\"lazy\" decoding=\"async\" class=\"alignnone size-medium wp-image-45594\" src=\"https:\/\/atecordoba.org\/wp-content\/uploads\/2024\/09\/WhatsApp-Image-2024-09-11-at-11.57.10-AM-300x169.jpeg\" alt=\"\" width=\"300\" height=\"169\" srcset=\"https:\/\/atecordoba.org\/wp-content\/uploads\/2024\/09\/WhatsApp-Image-2024-09-11-at-11.57.10-AM-300x169.jpeg 300w, https:\/\/atecordoba.org\/wp-content\/uploads\/2024\/09\/WhatsApp-Image-2024-09-11-at-11.57.10-AM-1024x578.jpeg 1024w, https:\/\/atecordoba.org\/wp-content\/uploads\/2024\/09\/WhatsApp-Image-2024-09-11-at-11.57.10-AM-768x434.jpeg 768w, https:\/\/atecordoba.org\/wp-content\/uploads\/2024\/09\/WhatsApp-Image-2024-09-11-at-11.57.10-AM-1536x867.jpeg 1536w, https:\/\/atecordoba.org\/wp-content\/uploads\/2024\/09\/WhatsApp-Image-2024-09-11-at-11.57.10-AM-2048x1156.jpeg 2048w, https:\/\/atecordoba.org\/wp-content\/uploads\/2024\/09\/WhatsApp-Image-2024-09-11-at-11.57.10-AM-750x423.jpeg 750w, https:\/\/atecordoba.org\/wp-content\/uploads\/2024\/09\/WhatsApp-Image-2024-09-11-at-11.57.10-AM-1140x644.jpeg 1140w\" sizes=\"auto, (max-width: 300px) 100vw, 300px\" \/><\/a><a href=\"https:\/\/atecordoba.org\/wp-content\/uploads\/2024\/09\/WhatsApp-Image-2024-09-11-at-1.22.02-PM-3.jpeg\"><img loading=\"lazy\" decoding=\"async\" class=\"alignnone size-medium wp-image-45595\" src=\"https:\/\/atecordoba.org\/wp-content\/uploads\/2024\/09\/WhatsApp-Image-2024-09-11-at-1.22.02-PM-3-300x169.jpeg\" alt=\"\" width=\"300\" height=\"169\" srcset=\"https:\/\/atecordoba.org\/wp-content\/uploads\/2024\/09\/WhatsApp-Image-2024-09-11-at-1.22.02-PM-3-300x169.jpeg 300w, https:\/\/atecordoba.org\/wp-content\/uploads\/2024\/09\/WhatsApp-Image-2024-09-11-at-1.22.02-PM-3-1024x578.jpeg 1024w, https:\/\/atecordoba.org\/wp-content\/uploads\/2024\/09\/WhatsApp-Image-2024-09-11-at-1.22.02-PM-3-768x434.jpeg 768w, https:\/\/atecordoba.org\/wp-content\/uploads\/2024\/09\/WhatsApp-Image-2024-09-11-at-1.22.02-PM-3-1536x867.jpeg 1536w, https:\/\/atecordoba.org\/wp-content\/uploads\/2024\/09\/WhatsApp-Image-2024-09-11-at-1.22.02-PM-3-2048x1156.jpeg 2048w, https:\/\/atecordoba.org\/wp-content\/uploads\/2024\/09\/WhatsApp-Image-2024-09-11-at-1.22.02-PM-3-750x423.jpeg 750w, https:\/\/atecordoba.org\/wp-content\/uploads\/2024\/09\/WhatsApp-Image-2024-09-11-at-1.22.02-PM-3-1140x643.jpeg 1140w\" sizes=\"auto, (max-width: 300px) 100vw, 300px\" \/><\/a><a href=\"https:\/\/atecordoba.org\/wp-content\/uploads\/2024\/09\/WhatsApp-Image-2024-09-11-at-11.49.29-AM-scaled.jpeg\"><img loading=\"lazy\" decoding=\"async\" class=\"alignnone size-medium wp-image-45593\" src=\"https:\/\/atecordoba.org\/wp-content\/uploads\/2024\/09\/WhatsApp-Image-2024-09-11-at-11.49.29-AM-300x169.jpeg\" alt=\"\" width=\"300\" height=\"169\" srcset=\"https:\/\/atecordoba.org\/wp-content\/uploads\/2024\/09\/WhatsApp-Image-2024-09-11-at-11.49.29-AM-300x169.jpeg 300w, https:\/\/atecordoba.org\/wp-content\/uploads\/2024\/09\/WhatsApp-Image-2024-09-11-at-11.49.29-AM-1024x578.jpeg 1024w, https:\/\/atecordoba.org\/wp-content\/uploads\/2024\/09\/WhatsApp-Image-2024-09-11-at-11.49.29-AM-768x434.jpeg 768w, https:\/\/atecordoba.org\/wp-content\/uploads\/2024\/09\/WhatsApp-Image-2024-09-11-at-11.49.29-AM-1536x867.jpeg 1536w, https:\/\/atecordoba.org\/wp-content\/uploads\/2024\/09\/WhatsApp-Image-2024-09-11-at-11.49.29-AM-2048x1156.jpeg 2048w, https:\/\/atecordoba.org\/wp-content\/uploads\/2024\/09\/WhatsApp-Image-2024-09-11-at-11.49.29-AM-750x423.jpeg 750w, https:\/\/atecordoba.org\/wp-content\/uploads\/2024\/09\/WhatsApp-Image-2024-09-11-at-11.49.29-AM-1140x644.jpeg 1140w\" sizes=\"auto, (max-width: 300px) 100vw, 300px\" \/><\/a><a href=\"https:\/\/atecordoba.org\/wp-content\/uploads\/2024\/09\/WhatsApp-Image-2024-09-11-at-11.49.33-AM-scaled.jpeg\"><img loading=\"lazy\" decoding=\"async\" class=\"alignnone size-medium wp-image-45589\" src=\"https:\/\/atecordoba.org\/wp-content\/uploads\/2024\/09\/WhatsApp-Image-2024-09-11-at-11.49.33-AM-300x169.jpeg\" alt=\"\" width=\"300\" height=\"169\" srcset=\"https:\/\/atecordoba.org\/wp-content\/uploads\/2024\/09\/WhatsApp-Image-2024-09-11-at-11.49.33-AM-300x169.jpeg 300w, https:\/\/atecordoba.org\/wp-content\/uploads\/2024\/09\/WhatsApp-Image-2024-09-11-at-11.49.33-AM-1024x578.jpeg 1024w, https:\/\/atecordoba.org\/wp-content\/uploads\/2024\/09\/WhatsApp-Image-2024-09-11-at-11.49.33-AM-768x434.jpeg 768w, https:\/\/atecordoba.org\/wp-content\/uploads\/2024\/09\/WhatsApp-Image-2024-09-11-at-11.49.33-AM-1536x867.jpeg 1536w, https:\/\/atecordoba.org\/wp-content\/uploads\/2024\/09\/WhatsApp-Image-2024-09-11-at-11.49.33-AM-2048x1156.jpeg 2048w, https:\/\/atecordoba.org\/wp-content\/uploads\/2024\/09\/WhatsApp-Image-2024-09-11-at-11.49.33-AM-750x423.jpeg 750w, https:\/\/atecordoba.org\/wp-content\/uploads\/2024\/09\/WhatsApp-Image-2024-09-11-at-11.49.33-AM-1140x644.jpeg 1140w\" sizes=\"auto, (max-width: 300px) 100vw, 300px\" \/><\/a><a href=\"https:\/\/atecordoba.org\/wp-content\/uploads\/2024\/09\/WhatsApp-Image-2024-09-11-at-11.49.34-AM-scaled.jpeg\"><img loading=\"lazy\" decoding=\"async\" class=\"alignnone size-medium wp-image-45587\" src=\"https:\/\/atecordoba.org\/wp-content\/uploads\/2024\/09\/WhatsApp-Image-2024-09-11-at-11.49.34-AM-300x169.jpeg\" alt=\"\" width=\"300\" height=\"169\" srcset=\"https:\/\/atecordoba.org\/wp-content\/uploads\/2024\/09\/WhatsApp-Image-2024-09-11-at-11.49.34-AM-300x169.jpeg 300w, https:\/\/atecordoba.org\/wp-content\/uploads\/2024\/09\/WhatsApp-Image-2024-09-11-at-11.49.34-AM-1024x578.jpeg 1024w, https:\/\/atecordoba.org\/wp-content\/uploads\/2024\/09\/WhatsApp-Image-2024-09-11-at-11.49.34-AM-768x434.jpeg 768w, https:\/\/atecordoba.org\/wp-content\/uploads\/2024\/09\/WhatsApp-Image-2024-09-11-at-11.49.34-AM-1536x867.jpeg 1536w, https:\/\/atecordoba.org\/wp-content\/uploads\/2024\/09\/WhatsApp-Image-2024-09-11-at-11.49.34-AM-2048x1156.jpeg 2048w, https:\/\/atecordoba.org\/wp-content\/uploads\/2024\/09\/WhatsApp-Image-2024-09-11-at-11.49.34-AM-750x423.jpeg 750w, https:\/\/atecordoba.org\/wp-content\/uploads\/2024\/09\/WhatsApp-Image-2024-09-11-at-11.49.34-AM-1140x644.jpeg 1140w\" sizes=\"auto, (max-width: 300px) 100vw, 300px\" \/><\/a><\/p>\n<p><strong>**Un llamado a la unidad y la lucha:**<\/strong><br \/>\nEl movimiento obrero de C\u00f3rdoba, con el apoyo de ATE, se moviliza para exigir que se respeten los derechos de los jubilados y jubiladas, y para rechazar las pol\u00edticas de ajuste que perjudican a los sectores m\u00e1s vulnerables de la sociedad. La lucha contin\u00faa, y ATE C\u00f3rdoba reafirma su compromiso con la defensa de los derechos de los trabajadores.<\/p>\n<p><a href=\"https:\/\/atecordoba.org\/wp-content\/uploads\/2024\/09\/WhatsApp-Image-2024-09-11-at-1.22.02-PM-1.jpeg\"><img loading=\"lazy\" decoding=\"async\" class=\"alignnone size-medium wp-image-45597\" src=\"https:\/\/atecordoba.org\/wp-content\/uploads\/2024\/09\/WhatsApp-Image-2024-09-11-at-1.22.02-PM-1-300x169.jpeg\" alt=\"\" width=\"300\" height=\"169\" srcset=\"https:\/\/atecordoba.org\/wp-content\/uploads\/2024\/09\/WhatsApp-Image-2024-09-11-at-1.22.02-PM-1-300x169.jpeg 300w, https:\/\/atecordoba.org\/wp-content\/uploads\/2024\/09\/WhatsApp-Image-2024-09-11-at-1.22.02-PM-1-1024x578.jpeg 1024w, https:\/\/atecordoba.org\/wp-content\/uploads\/2024\/09\/WhatsApp-Image-2024-09-11-at-1.22.02-PM-1-768x434.jpeg 768w, https:\/\/atecordoba.org\/wp-content\/uploads\/2024\/09\/WhatsApp-Image-2024-09-11-at-1.22.02-PM-1-1536x867.jpeg 1536w, https:\/\/atecordoba.org\/wp-content\/uploads\/2024\/09\/WhatsApp-Image-2024-09-11-at-1.22.02-PM-1-2048x1156.jpeg 2048w, https:\/\/atecordoba.org\/wp-content\/uploads\/2024\/09\/WhatsApp-Image-2024-09-11-at-1.22.02-PM-1-750x423.jpeg 750w, https:\/\/atecordoba.org\/wp-content\/uploads\/2024\/09\/WhatsApp-Image-2024-09-11-at-1.22.02-PM-1-1140x643.jpeg 1140w\" sizes=\"auto, (max-width: 300px) 100vw, 300px\" \/><\/a><\/p>\n<p><em><strong>\u00a1Seguimos en la calle, en defensa de la soberan\u00eda nacional y los derechos laborales!<\/strong><\/em><\/p>\n","protected":false},"excerpt":{"rendered":"<p>Hoy, a las 11:00 hs, ATE C\u00f3rdoba se uni\u00f3 a la movilizaci\u00f3n en rechazo al veto presidencial a la Ley de Movilidad Jubilatoria. La manifestaci\u00f3n se realiz\u00f3 en la intersecci\u00f3n de Col\u00f3n y General Paz, en conjunto con la CGT Regional, la CGT C\u00f3rdoba, la CTA de los Trabajadores, la CTA Aut\u00f3noma y diversas organizaciones [&hellip;]<\/p>\n","protected":false},"author":3,"featured_media":45588,"comment_status":"open","ping_status":"open","sticky":false,"template":"","format":"standard","meta":{"_exactmetrics_skip_tracking":false,"_exactmetrics_sitenote_active":false,"_exactmetrics_sitenote_note":"","_exactmetrics_sitenote_category":0,"jnews-multi-image_gallery":[],"jnews_single_post":{"format":"standard","override":[{"template":"1","parallax":"1","fullscreen":"1","layout":"no-sidebar-narrow","sidebar":"default-sidebar","second_sidebar":"default-sidebar","sticky_sidebar":"1","share_position":"bottom","share_float_style":"share-monocrhome","show_share_counter":"1","show_view_counter":"1","show_post_meta":"1","show_post_author_image":"1","show_post_date":"1","post_date_format":"default","post_date_format_custom":"Y\/m\/d","show_post_category":"1","show_post_reading_time":"0","post_reading_time_wpm":"300","post_calculate_word_method":"str_word_count","show_zoom_button":"0","zoom_button_out_step":"2","zoom_button_in_step":"3","show_post_tag":"1","number_popup_post":"1","show_post_related":"1","show_inline_post_related":"0"}],"image_override":[{"single_post_thumbnail_size":"crop-500","single_post_gallery_size":"crop-500"}],"trending_post_position":"meta","trending_post_label":"Trending","sponsored_post_label":"Sponsored by","disable_ad":"0"},"jnews_primary_category":[],"jnews_social_meta":[],"jnews_review":[],"enable_review":"","type":"percentage","name":"","summary":"","brand":"","sku":"","good":[],"bad":[],"score_override":"","override_value":"","rating":[],"price":[],"jnews_override_counter":{"view_counter_number":"0","share_counter_number":"0","like_counter_number":"0","dislike_counter_number":"0"},"jnews_post_split":{"post_split":[{"template":"1","tag":"h2","numbering":"asc","mode":"normal","first":"0","enable_toc":"0","toc_type":"normal"}]},"footnotes":""},"categories":[10],"tags":[],"class_list":["post-45586","post","type-post","status-publish","format-standard","has-post-thumbnail","hentry","category-accion-politica"],"jetpack_featured_media_url":"https:\/\/atecordoba.org\/wp-content\/uploads\/2024\/09\/WhatsApp-Image-2024-09-11-at-11.49.33-AM-1-scaled.jpeg","_links":{"self":[{"href":"https:\/\/atecordoba.org\/index.php?rest_route=\/wp\/v2\/posts\/45586","targetHints":{"allow":["GET"]}}],"collection":[{"href":"https:\/\/atecordoba.org\/index.php?rest_route=\/wp\/v2\/posts"}],"about":[{"href":"https:\/\/atecordoba.org\/index.php?rest_route=\/wp\/v2\/types\/post"}],"author":[{"embeddable":true,"href":"https:\/\/atecordoba.org\/index.php?rest_route=\/wp\/v2\/users\/3"}],"replies":[{"embeddable":true,"href":"https:\/\/atecordoba.org\/index.php?rest_route=%2Fwp%2Fv2%2Fcomments&post=45586"}],"version-history":[{"count":2,"href":"https:\/\/atecordoba.org\/index.php?rest_route=\/wp\/v2\/posts\/45586\/revisions"}],"predecessor-version":[{"id":45602,"href":"https:\/\/atecordoba.org\/index.php?rest_route=\/wp\/v2\/posts\/45586\/revisions\/45602"}],"wp:featuredmedia":[{"embeddable":true,"href":"https:\/\/atecordoba.org\/index.php?rest_route=\/wp\/v2\/media\/45588"}],"wp:attachment":[{"href":"https:\/\/atecordoba.org\/index.php?rest_route=%2Fwp%2Fv2%2Fmedia&parent=45586"}],"wp:term":[{"taxonomy":"category","embeddable":true,"href":"https:\/\/atecordoba.org\/index.php?rest_route=%2Fwp%2Fv2%2Fcategories&post=45586"},{"taxonomy":"post_tag","embeddable":true,"href":"https:\/\/atecordoba.org\/index.php?rest_route=%2Fwp%2Fv2%2Ftags&post=45586"}],"curies":[{"name":"wp","href":"https:\/\/api.w.org\/{rel}","templated":true}]}}