{"id":45580,"date":"2024-09-11T10:20:24","date_gmt":"2024-09-11T13:20:24","guid":{"rendered":"https:\/\/atecordoba.org\/?p=45580"},"modified":"2024-09-11T10:20:24","modified_gmt":"2024-09-11T13:20:24","slug":"ate-cordoba-se-solidariza-con-el-reclamo-de-jubilados-y-pensionados-nacionales","status":"publish","type":"post","link":"https:\/\/atecordoba.org\/?p=45580","title":{"rendered":"ATE C\u00f3rdoba se solidariza con el reclamo de Jubilados y Pensionados Nacionales"},"content":{"rendered":"<div class=\"flex-shrink-0 flex flex-col relative items-end\">\n<div class=\"pt-0\">\n<div class=\"gizmo-bot-avatar flex h-8 w-8 items-center justify-center overflow-hidden rounded-full\"><a href=\"https:\/\/atecordoba.org\/wp-content\/uploads\/2024\/09\/20240902124055_imagen-de-whatsapp-2024-09-02-a-las-12-38-08-12f400ca.jpg\"><img loading=\"lazy\" decoding=\"async\" class=\"alignnone wp-image-45583 size-full\" src=\"https:\/\/atecordoba.org\/wp-content\/uploads\/2024\/09\/20240902124055_imagen-de-whatsapp-2024-09-02-a-las-12-38-08-12f400ca.jpg\" alt=\"\" width=\"880\" height=\"512\" srcset=\"https:\/\/atecordoba.org\/wp-content\/uploads\/2024\/09\/20240902124055_imagen-de-whatsapp-2024-09-02-a-las-12-38-08-12f400ca.jpg 880w, https:\/\/atecordoba.org\/wp-content\/uploads\/2024\/09\/20240902124055_imagen-de-whatsapp-2024-09-02-a-las-12-38-08-12f400ca-300x175.jpg 300w, https:\/\/atecordoba.org\/wp-content\/uploads\/2024\/09\/20240902124055_imagen-de-whatsapp-2024-09-02-a-las-12-38-08-12f400ca-768x447.jpg 768w, https:\/\/atecordoba.org\/wp-content\/uploads\/2024\/09\/20240902124055_imagen-de-whatsapp-2024-09-02-a-las-12-38-08-12f400ca-750x436.jpg 750w\" sizes=\"auto, (max-width: 880px) 100vw, 880px\" \/><\/a><\/p>\n<div class=\"relative p-1 rounded-sm flex items-center justify-center bg-token-main-surface-primary text-token-text-primary h-8 w-8\">En una reuni\u00f3n realizada el d\u00eda Martes 10 de Septiembre por la <strong>Secretar\u00eda de Acci\u00f3n Pol\u00edtica<\/strong> del Consejo Directivo Provincial de <strong>ATE C\u00f3rdoba<\/strong>, el equipo de trabajo tom\u00f3 la decisi\u00f3n un\u00e1nime de apoyar el leg\u00edtimo reclamo del sector de jubilados y pensionados nacionales. Este sector, uno de los m\u00e1s vulnerables de nuestra sociedad, se ve gravemente afectado por las pol\u00edticas deshumanizantes que el Gobierno Nacional ha implementado.<\/div>\n<div><\/div>\n<div><img loading=\"lazy\" decoding=\"async\" class=\"size-medium wp-image-45582 alignleft\" src=\"https:\/\/atecordoba.org\/wp-content\/uploads\/2024\/09\/WhatsApp-Image-2024-09-11-at-9.31.36-AM-182x300.jpeg\" alt=\"\" width=\"182\" height=\"300\" srcset=\"https:\/\/atecordoba.org\/wp-content\/uploads\/2024\/09\/WhatsApp-Image-2024-09-11-at-9.31.36-AM-182x300.jpeg 182w, https:\/\/atecordoba.org\/wp-content\/uploads\/2024\/09\/WhatsApp-Image-2024-09-11-at-9.31.36-AM-621x1024.jpeg 621w, https:\/\/atecordoba.org\/wp-content\/uploads\/2024\/09\/WhatsApp-Image-2024-09-11-at-9.31.36-AM-768x1265.jpeg 768w, https:\/\/atecordoba.org\/wp-content\/uploads\/2024\/09\/WhatsApp-Image-2024-09-11-at-9.31.36-AM-932x1536.jpeg 932w, https:\/\/atecordoba.org\/wp-content\/uploads\/2024\/09\/WhatsApp-Image-2024-09-11-at-9.31.36-AM-750x1236.jpeg 750w, https:\/\/atecordoba.org\/wp-content\/uploads\/2024\/09\/WhatsApp-Image-2024-09-11-at-9.31.36-AM.jpeg 971w\" sizes=\"auto, (max-width: 182px) 100vw, 182px\" \/>En particular, <strong>ATE C\u00f3rdoba<\/strong> denuncia el veto a la ley de mejora en la movilidad jubilatoria, que apenas alcanzar\u00eda una mejora de $16.000, una cifra insignificante considerando que la <strong>canasta b\u00e1sica de un jubilado supera los $800.000<\/strong>. Mientras tanto, las jubilaciones actuales rondan los <strong>$304.000<\/strong> para septiembre, sumado al <strong>bono compensatorio de $70.000<\/strong> otorgado hace nueve meses. Adem\u00e1s, los recortes en las prestaciones m\u00e9dicas del <strong>PAMI<\/strong> han afectado gravemente a los jubilados, reduciendo la cobertura de medicamentos cr\u00f3nicos a solo un <strong>60%<\/strong> del valor real.<\/div>\n<\/div>\n<\/div>\n<\/div>\n<div class=\"group\/conversation-turn relative flex w-full min-w-0 flex-col agent-turn\">\n<div class=\"flex-col gap-1 md:gap-3\">\n<div class=\"flex max-w-full flex-col flex-grow\">\n<div class=\"min-h-[20px] text-message flex w-full flex-col items-end gap-2 whitespace-normal break-words [.text-message+&amp;]:mt-5\" dir=\"auto\" data-message-author-role=\"assistant\" data-message-id=\"d27eaf7a-1109-4f62-b090-82b810b0f15d\">\n<div class=\"flex w-full flex-col gap-1 empty:hidden first:pt-[3px]\">\n<div class=\"markdown prose w-full break-words dark:prose-invert light\">\n<p>&#8220;Nuestros abuelos y abuelas est\u00e1n en estado de indigencia, luchando por sobrevivir ante pol\u00edticas que no tienen en cuenta el bienestar general de la poblaci\u00f3n. Este ajuste, que afecta a los m\u00e1s indefensos, <strong>lo denominamos un Genocidio Social<\/strong>&#8220;, expresaron desde la Secretar\u00eda de Acci\u00f3n Pol\u00edtica.<\/p>\n<p>Desde ATE C\u00f3rdoba, reafirmamos nuestra <strong>f\u00e9rrea defensa de los derechos humanos<\/strong> y de la <strong>seguridad social<\/strong>. Nos comprometemos a seguir luchando por la <strong>protecci\u00f3n de nuestros jubilados<\/strong>, garantizando su acceso a una vida plena, con salud, alimentaci\u00f3n adecuada, autonom\u00eda y sin ning\u00fan tipo de violencia.<\/p>\n<p><strong>SECRETAR\u00cdA DE ACCI\u00d3N POL\u00cdTICA<\/strong><\/p>\n<p>Este apoyo es parte del compromiso continuo de <strong>ATE C\u00f3rdoba<\/strong> con la defensa de los derechos laborales y sociales de todos los sectores, especialmente de aquellos m\u00e1s afectados por las pol\u00edticas de ajuste.<\/p>\n<p><a href=\"https:\/\/atecordoba.org\/wp-content\/uploads\/2024\/09\/WhatsApp-Image-2024-09-11-at-10.15.08-AM.jpeg\"><img loading=\"lazy\" decoding=\"async\" class=\"alignnone size-medium wp-image-45581\" src=\"https:\/\/atecordoba.org\/wp-content\/uploads\/2024\/09\/WhatsApp-Image-2024-09-11-at-10.15.08-AM-212x300.jpeg\" alt=\"\" width=\"212\" height=\"300\" srcset=\"https:\/\/atecordoba.org\/wp-content\/uploads\/2024\/09\/WhatsApp-Image-2024-09-11-at-10.15.08-AM-212x300.jpeg 212w, https:\/\/atecordoba.org\/wp-content\/uploads\/2024\/09\/WhatsApp-Image-2024-09-11-at-10.15.08-AM-724x1024.jpeg 724w, https:\/\/atecordoba.org\/wp-content\/uploads\/2024\/09\/WhatsApp-Image-2024-09-11-at-10.15.08-AM-768x1086.jpeg 768w, https:\/\/atecordoba.org\/wp-content\/uploads\/2024\/09\/WhatsApp-Image-2024-09-11-at-10.15.08-AM-1086x1536.jpeg 1086w, https:\/\/atecordoba.org\/wp-content\/uploads\/2024\/09\/WhatsApp-Image-2024-09-11-at-10.15.08-AM-750x1061.jpeg 750w, https:\/\/atecordoba.org\/wp-content\/uploads\/2024\/09\/WhatsApp-Image-2024-09-11-at-10.15.08-AM.jpeg 1131w\" sizes=\"auto, (max-width: 212px) 100vw, 212px\" \/><\/a><\/p>\n<\/div>\n<\/div>\n<\/div>\n<\/div>\n<\/div>\n<\/div>\n","protected":false},"excerpt":{"rendered":"<p>En una reuni\u00f3n realizada el d\u00eda Martes 10 de Septiembre por la Secretar\u00eda de Acci\u00f3n Pol\u00edtica del Consejo Directivo Provincial de ATE C\u00f3rdoba, el equipo de trabajo tom\u00f3 la decisi\u00f3n un\u00e1nime de apoyar el leg\u00edtimo reclamo del sector de jubilados y pensionados nacionales. Este sector, uno de los m\u00e1s vulnerables de nuestra sociedad, se ve [&hellip;]<\/p>\n","protected":false},"author":3,"featured_media":45583,"comment_status":"open","ping_status":"open","sticky":false,"template":"","format":"standard","meta":{"_exactmetrics_skip_tracking":false,"_exactmetrics_sitenote_active":false,"_exactmetrics_sitenote_note":"","_exactmetrics_sitenote_category":0,"jnews-multi-image_gallery":[],"jnews_single_post":{"format":"standard","override":[{"template":"1","parallax":"1","fullscreen":"1","layout":"no-sidebar-narrow","sidebar":"default-sidebar","second_sidebar":"default-sidebar","sticky_sidebar":"1","share_position":"bottom","share_float_style":"share-monocrhome","show_share_counter":"1","show_view_counter":"1","show_post_meta":"1","show_post_author_image":"1","show_post_date":"1","post_date_format":"default","post_date_format_custom":"Y\/m\/d","show_post_category":"1","show_post_reading_time":"0","post_reading_time_wpm":"300","post_calculate_word_method":"str_word_count","show_zoom_button":"0","zoom_button_out_step":"2","zoom_button_in_step":"3","show_post_tag":"1","number_popup_post":"1","show_post_related":"1","show_inline_post_related":"0"}],"image_override":[{"single_post_thumbnail_size":"crop-500","single_post_gallery_size":"crop-500"}],"trending_post_position":"meta","trending_post_label":"Trending","sponsored_post_label":"Sponsored by","disable_ad":"0"},"jnews_primary_category":[],"jnews_social_meta":[],"jnews_review":[],"enable_review":"","type":"percentage","name":"","summary":"","brand":"","sku":"","good":[],"bad":[],"score_override":"","override_value":"","rating":[],"price":[],"jnews_override_counter":{"view_counter_number":"0","share_counter_number":"0","like_counter_number":"0","dislike_counter_number":"0"},"jnews_post_split":{"post_split":[{"template":"1","tag":"h2","numbering":"asc","mode":"normal","first":"0","enable_toc":"0","toc_type":"normal"}]},"footnotes":""},"categories":[10],"tags":[],"class_list":["post-45580","post","type-post","status-publish","format-standard","has-post-thumbnail","hentry","category-accion-politica"],"jetpack_featured_media_url":"https:\/\/atecordoba.org\/wp-content\/uploads\/2024\/09\/20240902124055_imagen-de-whatsapp-2024-09-02-a-las-12-38-08-12f400ca.jpg","_links":{"self":[{"href":"https:\/\/atecordoba.org\/index.php?rest_route=\/wp\/v2\/posts\/45580","targetHints":{"allow":["GET"]}}],"collection":[{"href":"https:\/\/atecordoba.org\/index.php?rest_route=\/wp\/v2\/posts"}],"about":[{"href":"https:\/\/atecordoba.org\/index.php?rest_route=\/wp\/v2\/types\/post"}],"author":[{"embeddable":true,"href":"https:\/\/atecordoba.org\/index.php?rest_route=\/wp\/v2\/users\/3"}],"replies":[{"embeddable":true,"href":"https:\/\/atecordoba.org\/index.php?rest_route=%2Fwp%2Fv2%2Fcomments&post=45580"}],"version-history":[{"count":1,"href":"https:\/\/atecordoba.org\/index.php?rest_route=\/wp\/v2\/posts\/45580\/revisions"}],"predecessor-version":[{"id":45584,"href":"https:\/\/atecordoba.org\/index.php?rest_route=\/wp\/v2\/posts\/45580\/revisions\/45584"}],"wp:featuredmedia":[{"embeddable":true,"href":"https:\/\/atecordoba.org\/index.php?rest_route=\/wp\/v2\/media\/45583"}],"wp:attachment":[{"href":"https:\/\/atecordoba.org\/index.php?rest_route=%2Fwp%2Fv2%2Fmedia&parent=45580"}],"wp:term":[{"taxonomy":"category","embeddable":true,"href":"https:\/\/atecordoba.org\/index.php?rest_route=%2Fwp%2Fv2%2Fcategories&post=45580"},{"taxonomy":"post_tag","embeddable":true,"href":"https:\/\/atecordoba.org\/index.php?rest_route=%2Fwp%2Fv2%2Ftags&post=45580"}],"curies":[{"name":"wp","href":"https:\/\/api.w.org\/{rel}","templated":true}]}}