{"id":45576,"date":"2024-09-10T13:15:02","date_gmt":"2024-09-10T16:15:02","guid":{"rendered":"https:\/\/atecordoba.org\/?p=45576"},"modified":"2024-09-10T13:16:13","modified_gmt":"2024-09-10T16:16:13","slug":"anisacate-reunion-con-el-ministerio-de-trabajo-y-avances-en-la-lucha-por-mas-derechos-laborales","status":"publish","type":"post","link":"https:\/\/atecordoba.org\/?p=45576","title":{"rendered":"Anisacate: Reuni\u00f3n con el Ministerio de Trabajo y avances en la lucha por m\u00e1s derechos laborales"},"content":{"rendered":"<p><a href=\"https:\/\/atecordoba.org\/wp-content\/uploads\/2024\/09\/WhatsApp-Image-2024-09-10-at-1.07.14-PM.jpeg\"><img loading=\"lazy\" decoding=\"async\" class=\"alignnone wp-image-45577 size-full\" src=\"https:\/\/atecordoba.org\/wp-content\/uploads\/2024\/09\/WhatsApp-Image-2024-09-10-at-1.07.14-PM.jpeg\" alt=\"\" width=\"803\" height=\"452\" srcset=\"https:\/\/atecordoba.org\/wp-content\/uploads\/2024\/09\/WhatsApp-Image-2024-09-10-at-1.07.14-PM.jpeg 803w, https:\/\/atecordoba.org\/wp-content\/uploads\/2024\/09\/WhatsApp-Image-2024-09-10-at-1.07.14-PM-300x169.jpeg 300w, https:\/\/atecordoba.org\/wp-content\/uploads\/2024\/09\/WhatsApp-Image-2024-09-10-at-1.07.14-PM-768x432.jpeg 768w, https:\/\/atecordoba.org\/wp-content\/uploads\/2024\/09\/WhatsApp-Image-2024-09-10-at-1.07.14-PM-750x422.jpeg 750w\" sizes=\"auto, (max-width: 803px) 100vw, 803px\" \/><\/a><\/p>\n<p>En el d\u00eda de hoy, el Secretario de Derechos Humanos y <strong>asesor legal de ATE C\u00f3rdoba, C\u00e9sar Theaux<\/strong>, inform\u00f3 sobre los avances logrados en la reuni\u00f3n con el Ministerio de Trabajo de la Provincia. Durante el encuentro, se dio por cerrado el tema de los despidos y reincorporaciones, permitiendo a quienes deseen iniciar reclamos judiciales hacerlo con el respaldo de nuestro sindicato. ATE tambi\u00e9n insisti\u00f3 en la necesidad de ingresar a la mesa salarial y en la inclusi\u00f3n en la mesa de relaciones laborales, con el objetivo de mejorar las condiciones de trabajo de nuestros afiliados.<\/p>\n<p>Seg\u00fan Theaux, se acord\u00f3 que en la pr\u00f3xima audiencia, fijada para el <strong>25 de septiembre a las 10:00 hs<\/strong>, se buscar\u00e1 avanzar en estos puntos clave para los trabajadores y trabajadoras. Adem\u00e1s, junto con el abogado Eugenio Biafore, se presentar\u00e1 un listado detallado de los reclamos puntuales de cada compa\u00f1ero para su resoluci\u00f3n.<\/p>\n<p><a href=\"https:\/\/atecordoba.org\/wp-content\/uploads\/2024\/08\/eugenio-biafore.jpg\"><img loading=\"lazy\" decoding=\"async\" class=\"size-medium wp-image-45411 alignleft\" src=\"https:\/\/atecordoba.org\/wp-content\/uploads\/2024\/08\/eugenio-biafore-300x205.jpg\" alt=\"\" width=\"300\" height=\"205\" srcset=\"https:\/\/atecordoba.org\/wp-content\/uploads\/2024\/08\/eugenio-biafore-300x205.jpg 300w, https:\/\/atecordoba.org\/wp-content\/uploads\/2024\/08\/eugenio-biafore-750x513.jpg 750w, https:\/\/atecordoba.org\/wp-content\/uploads\/2024\/08\/eugenio-biafore.jpg 760w\" sizes=\"auto, (max-width: 300px) 100vw, 300px\" \/><\/a><\/p>\n<p><strong>Texto presentado al Ministerio de Justicia y Trabajo de C\u00f3rdoba:<\/strong><\/p>\n<p>El <strong>10 de septiembre de 2024<\/strong>, en la ciudad de C\u00f3rdoba, ATE se present\u00f3 junto a las autoridades de la Municipalidad de Anisacate en la oficina de Delegaciones Regionales para avanzar en la tramitaci\u00f3n de los despidos y desvinculaciones. En dicha reuni\u00f3n, ATE reiter\u00f3 su solicitud de ser convocados a las discusiones salariales y de firmar el acta correspondiente a las paritarias de agosto 2024, as\u00ed como la incorporaci\u00f3n de temas laborales a la mesa de relaciones laborales.<\/p>\n<p>Por su parte, la Municipalidad de Anisacate se comprometi\u00f3 a gestionar una copia del acta salarial para que ATE aporte sus precisiones.<\/p>\n<p>La audiencia finaliz\u00f3 con el acuerdo de una nueva reuni\u00f3n el <strong>25 de septiembre de 2024<\/strong>, para seguir avanzando en la soluci\u00f3n de los temas pendientes.<\/p>\n<p><strong><em>Este proceso demuestra una vez m\u00e1s el compromiso de ATE C\u00f3rdoba en la defensa de los derechos laborales de nuestras y nuestros trabajadores, y seguiremos trabajando incansablemente para lograr condiciones justas y dignas en todos los sectores.<\/em><\/strong><\/p>\n","protected":false},"excerpt":{"rendered":"<p>En el d\u00eda de hoy, el Secretario de Derechos Humanos y asesor legal de ATE C\u00f3rdoba, C\u00e9sar Theaux, inform\u00f3 sobre los avances logrados en la reuni\u00f3n con el Ministerio de Trabajo de la Provincia. Durante el encuentro, se dio por cerrado el tema de los despidos y reincorporaciones, permitiendo a quienes deseen iniciar reclamos judiciales [&hellip;]<\/p>\n","protected":false},"author":3,"featured_media":45577,"comment_status":"open","ping_status":"open","sticky":false,"template":"","format":"standard","meta":{"_exactmetrics_skip_tracking":false,"_exactmetrics_sitenote_active":false,"_exactmetrics_sitenote_note":"","_exactmetrics_sitenote_category":0,"jnews-multi-image_gallery":[],"jnews_single_post":{"format":"standard","override":[{"template":"1","parallax":"1","fullscreen":"1","layout":"no-sidebar-narrow","sidebar":"default-sidebar","second_sidebar":"default-sidebar","sticky_sidebar":"1","share_position":"bottom","share_float_style":"share-monocrhome","show_share_counter":"1","show_view_counter":"1","show_post_meta":"1","show_post_author_image":"1","show_post_date":"1","post_date_format":"default","post_date_format_custom":"Y\/m\/d","show_post_category":"1","show_post_reading_time":"0","post_reading_time_wpm":"300","post_calculate_word_method":"str_word_count","show_zoom_button":"0","zoom_button_out_step":"2","zoom_button_in_step":"3","show_post_tag":"1","number_popup_post":"1","show_post_related":"1","show_inline_post_related":"0"}],"image_override":[{"single_post_thumbnail_size":"crop-500","single_post_gallery_size":"crop-500"}],"trending_post_position":"meta","trending_post_label":"Trending","sponsored_post_label":"Sponsored by","disable_ad":"0"},"jnews_primary_category":[],"jnews_social_meta":[],"jnews_review":[],"enable_review":"","type":"percentage","name":"","summary":"","brand":"","sku":"","good":[],"bad":[],"score_override":"","override_value":"","rating":[],"price":[],"jnews_override_counter":{"view_counter_number":"0","share_counter_number":"0","like_counter_number":"0","dislike_counter_number":"0"},"jnews_post_split":{"post_split":[{"template":"1","tag":"h2","numbering":"asc","mode":"normal","first":"0","enable_toc":"0","toc_type":"normal"}]},"footnotes":""},"categories":[20],"tags":[],"class_list":["post-45576","post","type-post","status-publish","format-standard","has-post-thumbnail","hentry","category-municipales"],"jetpack_featured_media_url":"https:\/\/atecordoba.org\/wp-content\/uploads\/2024\/09\/WhatsApp-Image-2024-09-10-at-1.07.14-PM.jpeg","_links":{"self":[{"href":"https:\/\/atecordoba.org\/index.php?rest_route=\/wp\/v2\/posts\/45576","targetHints":{"allow":["GET"]}}],"collection":[{"href":"https:\/\/atecordoba.org\/index.php?rest_route=\/wp\/v2\/posts"}],"about":[{"href":"https:\/\/atecordoba.org\/index.php?rest_route=\/wp\/v2\/types\/post"}],"author":[{"embeddable":true,"href":"https:\/\/atecordoba.org\/index.php?rest_route=\/wp\/v2\/users\/3"}],"replies":[{"embeddable":true,"href":"https:\/\/atecordoba.org\/index.php?rest_route=%2Fwp%2Fv2%2Fcomments&post=45576"}],"version-history":[{"count":2,"href":"https:\/\/atecordoba.org\/index.php?rest_route=\/wp\/v2\/posts\/45576\/revisions"}],"predecessor-version":[{"id":45579,"href":"https:\/\/atecordoba.org\/index.php?rest_route=\/wp\/v2\/posts\/45576\/revisions\/45579"}],"wp:featuredmedia":[{"embeddable":true,"href":"https:\/\/atecordoba.org\/index.php?rest_route=\/wp\/v2\/media\/45577"}],"wp:attachment":[{"href":"https:\/\/atecordoba.org\/index.php?rest_route=%2Fwp%2Fv2%2Fmedia&parent=45576"}],"wp:term":[{"taxonomy":"category","embeddable":true,"href":"https:\/\/atecordoba.org\/index.php?rest_route=%2Fwp%2Fv2%2Fcategories&post=45576"},{"taxonomy":"post_tag","embeddable":true,"href":"https:\/\/atecordoba.org\/index.php?rest_route=%2Fwp%2Fv2%2Ftags&post=45576"}],"curies":[{"name":"wp","href":"https:\/\/api.w.org\/{rel}","templated":true}]}}