{"id":45560,"date":"2024-09-09T11:52:27","date_gmt":"2024-09-09T14:52:27","guid":{"rendered":"https:\/\/atecordoba.org\/?p=45560"},"modified":"2024-09-09T11:52:27","modified_gmt":"2024-09-09T14:52:27","slug":"invitacion-a-la-charla-la-salud-como-derecho-de-los-pueblos","status":"publish","type":"post","link":"https:\/\/atecordoba.org\/?p=45560","title":{"rendered":"Invitaci\u00f3n a la Charla: &#8220;La Salud como Derecho de los Pueblos&#8221;"},"content":{"rendered":"<p><a href=\"https:\/\/atecordoba.org\/wp-content\/uploads\/2024\/09\/WhatsApp-Image-2024-09-09-at-11.46.13-AM.jpeg\"><img loading=\"lazy\" decoding=\"async\" class=\"alignnone wp-image-45561 size-large\" src=\"https:\/\/atecordoba.org\/wp-content\/uploads\/2024\/09\/WhatsApp-Image-2024-09-09-at-11.46.13-AM-724x1024.jpeg\" alt=\"\" width=\"724\" height=\"1024\" srcset=\"https:\/\/atecordoba.org\/wp-content\/uploads\/2024\/09\/WhatsApp-Image-2024-09-09-at-11.46.13-AM-724x1024.jpeg 724w, https:\/\/atecordoba.org\/wp-content\/uploads\/2024\/09\/WhatsApp-Image-2024-09-09-at-11.46.13-AM-212x300.jpeg 212w, https:\/\/atecordoba.org\/wp-content\/uploads\/2024\/09\/WhatsApp-Image-2024-09-09-at-11.46.13-AM-768x1086.jpeg 768w, https:\/\/atecordoba.org\/wp-content\/uploads\/2024\/09\/WhatsApp-Image-2024-09-09-at-11.46.13-AM-1086x1536.jpeg 1086w, https:\/\/atecordoba.org\/wp-content\/uploads\/2024\/09\/WhatsApp-Image-2024-09-09-at-11.46.13-AM-750x1061.jpeg 750w, https:\/\/atecordoba.org\/wp-content\/uploads\/2024\/09\/WhatsApp-Image-2024-09-09-at-11.46.13-AM.jpeg 1131w\" sizes=\"auto, (max-width: 724px) 100vw, 724px\" \/><\/a><\/p>\n<p>\u00a1Estimados compa\u00f1eros y compa\u00f1eras!<\/p>\n<p>Nos complace invitarles a una charla muy especial titulada <strong>&#8220;La Salud como Derecho de los Pueblos&#8221;<\/strong>, que se llevar\u00e1 a cabo el mi\u00e9rcoles 18 de septiembre en nuestra sede de ATE C\u00f3rdoba. En esta ocasi\u00f3n, conoceremos de primera mano la valiosa experiencia del <strong>Centro Oftalmol\u00f3gico Dr. Ernesto Che Guevara<\/strong> en C\u00f3rdoba, un ejemplo destacado del modelo de salud cubano.<\/p>\n<p><strong>Desde hace m\u00e1s de 20 a\u00f1os<\/strong>, los programas sociales cubanos en Argentina han brindado apoyo incondicional a quienes lo necesitan, sin distinci\u00f3n. A trav\u00e9s de la excelencia profesional y el trabajo conjunto con organizaciones del pueblo, han mejorado la calidad de vida de miles de personas. En un contexto dif\u00edcil, el modelo de salud desarrollado por la Revoluci\u00f3n Cubana se presenta como un ejemplo de humanismo digno de ser analizado y comprendido.<\/p>\n<p>El Centro Oftalmol\u00f3gico Dr. Ernesto Che Guevara abre sus puertas diariamente, ofreciendo atenci\u00f3n tanto en los barrios m\u00e1s humildes como en los territorios rurales m\u00e1s remotos donde el mercado no llega. Esta charla ser\u00e1 una oportunidad invaluable para difundir esta experiencia y compartir los principios solidarios de la medicina cubana con todos los trabajadores y trabajadoras de la salud que se preocupan por salvar vidas en nuestro pa\u00eds.<\/p>\n<p>\ud83e\udec2 <strong>Los esperamos para conocer m\u00e1s sobre este modelo de salud y reflexionar juntos sobre su impacto y relevancia.<\/strong><\/p>\n<p>\ud83d\udccc <strong>Lugar:<\/strong> Sede del Consejo Directivo Provincial de ATE, Entre R\u00edos 450<br \/>\n\ud83d\udcc5 <strong>Fecha:<\/strong> Mi\u00e9rcoles 18 de septiembre<\/p>\n<p>\u00a1No faltes!<\/p>\n","protected":false},"excerpt":{"rendered":"<p>\u00a1Estimados compa\u00f1eros y compa\u00f1eras! Nos complace invitarles a una charla muy especial titulada &#8220;La Salud como Derecho de los Pueblos&#8221;, que se llevar\u00e1 a cabo el mi\u00e9rcoles 18 de septiembre en nuestra sede de ATE C\u00f3rdoba. En esta ocasi\u00f3n, conoceremos de primera mano la valiosa experiencia del Centro Oftalmol\u00f3gico Dr. Ernesto Che Guevara en C\u00f3rdoba, [&hellip;]<\/p>\n","protected":false},"author":3,"featured_media":45561,"comment_status":"open","ping_status":"open","sticky":false,"template":"","format":"standard","meta":{"_exactmetrics_skip_tracking":false,"_exactmetrics_sitenote_active":false,"_exactmetrics_sitenote_note":"","_exactmetrics_sitenote_category":0,"jnews-multi-image_gallery":[],"jnews_single_post":{"format":"standard","override":[{"template":"1","parallax":"1","fullscreen":"1","layout":"no-sidebar-narrow","sidebar":"default-sidebar","second_sidebar":"default-sidebar","sticky_sidebar":"1","share_position":"bottom","share_float_style":"share-monocrhome","show_share_counter":"1","show_view_counter":"1","show_post_meta":"1","show_post_author_image":"1","show_post_date":"1","post_date_format":"default","post_date_format_custom":"Y\/m\/d","show_post_category":"1","show_post_reading_time":"0","post_reading_time_wpm":"300","post_calculate_word_method":"str_word_count","show_zoom_button":"0","zoom_button_out_step":"2","zoom_button_in_step":"3","show_post_tag":"1","number_popup_post":"1","show_post_related":"1","show_inline_post_related":"0"}],"image_override":[{"single_post_thumbnail_size":"crop-500","single_post_gallery_size":"crop-500"}],"trending_post_position":"meta","trending_post_label":"Trending","sponsored_post_label":"Sponsored by","disable_ad":"0"},"jnews_primary_category":[],"jnews_social_meta":[],"jnews_review":[],"enable_review":"","type":"percentage","name":"","summary":"","brand":"","sku":"","good":[],"bad":[],"score_override":"","override_value":"","rating":[],"price":[],"jnews_override_counter":{"view_counter_number":"0","share_counter_number":"0","like_counter_number":"0","dislike_counter_number":"0"},"jnews_post_split":{"post_split":[{"template":"1","tag":"h2","numbering":"asc","mode":"normal","first":"0","enable_toc":"0","toc_type":"normal"}]},"footnotes":""},"categories":[957],"tags":[],"class_list":["post-45560","post","type-post","status-publish","format-standard","has-post-thumbnail","hentry","category-salud"],"jetpack_featured_media_url":"https:\/\/atecordoba.org\/wp-content\/uploads\/2024\/09\/WhatsApp-Image-2024-09-09-at-11.46.13-AM.jpeg","_links":{"self":[{"href":"https:\/\/atecordoba.org\/index.php?rest_route=\/wp\/v2\/posts\/45560","targetHints":{"allow":["GET"]}}],"collection":[{"href":"https:\/\/atecordoba.org\/index.php?rest_route=\/wp\/v2\/posts"}],"about":[{"href":"https:\/\/atecordoba.org\/index.php?rest_route=\/wp\/v2\/types\/post"}],"author":[{"embeddable":true,"href":"https:\/\/atecordoba.org\/index.php?rest_route=\/wp\/v2\/users\/3"}],"replies":[{"embeddable":true,"href":"https:\/\/atecordoba.org\/index.php?rest_route=%2Fwp%2Fv2%2Fcomments&post=45560"}],"version-history":[{"count":1,"href":"https:\/\/atecordoba.org\/index.php?rest_route=\/wp\/v2\/posts\/45560\/revisions"}],"predecessor-version":[{"id":45562,"href":"https:\/\/atecordoba.org\/index.php?rest_route=\/wp\/v2\/posts\/45560\/revisions\/45562"}],"wp:featuredmedia":[{"embeddable":true,"href":"https:\/\/atecordoba.org\/index.php?rest_route=\/wp\/v2\/media\/45561"}],"wp:attachment":[{"href":"https:\/\/atecordoba.org\/index.php?rest_route=%2Fwp%2Fv2%2Fmedia&parent=45560"}],"wp:term":[{"taxonomy":"category","embeddable":true,"href":"https:\/\/atecordoba.org\/index.php?rest_route=%2Fwp%2Fv2%2Fcategories&post=45560"},{"taxonomy":"post_tag","embeddable":true,"href":"https:\/\/atecordoba.org\/index.php?rest_route=%2Fwp%2Fv2%2Ftags&post=45560"}],"curies":[{"name":"wp","href":"https:\/\/api.w.org\/{rel}","templated":true}]}}