{"id":4556,"date":"2014-10-03T16:57:19","date_gmt":"2014-10-03T19:57:19","guid":{"rendered":"http:\/\/www.atecordoba.org\/?p=4556"},"modified":"2014-10-03T16:57:19","modified_gmt":"2014-10-03T19:57:19","slug":"paro-nacional-del-8-de-octubre-es-posible-pensar-un-presupuesto-nacional-que-beneficie-a-las-mayorias-populares","status":"publish","type":"post","link":"https:\/\/atecordoba.org\/?p=4556","title":{"rendered":"Paro nacional del 8 de octubre: \u201cEs posible pensar un presupuesto nacional que beneficie a las mayor\u00edas populares\u201d"},"content":{"rendered":"<p><em>Lo asegur\u00f3 el secretario General de ATE Nacional, Julio Fuentes, a menos de una semana del paro nacional de ATE, cuando\u00a0se prev\u00e9 que la C\u00e1mara de Diputados trate el proyecto de presupuesto 2015.\u00a0Como alternativa a la propuesta oficialista, el gremio colabor\u00f3 en la elaboraci\u00f3n de un presupuesto que \u201cpermita avanzar en una distribuci\u00f3n justa de la riqueza\u201d. La viabilidad concreta de blanquear a 60 mil estatales del Estado nacional.<\/em><\/p>\n<p><a href=\"http:\/\/www.atecordoba.org\/wp-content\/uploads\/2013\/03\/ate-marcha.jpg\"><img loading=\"lazy\" decoding=\"async\" class=\"aligncenter size-full wp-image-2453\" src=\"http:\/\/www.atecordoba.org\/wp-content\/uploads\/2013\/03\/ate-marcha.jpg\" alt=\"ate marcha\" width=\"310\" height=\"246\" \/><\/a><\/p>\n<p>\u201cEl 8 de octubre vamos a movilizar al Congreso de la Naci\u00f3n tras elevar nuestro proyecto de presupuesto alternativo que, entre otras cosas, da respuesta a la necesidad de generar las vacantes que se precisan para pasar a planta a todo el personal del Estado nacional, que en este caso suman cerca de 60 mil\u201d, explic\u00f3 Julio Fuentes, quien agreg\u00f3: \u201cTambi\u00e9n planteamos crear fondos presupuestarios que permitan hacer frente a la incorporaci\u00f3n a la ley de salario m\u00ednimo de los trabajadores municipales y provinciales. A su vez, tenemos un planteo vinculado al pago del 82 por ciento m\u00f3vil para todos los jubilados, adem\u00e1s de una serie de planteos sectoriales que permiten avanzar en una distribuci\u00f3n justa de la riqueza\u201d.<\/p>\n<p>Durante 2013 y 2014, en diversas actividades organizadas por el CDN, la Asociaci\u00f3n Trabajadores del Estado trabaj\u00f3 en la discusi\u00f3n y elaboraci\u00f3n de presupuestos de car\u00e1cter popular, tanto a nivel nacional como local. El objetivo: tomar conciencia de la importancia del presupuesto como herramienta, a la hora de planificar los pisos y techos en lo que respecta a lo salarial, al direccionamiento de la inversi\u00f3n p\u00fablica, el rol del Estado en la econom\u00eda, etc.<\/p>\n<p>\u201cNosotros queremos demostrar que es posible pensar la argentina, pensar el uso del presupuesto nacional con otro sentido: uno que beneficie a las mayor\u00edas populares. Y no como nos pasa hoy, que tenemos un presupuesto de ajuste por el que se les saca a los pobres para que los ricos acumulen\u201d, lanz\u00f3 el Secretario General de ATE durante la conferencia de prensa.<\/p>\n<p>Vale la pena recordar que el proyecto de presupuesto 2015 propuesto por el Ejecutivo nacional supone para dicho ciclo un crecimiento del PBI del 2,8 por ciento (este a\u00f1o, y seg\u00fan los datos oficiales, se creci\u00f3 apenas medio punto porcentual), una inflaci\u00f3n del 15,6 por ciento (mientras el presupuesto oficial preve\u00eda que sea de 9,9, 2014 cerrar\u00e1 con un aumento de alrededor del 40), y un tipo de cambio oficial a 9,45 $\/US$. No es menor que, seg\u00fan el proyecto, en el 2015 haya vencimientos de deuda por 506.900 millones de pesos (equivalentes a unos 53.600 millones de d\u00f3lares, al tipo de cambio previsto de 9,45 $\/US$).<\/p>\n<h3>Propuesta del diputado Claudio Lozano para incorporar 61 mil trabajadores del Estado a planta permanente<\/h3>\n<p>\u201cHay hoy 61.000 trabajadores contratados, que al no tener estabilidad carecen de carrera Administrativa. El costo de pasar a estos trabajadores a planta es nulo y fue aceptado por el Presidente de la Comisi\u00f3n de Presupuesto, el diputado Feletti\u201d, dijo el diputado de Unidad Popular (UP) en el marco del debate que se viene la semana pr\u00f3xima por el presupuesto nacional.<br \/>\nEn consonancia con dicho reconocimiento\u00a0UP present\u00f3 una modificaci\u00f3n al proyecto oficial para garantizar las vacantes presupuestarias necesarias para lograr el Pase a Planta Permanente de la totalidad de trabajadores que se desempe\u00f1an como Contratados y en Planta Transitoria en la Administraci\u00f3n Central, Organismos descentralizados e Instituciones de la Seguridad Social.<\/p>\n<p>El diputado\u00a0Claudio Lozano\u00a0presidente del bloque Unidad Popular, fundament\u00f3 el rechazo al Proyecto oficial de Presupuesto \u201cpor no compartir ninguno de los supuestos en los que se fundamenta, por entender que los resultados que se presentan son falsos (se escinde un d\u00e9ficit de m\u00e1s de 360.000 millones de pesos) y porque no se justifica el endeudamiento de 17.000 millones de d\u00f3lares que se pretende tomar en el per\u00edodo.\u201d\u00a0El bloque Unidad Popular presentar\u00e1 dictamen de minor\u00eda.<br \/>\nLozano\u00a0se\u00f1al\u00f3 tambi\u00e9n que\u00a0\u201cen ning\u00fan momento se explic\u00f3 por parte del oficialismo por qu\u00e9 raz\u00f3n pod\u00edan tomarse 12.000 millones de d\u00f3lares de las reservas cuando las cuentas externas indican que vamos a terminar el a\u00f1o con apenas 15.000 millones de d\u00f3lares de reservas netas.\u201d\u00a0A la vez se\u00f1al\u00f3 que\u00a0\u201cel Presupuesto no establece ning\u00fan refuerzo para los jubilados a los cuales ya la ley de Movilidad Jubilatoria no le permite siquiera compensar la inflaci\u00f3n&#8221;.<br \/>\nEn otro tramo de la reuni\u00f3n el diputado pregunt\u00f3 al Presidente de la Comisi\u00f3n, por qu\u00e9 no hay previsi\u00f3n salarial para los trabajadores estatales, por qu\u00e9 no se expande la Asignaci\u00f3n Universal pro Hijo y se deja a 2.800.000 pibes sin cobertura, por qu\u00e9 se mantiene al 67% de las mujeres embarazadas sin la asignaci\u00f3n correspondiente. Todo esto ocurre en un contexto donde se mantienen subsidios inaceptables a empresas petroleras y gas\u00edferas que luego de depredar nuestro recurso y sumirnos en el d\u00e9ficit energ\u00e9tico,\u00a0 reciben est\u00edmulos para recuperar los niveles de inversi\u00f3n que ellas mismas desplomaron.<br \/>\nEl diputado\u00a0Lozano\u00a0finaliz\u00f3 haciendo una pregunta que demostr\u00f3 que\u00a0\u201cel gobierno ni siquiera resuelve lo que puede resolver sin costo. Hay hoy 61.000 trabajadores contratados, que al no tener estabilidad carecen de carrera administrativa y que su inestabilidad afecta la eficiencia en la gesti\u00f3n. El costo de pasar a estos trabajadores a planta es nulo y fue aceptado por el Presidente de la Comisi\u00f3n de Presupuesto y Hacienda, diputado oficialista Feletti. Qued\u00f3 claro que el oficialismo no resuelve lo que puede resolver.\u201d<br \/>\nEn este sentido, el bloque Unidad Popular present\u00f3 una modificaci\u00f3n a los art\u00edculos 6\u00b0 y 7\u00b0 del Proyecto enviado por el Poder Ejecutivo.<\/p>\n","protected":false},"excerpt":{"rendered":"<p>Lo asegur\u00f3 el secretario General de ATE Nacional, Julio Fuentes, a menos de una semana del paro nacional de ATE, cuando\u00a0se prev\u00e9 que la C\u00e1mara de Diputados trate el proyecto de presupuesto 2015.\u00a0Como alternativa a la propuesta oficialista, el gremio colabor\u00f3 en la elaboraci\u00f3n de un presupuesto que \u201cpermita avanzar en una distribuci\u00f3n justa de [&hellip;]<\/p>\n","protected":false},"author":1,"featured_media":19220,"comment_status":"open","ping_status":"open","sticky":false,"template":"","format":"standard","meta":{"_exactmetrics_skip_tracking":false,"_exactmetrics_sitenote_active":false,"_exactmetrics_sitenote_note":"","_exactmetrics_sitenote_category":0,"jnews-multi-image_gallery":[],"jnews_single_post":[],"jnews_primary_category":[],"jnews_social_meta":[],"jnews_review":[],"enable_review":"","type":"","name":"","summary":"","brand":"","sku":"","good":[],"bad":[],"score_override":"","override_value":"","rating":[],"price":[],"jnews_override_counter":[],"jnews_post_split":[],"footnotes":""},"categories":[18],"tags":[],"class_list":["post-4556","post","type-post","status-publish","format-standard","has-post-thumbnail","hentry","category-nacionales"],"jetpack_featured_media_url":"https:\/\/atecordoba.org\/wp-content\/uploads\/2020\/05\/logo-nuevochico-e1561581322808.png","_links":{"self":[{"href":"https:\/\/atecordoba.org\/index.php?rest_route=\/wp\/v2\/posts\/4556","targetHints":{"allow":["GET"]}}],"collection":[{"href":"https:\/\/atecordoba.org\/index.php?rest_route=\/wp\/v2\/posts"}],"about":[{"href":"https:\/\/atecordoba.org\/index.php?rest_route=\/wp\/v2\/types\/post"}],"author":[{"embeddable":true,"href":"https:\/\/atecordoba.org\/index.php?rest_route=\/wp\/v2\/users\/1"}],"replies":[{"embeddable":true,"href":"https:\/\/atecordoba.org\/index.php?rest_route=%2Fwp%2Fv2%2Fcomments&post=4556"}],"version-history":[{"count":0,"href":"https:\/\/atecordoba.org\/index.php?rest_route=\/wp\/v2\/posts\/4556\/revisions"}],"wp:featuredmedia":[{"embeddable":true,"href":"https:\/\/atecordoba.org\/index.php?rest_route=\/wp\/v2\/media\/19220"}],"wp:attachment":[{"href":"https:\/\/atecordoba.org\/index.php?rest_route=%2Fwp%2Fv2%2Fmedia&parent=4556"}],"wp:term":[{"taxonomy":"category","embeddable":true,"href":"https:\/\/atecordoba.org\/index.php?rest_route=%2Fwp%2Fv2%2Fcategories&post=4556"},{"taxonomy":"post_tag","embeddable":true,"href":"https:\/\/atecordoba.org\/index.php?rest_route=%2Fwp%2Fv2%2Ftags&post=4556"}],"curies":[{"name":"wp","href":"https:\/\/api.w.org\/{rel}","templated":true}]}}