{"id":45505,"date":"2024-09-06T12:22:31","date_gmt":"2024-09-06T15:22:31","guid":{"rendered":"https:\/\/atecordoba.org\/?p=45505"},"modified":"2024-09-06T12:26:26","modified_gmt":"2024-09-06T15:26:26","slug":"descarga-la-planilla-para-exigir-la-eliminacion-del-fondo-del-apross","status":"publish","type":"post","link":"https:\/\/atecordoba.org\/?p=45505","title":{"rendered":"Descarg\u00e1 la Planilla para Exigir la Eliminaci\u00f3n del Fondo del APROSS"},"content":{"rendered":"<p><img loading=\"lazy\" decoding=\"async\" class=\"alignnone wp-image-45506 size-large\" src=\"https:\/\/atecordoba.org\/wp-content\/uploads\/2024\/09\/WhatsApp-Image-2024-09-06-at-11.55.44-AM-1024x1024.jpeg\" alt=\"\" width=\"1024\" height=\"1024\" srcset=\"https:\/\/atecordoba.org\/wp-content\/uploads\/2024\/09\/WhatsApp-Image-2024-09-06-at-11.55.44-AM-1024x1024.jpeg 1024w, https:\/\/atecordoba.org\/wp-content\/uploads\/2024\/09\/WhatsApp-Image-2024-09-06-at-11.55.44-AM-300x300.jpeg 300w, https:\/\/atecordoba.org\/wp-content\/uploads\/2024\/09\/WhatsApp-Image-2024-09-06-at-11.55.44-AM-150x150.jpeg 150w, https:\/\/atecordoba.org\/wp-content\/uploads\/2024\/09\/WhatsApp-Image-2024-09-06-at-11.55.44-AM-768x768.jpeg 768w, https:\/\/atecordoba.org\/wp-content\/uploads\/2024\/09\/WhatsApp-Image-2024-09-06-at-11.55.44-AM-560x560.jpeg 560w, https:\/\/atecordoba.org\/wp-content\/uploads\/2024\/09\/WhatsApp-Image-2024-09-06-at-11.55.44-AM-75x75.jpeg 75w, https:\/\/atecordoba.org\/wp-content\/uploads\/2024\/09\/WhatsApp-Image-2024-09-06-at-11.55.44-AM-350x350.jpeg 350w, https:\/\/atecordoba.org\/wp-content\/uploads\/2024\/09\/WhatsApp-Image-2024-09-06-at-11.55.44-AM-750x750.jpeg 750w, https:\/\/atecordoba.org\/wp-content\/uploads\/2024\/09\/WhatsApp-Image-2024-09-06-at-11.55.44-AM.jpeg 1080w\" sizes=\"auto, (max-width: 1024px) 100vw, 1024px\" \/><\/p>\n<p>Desde ATE C\u00f3rdoba invitamos a todos nuestros afiliados y afiliadas a sumarse a la iniciativa para exigir la eliminaci\u00f3n del Fondo de Enfermedades Catastr\u00f3ficas y el FOSAET, que consideramos abusivos y arbitrarios. Estos descuentos han aumentado desde principios de este a\u00f1o, elevando el porcentaje que se descuenta de nuestros salarios del 4,5% al 5,5%, afectando seriamente los ingresos de las y los trabajadores.<\/p>\n<p>A trav\u00e9s de esta planilla, buscamos que las autoridades provinciales, incluyendo el Directorio del APROSS y el Gobernador, escuchen el reclamo leg\u00edtimo de quienes somos parte del sistema de salud provincial. Es fundamental que los aumentos de aportes para los afiliados voluntarios no excedan el mismo porcentaje de los aumentos salariales, y que los pagos vuelvan a realizarse mediante el recibo de haberes, en lugar de ser debitados directamente de nuestras cuentas bancarias.<\/p>\n<p><strong>\u00bfQui\u00e9nes pueden participar?<\/strong><\/p>\n<ul>\n<li>Activos y Jubilados Provinciales<\/li>\n<li>Docentes<\/li>\n<li>Trabajadores\/as de la Salud<\/li>\n<li>Empleados\/as de la Administraci\u00f3n P\u00fablica Provincial<\/li>\n<li>Trabajadores\/as de los Municipios y Comunas de C\u00f3rdoba<\/li>\n<\/ul>\n<p><strong>\u00bfQu\u00e9 estamos exigiendo?<\/strong><\/p>\n<ol>\n<li>Eliminaci\u00f3n del Fondo de Enfermedades Catastr\u00f3ficas y el FOSaet.<\/li>\n<li>Que los incrementos de aportes no excedan los porcentajes de aumento salarial.<\/li>\n<li>Que los aportes vuelvan a ser descontados por recibo de haberes y no por d\u00e9bito bancario.<\/li>\n<\/ol>\n<p><strong>Sumate a este reclamo y descarg\u00e1 la planilla aqu\u00ed (APRET\u00c1 CLICK DERECHO EN LA IMAGEN Y SELECCION\u00c1 &#8220;GUARDAR IMAGEN COMO&#8221;):<\/strong><\/p>\n<a href=\"https:\/\/atecordoba.org\/wp-content\/uploads\/2024\/09\/Los-abajo-firmandes-1.pdf\" class=\"pdfemb-viewer\" style=\"\" data-width=\"max\" data-height=\"max\" data-toolbar=\"bottom\" data-toolbar-fixed=\"off\">Los abajo firmandes<\/a>\n<p>Llen\u00e1 la planilla con tus datos y firma, y hacela llegar a nuestra sede o contactanos para coordinar la entrega.<\/p>\n<p>\u00a1Es el momento de defender nuestros derechos y exigir condiciones justas para todas y todos los afiliados al APROSS!<\/p>\n<p><strong>ATE C\u00f3rdoba &#8211; Siempre en Defensa de los Derechos de las y los Trabajadores<\/strong><\/p>\n<p>&nbsp;<\/p>\n","protected":false},"excerpt":{"rendered":"<p>Desde ATE C\u00f3rdoba invitamos a todos nuestros afiliados y afiliadas a sumarse a la iniciativa para exigir la eliminaci\u00f3n del Fondo de Enfermedades Catastr\u00f3ficas y el FOSAET, que consideramos abusivos y arbitrarios. Estos descuentos han aumentado desde principios de este a\u00f1o, elevando el porcentaje que se descuenta de nuestros salarios del 4,5% al 5,5%, afectando [&hellip;]<\/p>\n","protected":false},"author":3,"featured_media":45506,"comment_status":"open","ping_status":"open","sticky":false,"template":"","format":"standard","meta":{"_exactmetrics_skip_tracking":false,"_exactmetrics_sitenote_active":false,"_exactmetrics_sitenote_note":"","_exactmetrics_sitenote_category":0,"jnews-multi-image_gallery":[],"jnews_single_post":{"format":"standard","override":[{"template":"1","parallax":"1","fullscreen":"1","layout":"no-sidebar-narrow","sidebar":"default-sidebar","second_sidebar":"default-sidebar","sticky_sidebar":"1","share_position":"bottom","share_float_style":"share-monocrhome","show_share_counter":"1","show_view_counter":"1","show_post_meta":"1","show_post_author_image":"1","show_post_date":"1","post_date_format":"default","post_date_format_custom":"Y\/m\/d","show_post_category":"1","show_post_reading_time":"0","post_reading_time_wpm":"300","post_calculate_word_method":"str_word_count","show_zoom_button":"0","zoom_button_out_step":"2","zoom_button_in_step":"3","show_post_tag":"1","number_popup_post":"1","show_post_related":"1","show_inline_post_related":"0"}],"image_override":[{"single_post_thumbnail_size":"crop-500","single_post_gallery_size":"crop-500"}],"trending_post_position":"meta","trending_post_label":"Trending","sponsored_post_label":"Sponsored by","disable_ad":"0"},"jnews_primary_category":[],"jnews_social_meta":[],"jnews_review":[],"enable_review":"","type":"percentage","name":"","summary":"","brand":"","sku":"","good":[],"bad":[],"score_override":"","override_value":"","rating":[],"price":[],"jnews_override_counter":{"view_counter_number":"0","share_counter_number":"0","like_counter_number":"0","dislike_counter_number":"0"},"jnews_post_split":{"post_split":[{"template":"1","tag":"h2","numbering":"asc","mode":"normal","first":"0","enable_toc":"0","toc_type":"normal"}]},"footnotes":""},"categories":[8],"tags":[],"class_list":["post-45505","post","type-post","status-publish","format-standard","has-post-thumbnail","hentry","category-provinciales"],"jetpack_featured_media_url":"https:\/\/atecordoba.org\/wp-content\/uploads\/2024\/09\/WhatsApp-Image-2024-09-06-at-11.55.44-AM.jpeg","_links":{"self":[{"href":"https:\/\/atecordoba.org\/index.php?rest_route=\/wp\/v2\/posts\/45505","targetHints":{"allow":["GET"]}}],"collection":[{"href":"https:\/\/atecordoba.org\/index.php?rest_route=\/wp\/v2\/posts"}],"about":[{"href":"https:\/\/atecordoba.org\/index.php?rest_route=\/wp\/v2\/types\/post"}],"author":[{"embeddable":true,"href":"https:\/\/atecordoba.org\/index.php?rest_route=\/wp\/v2\/users\/3"}],"replies":[{"embeddable":true,"href":"https:\/\/atecordoba.org\/index.php?rest_route=%2Fwp%2Fv2%2Fcomments&post=45505"}],"version-history":[{"count":4,"href":"https:\/\/atecordoba.org\/index.php?rest_route=\/wp\/v2\/posts\/45505\/revisions"}],"predecessor-version":[{"id":45513,"href":"https:\/\/atecordoba.org\/index.php?rest_route=\/wp\/v2\/posts\/45505\/revisions\/45513"}],"wp:featuredmedia":[{"embeddable":true,"href":"https:\/\/atecordoba.org\/index.php?rest_route=\/wp\/v2\/media\/45506"}],"wp:attachment":[{"href":"https:\/\/atecordoba.org\/index.php?rest_route=%2Fwp%2Fv2%2Fmedia&parent=45505"}],"wp:term":[{"taxonomy":"category","embeddable":true,"href":"https:\/\/atecordoba.org\/index.php?rest_route=%2Fwp%2Fv2%2Fcategories&post=45505"},{"taxonomy":"post_tag","embeddable":true,"href":"https:\/\/atecordoba.org\/index.php?rest_route=%2Fwp%2Fv2%2Ftags&post=45505"}],"curies":[{"name":"wp","href":"https:\/\/api.w.org\/{rel}","templated":true}]}}