{"id":45493,"date":"2024-09-06T10:34:36","date_gmt":"2024-09-06T13:34:36","guid":{"rendered":"https:\/\/atecordoba.org\/?p=45493"},"modified":"2024-09-06T10:34:36","modified_gmt":"2024-09-06T13:34:36","slug":"se-afianza-la-estrategia-de-ate-cordoba-en-los-municipios","status":"publish","type":"post","link":"https:\/\/atecordoba.org\/?p=45493","title":{"rendered":"Se afianza la estrategia de ATE C\u00f3rdoba en los municipios"},"content":{"rendered":"<div class=\"flex max-w-full flex-col flex-grow\">\n<div class=\"min-h-[20px] text-message flex w-full flex-col items-end gap-2 whitespace-normal break-words [.text-message+&amp;]:mt-5 overflow-x-auto\" dir=\"auto\" data-message-author-role=\"assistant\" data-message-id=\"205a774c-7e0d-4c21-8cb9-11fbcbb0c15b\">\n<div class=\"flex w-full flex-col gap-1 empty:hidden first:pt-[3px]\">\n<div class=\"markdown prose w-full break-words dark:prose-invert light\">\n<p><img loading=\"lazy\" decoding=\"async\" class=\"alignnone wp-image-45495 size-large\" src=\"https:\/\/atecordoba.org\/wp-content\/uploads\/2024\/09\/WhatsApp-Image-2024-09-06-at-10.26.21-AM-1024x768.jpeg\" alt=\"\" width=\"1024\" height=\"768\" srcset=\"https:\/\/atecordoba.org\/wp-content\/uploads\/2024\/09\/WhatsApp-Image-2024-09-06-at-10.26.21-AM-1024x768.jpeg 1024w, https:\/\/atecordoba.org\/wp-content\/uploads\/2024\/09\/WhatsApp-Image-2024-09-06-at-10.26.21-AM-300x225.jpeg 300w, https:\/\/atecordoba.org\/wp-content\/uploads\/2024\/09\/WhatsApp-Image-2024-09-06-at-10.26.21-AM-768x576.jpeg 768w, https:\/\/atecordoba.org\/wp-content\/uploads\/2024\/09\/WhatsApp-Image-2024-09-06-at-10.26.21-AM-1536x1152.jpeg 1536w, https:\/\/atecordoba.org\/wp-content\/uploads\/2024\/09\/WhatsApp-Image-2024-09-06-at-10.26.21-AM-2048x1536.jpeg 2048w, https:\/\/atecordoba.org\/wp-content\/uploads\/2024\/09\/WhatsApp-Image-2024-09-06-at-10.26.21-AM-750x563.jpeg 750w, https:\/\/atecordoba.org\/wp-content\/uploads\/2024\/09\/WhatsApp-Image-2024-09-06-at-10.26.21-AM-1140x855.jpeg 1140w\" sizes=\"auto, (max-width: 1024px) 100vw, 1024px\" \/><\/p>\n<p>Esta semana, ATE C\u00f3rdoba ha fortalecido su presencia en los municipios del interior provincial con una serie de reuniones y plenarios clave, impulsando la organizaci\u00f3n y defensa de los derechos laborales de las y los trabajadores municipales.<\/p>\n<p><strong>Tancacha: Apertura de relaciones laborales<\/strong><\/p>\n<p><img loading=\"lazy\" decoding=\"async\" class=\"alignnone size-medium wp-image-45497\" src=\"https:\/\/atecordoba.org\/wp-content\/uploads\/2024\/09\/WhatsApp-Image-2024-09-06-at-10.26.43-AM-169x300.jpeg\" alt=\"\" width=\"169\" height=\"300\" srcset=\"https:\/\/atecordoba.org\/wp-content\/uploads\/2024\/09\/WhatsApp-Image-2024-09-06-at-10.26.43-AM-169x300.jpeg 169w, https:\/\/atecordoba.org\/wp-content\/uploads\/2024\/09\/WhatsApp-Image-2024-09-06-at-10.26.43-AM-576x1024.jpeg 576w, https:\/\/atecordoba.org\/wp-content\/uploads\/2024\/09\/WhatsApp-Image-2024-09-06-at-10.26.43-AM.jpeg 720w\" sizes=\"auto, (max-width: 169px) 100vw, 169px\" \/><\/p>\n<p>El 5 de septiembre, desde el Consejo Directivo Provincial de ATE C\u00f3rdoba solicitamos la apertura de la mesa de relaciones laborales en el municipio de Tancacha, con el objetivo de mejorar las condiciones salariales de jornaleros y contratados, as\u00ed como de aquellos trabajadores pr\u00f3ximos a jubilarse.<\/p>\n<p><strong>Nono: Primer audiencia institucional<\/strong><\/p>\n<p><img loading=\"lazy\" decoding=\"async\" class=\"alignnone size-medium wp-image-45496\" src=\"https:\/\/atecordoba.org\/wp-content\/uploads\/2024\/09\/WhatsApp-Image-2024-09-06-at-10.26.44-AM-300x169.jpeg\" alt=\"\" width=\"300\" height=\"169\" srcset=\"https:\/\/atecordoba.org\/wp-content\/uploads\/2024\/09\/WhatsApp-Image-2024-09-06-at-10.26.44-AM-300x169.jpeg 300w, https:\/\/atecordoba.org\/wp-content\/uploads\/2024\/09\/WhatsApp-Image-2024-09-06-at-10.26.44-AM-1024x576.jpeg 1024w, https:\/\/atecordoba.org\/wp-content\/uploads\/2024\/09\/WhatsApp-Image-2024-09-06-at-10.26.44-AM-768x432.jpeg 768w, https:\/\/atecordoba.org\/wp-content\/uploads\/2024\/09\/WhatsApp-Image-2024-09-06-at-10.26.44-AM-1536x864.jpeg 1536w, https:\/\/atecordoba.org\/wp-content\/uploads\/2024\/09\/WhatsApp-Image-2024-09-06-at-10.26.44-AM-750x422.jpeg 750w, https:\/\/atecordoba.org\/wp-content\/uploads\/2024\/09\/WhatsApp-Image-2024-09-06-at-10.26.44-AM-1140x641.jpeg 1140w, https:\/\/atecordoba.org\/wp-content\/uploads\/2024\/09\/WhatsApp-Image-2024-09-06-at-10.26.44-AM.jpeg 1599w\" sizes=\"auto, (max-width: 300px) 100vw, 300px\" \/><\/p>\n<p>En el Valle de Traslasierra, una delegaci\u00f3n de ATE-CTAA mantuvo su primer audiencia institucional con el intendente de Nono, Mat\u00edas Ram\u00edrez. Los referentes de ATE, Milagros Sozzi, Nicol\u00e1s Gonz\u00e1lez y Diego Ferreyra, presentaron la necesidad de un aumento salarial, incorporaci\u00f3n de incrementos al b\u00e1sico para quienes est\u00e9n pr\u00f3ximos a jubilarse y la apertura de paritarias. ATE contin\u00faa su expansi\u00f3n en Traslasierra, consolidando la organizaci\u00f3n de trabajadoras y trabajadores estatales.<\/p>\n<p><strong>Plenarios en R\u00edo Tercero y Villa Mar\u00eda<\/strong><\/p>\n<p><img loading=\"lazy\" decoding=\"async\" class=\"alignnone size-medium wp-image-45498\" src=\"https:\/\/atecordoba.org\/wp-content\/uploads\/2024\/09\/WhatsApp-Image-2024-09-06-at-10.26.20-AM-2-300x223.jpeg\" alt=\"\" width=\"300\" height=\"223\" srcset=\"https:\/\/atecordoba.org\/wp-content\/uploads\/2024\/09\/WhatsApp-Image-2024-09-06-at-10.26.20-AM-2-300x223.jpeg 300w, https:\/\/atecordoba.org\/wp-content\/uploads\/2024\/09\/WhatsApp-Image-2024-09-06-at-10.26.20-AM-2-1024x761.jpeg 1024w, https:\/\/atecordoba.org\/wp-content\/uploads\/2024\/09\/WhatsApp-Image-2024-09-06-at-10.26.20-AM-2-768x570.jpeg 768w, https:\/\/atecordoba.org\/wp-content\/uploads\/2024\/09\/WhatsApp-Image-2024-09-06-at-10.26.20-AM-2-1536x1141.jpeg 1536w, https:\/\/atecordoba.org\/wp-content\/uploads\/2024\/09\/WhatsApp-Image-2024-09-06-at-10.26.20-AM-2-2048x1521.jpeg 2048w, https:\/\/atecordoba.org\/wp-content\/uploads\/2024\/09\/WhatsApp-Image-2024-09-06-at-10.26.20-AM-2-750x557.jpeg 750w, https:\/\/atecordoba.org\/wp-content\/uploads\/2024\/09\/WhatsApp-Image-2024-09-06-at-10.26.20-AM-2-1140x847.jpeg 1140w\" sizes=\"auto, (max-width: 300px) 100vw, 300px\" \/> <img loading=\"lazy\" decoding=\"async\" class=\"alignnone size-medium wp-image-45499\" src=\"https:\/\/atecordoba.org\/wp-content\/uploads\/2024\/09\/WhatsApp-Image-2024-09-06-at-10.26.20-AM-1-300x225.jpeg\" alt=\"\" width=\"300\" height=\"225\" srcset=\"https:\/\/atecordoba.org\/wp-content\/uploads\/2024\/09\/WhatsApp-Image-2024-09-06-at-10.26.20-AM-1-300x225.jpeg 300w, https:\/\/atecordoba.org\/wp-content\/uploads\/2024\/09\/WhatsApp-Image-2024-09-06-at-10.26.20-AM-1-1024x768.jpeg 1024w, https:\/\/atecordoba.org\/wp-content\/uploads\/2024\/09\/WhatsApp-Image-2024-09-06-at-10.26.20-AM-1-768x576.jpeg 768w, https:\/\/atecordoba.org\/wp-content\/uploads\/2024\/09\/WhatsApp-Image-2024-09-06-at-10.26.20-AM-1-1536x1152.jpeg 1536w, https:\/\/atecordoba.org\/wp-content\/uploads\/2024\/09\/WhatsApp-Image-2024-09-06-at-10.26.20-AM-1-2048x1536.jpeg 2048w, https:\/\/atecordoba.org\/wp-content\/uploads\/2024\/09\/WhatsApp-Image-2024-09-06-at-10.26.20-AM-1-750x563.jpeg 750w, https:\/\/atecordoba.org\/wp-content\/uploads\/2024\/09\/WhatsApp-Image-2024-09-06-at-10.26.20-AM-1-1140x855.jpeg 1140w\" sizes=\"auto, (max-width: 300px) 100vw, 300px\" \/> <img loading=\"lazy\" decoding=\"async\" class=\"alignnone size-medium wp-image-45500\" src=\"https:\/\/atecordoba.org\/wp-content\/uploads\/2024\/09\/WhatsApp-Image-2024-09-06-at-10.26.20-AM-225x300.jpeg\" alt=\"\" width=\"225\" height=\"300\" srcset=\"https:\/\/atecordoba.org\/wp-content\/uploads\/2024\/09\/WhatsApp-Image-2024-09-06-at-10.26.20-AM-225x300.jpeg 225w, https:\/\/atecordoba.org\/wp-content\/uploads\/2024\/09\/WhatsApp-Image-2024-09-06-at-10.26.20-AM-768x1024.jpeg 768w, https:\/\/atecordoba.org\/wp-content\/uploads\/2024\/09\/WhatsApp-Image-2024-09-06-at-10.26.20-AM-1152x1536.jpeg 1152w, https:\/\/atecordoba.org\/wp-content\/uploads\/2024\/09\/WhatsApp-Image-2024-09-06-at-10.26.20-AM-750x1000.jpeg 750w, https:\/\/atecordoba.org\/wp-content\/uploads\/2024\/09\/WhatsApp-Image-2024-09-06-at-10.26.20-AM-1140x1520.jpeg 1140w, https:\/\/atecordoba.org\/wp-content\/uploads\/2024\/09\/WhatsApp-Image-2024-09-06-at-10.26.20-AM.jpeg 1200w\" sizes=\"auto, (max-width: 225px) 100vw, 225px\" \/> <img loading=\"lazy\" decoding=\"async\" class=\"alignnone size-medium wp-image-45501\" src=\"https:\/\/atecordoba.org\/wp-content\/uploads\/2024\/09\/WhatsApp-Image-2024-09-06-at-10.26.21-AM-1-300x225.jpeg\" alt=\"\" width=\"300\" height=\"225\" srcset=\"https:\/\/atecordoba.org\/wp-content\/uploads\/2024\/09\/WhatsApp-Image-2024-09-06-at-10.26.21-AM-1-300x225.jpeg 300w, https:\/\/atecordoba.org\/wp-content\/uploads\/2024\/09\/WhatsApp-Image-2024-09-06-at-10.26.21-AM-1-1024x768.jpeg 1024w, https:\/\/atecordoba.org\/wp-content\/uploads\/2024\/09\/WhatsApp-Image-2024-09-06-at-10.26.21-AM-1-768x576.jpeg 768w, https:\/\/atecordoba.org\/wp-content\/uploads\/2024\/09\/WhatsApp-Image-2024-09-06-at-10.26.21-AM-1-1536x1152.jpeg 1536w, https:\/\/atecordoba.org\/wp-content\/uploads\/2024\/09\/WhatsApp-Image-2024-09-06-at-10.26.21-AM-1-2048x1536.jpeg 2048w, https:\/\/atecordoba.org\/wp-content\/uploads\/2024\/09\/WhatsApp-Image-2024-09-06-at-10.26.21-AM-1-750x563.jpeg 750w, https:\/\/atecordoba.org\/wp-content\/uploads\/2024\/09\/WhatsApp-Image-2024-09-06-at-10.26.21-AM-1-1140x855.jpeg 1140w\" sizes=\"auto, (max-width: 300px) 100vw, 300px\" \/><\/p>\n<p>ATE tambi\u00e9n llev\u00f3 a cabo plenarios en las seccionales de R\u00edo Tercero y Villa Mar\u00eda. Nuestro secretario general, Federico Giuliani, destac\u00f3 la importancia de estos encuentros como preparaci\u00f3n para el Plenario Provincial de Municipales que tendr\u00e1 lugar en octubre. Giuliani expres\u00f3: &#8220;Estamos plant\u00e1ndonos ante los intendentes que se comportan como patrones de estancia. Vamos por salarios dignos, estabilidad laboral y convenios colectivos de trabajo&#8221;.<\/p>\n<p>En estos plenarios, participaron delegados y delegadas de varias localidades, incluyendo Villa Mar\u00eda, Bell Ville, Leones y Monte Le\u00f1a, sum\u00e1ndose a la lucha por mejores condiciones laborales y la dignificaci\u00f3n del sector municipal.<\/p>\n<p><strong>Declaraciones de Federico Giuliani<\/strong><\/p>\n<p><img loading=\"lazy\" decoding=\"async\" class=\"alignnone size-medium wp-image-45502\" src=\"https:\/\/atecordoba.org\/wp-content\/uploads\/2024\/09\/2ba2a485-c8fd-4c81-90b7-39d4606503f4-300x169.jpg\" alt=\"\" width=\"300\" height=\"169\" srcset=\"https:\/\/atecordoba.org\/wp-content\/uploads\/2024\/09\/2ba2a485-c8fd-4c81-90b7-39d4606503f4-300x169.jpg 300w, https:\/\/atecordoba.org\/wp-content\/uploads\/2024\/09\/2ba2a485-c8fd-4c81-90b7-39d4606503f4-1024x576.jpg 1024w, https:\/\/atecordoba.org\/wp-content\/uploads\/2024\/09\/2ba2a485-c8fd-4c81-90b7-39d4606503f4-768x432.jpg 768w, https:\/\/atecordoba.org\/wp-content\/uploads\/2024\/09\/2ba2a485-c8fd-4c81-90b7-39d4606503f4-1536x864.jpg 1536w, https:\/\/atecordoba.org\/wp-content\/uploads\/2024\/09\/2ba2a485-c8fd-4c81-90b7-39d4606503f4-2048x1153.jpg 2048w, https:\/\/atecordoba.org\/wp-content\/uploads\/2024\/09\/2ba2a485-c8fd-4c81-90b7-39d4606503f4-750x422.jpg 750w, https:\/\/atecordoba.org\/wp-content\/uploads\/2024\/09\/2ba2a485-c8fd-4c81-90b7-39d4606503f4-1140x642.jpg 1140w\" sizes=\"auto, (max-width: 300px) 100vw, 300px\" \/><\/p>\n<p>&#8220;Estamos dando otro paso importante en esta serie de plenarios, enfoc\u00e1ndonos en los trabajadores municipales, el sector m\u00e1s castigado del empleo p\u00fablico. Vamos a plantarnos ante los intendentes, exigiendo salarios dignos y convenios colectivos de trabajo. ATE se est\u00e1 convirtiendo en la alternativa que romper\u00e1 con la burocracia sindical de la Federaci\u00f3n de Gremios Municipales&#8221;, afirm\u00f3 Giuliani.<\/p>\n<p><strong>Hacia el Plenario Provincial de Municipales<\/strong><\/p>\n<p>El Consejo Directivo Provincial ha decidido avanzar hacia un <strong>Plenario Provincial de Delegados Municipales<\/strong>, que se celebrar\u00e1 a principios de octubre. El prop\u00f3sito es fortalecer la representaci\u00f3n gremial en los municipios y comunas de la provincia de C\u00f3rdoba, llevando la lucha por mejores salarios, estabilidad laboral y derechos laborales a todos los rincones del territorio.<\/p>\n<p>ATE C\u00f3rdoba sigue creciendo y afianzando su presencia, apostando por la organizaci\u00f3n y la lucha como herramientas fundamentales para mejorar las condiciones de trabajo de las y los municipales.<\/p>\n<p><strong>\u00a1Seguimos en pie de lucha!<\/strong><\/p>\n<\/div>\n<\/div>\n<\/div>\n<\/div>\n","protected":false},"excerpt":{"rendered":"<p>Esta semana, ATE C\u00f3rdoba ha fortalecido su presencia en los municipios del interior provincial con una serie de reuniones y plenarios clave, impulsando la organizaci\u00f3n y defensa de los derechos laborales de las y los trabajadores municipales. Tancacha: Apertura de relaciones laborales El 5 de septiembre, desde el Consejo Directivo Provincial de ATE C\u00f3rdoba solicitamos [&hellip;]<\/p>\n","protected":false},"author":3,"featured_media":45495,"comment_status":"open","ping_status":"open","sticky":false,"template":"","format":"standard","meta":{"_exactmetrics_skip_tracking":false,"_exactmetrics_sitenote_active":false,"_exactmetrics_sitenote_note":"","_exactmetrics_sitenote_category":0,"jnews-multi-image_gallery":[],"jnews_single_post":{"format":"standard","override":[{"template":"1","parallax":"1","fullscreen":"1","layout":"no-sidebar-narrow","sidebar":"default-sidebar","second_sidebar":"default-sidebar","sticky_sidebar":"1","share_position":"bottom","share_float_style":"share-monocrhome","show_share_counter":"1","show_view_counter":"1","show_post_meta":"1","show_post_author_image":"1","show_post_date":"1","post_date_format":"default","post_date_format_custom":"Y\/m\/d","show_post_category":"1","show_post_reading_time":"0","post_reading_time_wpm":"300","post_calculate_word_method":"str_word_count","show_zoom_button":"0","zoom_button_out_step":"2","zoom_button_in_step":"3","show_post_tag":"1","number_popup_post":"1","show_post_related":"1","show_inline_post_related":"0"}],"image_override":[{"single_post_thumbnail_size":"crop-500","single_post_gallery_size":"crop-500"}],"trending_post_position":"meta","trending_post_label":"Trending","sponsored_post_label":"Sponsored by","disable_ad":"0"},"jnews_primary_category":[],"jnews_social_meta":[],"jnews_review":[],"enable_review":"","type":"percentage","name":"","summary":"","brand":"","sku":"","good":[],"bad":[],"score_override":"","override_value":"","rating":[],"price":[],"jnews_override_counter":{"view_counter_number":"0","share_counter_number":"0","like_counter_number":"0","dislike_counter_number":"0"},"jnews_post_split":{"post_split":[{"template":"1","tag":"h2","numbering":"asc","mode":"normal","first":"0","enable_toc":"0","toc_type":"normal"}]},"footnotes":""},"categories":[20],"tags":[],"class_list":["post-45493","post","type-post","status-publish","format-standard","has-post-thumbnail","hentry","category-municipales"],"jetpack_featured_media_url":"https:\/\/atecordoba.org\/wp-content\/uploads\/2024\/09\/WhatsApp-Image-2024-09-06-at-10.26.21-AM-scaled.jpeg","_links":{"self":[{"href":"https:\/\/atecordoba.org\/index.php?rest_route=\/wp\/v2\/posts\/45493","targetHints":{"allow":["GET"]}}],"collection":[{"href":"https:\/\/atecordoba.org\/index.php?rest_route=\/wp\/v2\/posts"}],"about":[{"href":"https:\/\/atecordoba.org\/index.php?rest_route=\/wp\/v2\/types\/post"}],"author":[{"embeddable":true,"href":"https:\/\/atecordoba.org\/index.php?rest_route=\/wp\/v2\/users\/3"}],"replies":[{"embeddable":true,"href":"https:\/\/atecordoba.org\/index.php?rest_route=%2Fwp%2Fv2%2Fcomments&post=45493"}],"version-history":[{"count":1,"href":"https:\/\/atecordoba.org\/index.php?rest_route=\/wp\/v2\/posts\/45493\/revisions"}],"predecessor-version":[{"id":45503,"href":"https:\/\/atecordoba.org\/index.php?rest_route=\/wp\/v2\/posts\/45493\/revisions\/45503"}],"wp:featuredmedia":[{"embeddable":true,"href":"https:\/\/atecordoba.org\/index.php?rest_route=\/wp\/v2\/media\/45495"}],"wp:attachment":[{"href":"https:\/\/atecordoba.org\/index.php?rest_route=%2Fwp%2Fv2%2Fmedia&parent=45493"}],"wp:term":[{"taxonomy":"category","embeddable":true,"href":"https:\/\/atecordoba.org\/index.php?rest_route=%2Fwp%2Fv2%2Fcategories&post=45493"},{"taxonomy":"post_tag","embeddable":true,"href":"https:\/\/atecordoba.org\/index.php?rest_route=%2Fwp%2Fv2%2Ftags&post=45493"}],"curies":[{"name":"wp","href":"https:\/\/api.w.org\/{rel}","templated":true}]}}