{"id":45491,"date":"2024-09-06T10:24:06","date_gmt":"2024-09-06T13:24:06","guid":{"rendered":"https:\/\/atecordoba.org\/?p=45491"},"modified":"2024-09-06T10:24:06","modified_gmt":"2024-09-06T13:24:06","slug":"hoy-mas-que-nunca-la-discusion-sigue-siendo-patria-o-colonia","status":"publish","type":"post","link":"https:\/\/atecordoba.org\/?p=45491","title":{"rendered":"Hoy, m\u00e1s que nunca, la discusi\u00f3n sigue siendo patria o colonia"},"content":{"rendered":"<h3 class=\"wp-block-heading\">En conversaci\u00f3n con el resaltador Federico Giuliani, secretario general de ATE C\u00f3rdoba, evalu\u00f3, en t\u00e9rminos nacionales e internacionales, el sistema de integraci\u00f3n que propone el gobierno de Javier Milei. \u00abLamentablemente, a 41 a\u00f1os de recuperar la democracia todav\u00eda tenemos un anclaje semi-colonial\u00bb expres\u00f3.<\/h3>\n<p><img loading=\"lazy\" decoding=\"async\" class=\"size-medium wp-image-45038 alignleft\" src=\"https:\/\/atecordoba.org\/wp-content\/uploads\/2024\/08\/Imagen-de-WhatsApp-2024-08-07-a-las-15.12.07_73924f08-257x300.jpg\" alt=\"\" width=\"257\" height=\"300\" \/><\/p>\n<p>Patria o colonia parece ser una discusi\u00f3n anclada en tiempos anteriores,\u00a0<strong>en donde el sistema mundo le ped\u00eda a la Argentina que decida ser una naci\u00f3n soberana o un engranaje m\u00e1s del capitalismo.<\/strong><\/p>\n<p>La asunci\u00f3n de Javier Milei como presidente, las pol\u00edticas econ\u00f3micas como la del RIGI, la llegada de inversiones extranjeras, la explotaci\u00f3n de los recursos naturales, el modelo productivo y la vinculaci\u00f3n con otros pa\u00edses del Gobierno nacional, parecen haber actualizado la discusi\u00f3n.<\/p>\n<p>En este sentido es que se expres\u00f3 Federico Giuliani, secretario general de ATE C\u00f3rdoba y de la CTA A \u2013 C\u00f3rdoba, sobre la pol\u00edtica de la administraci\u00f3n nacional.<\/p>\n<p>\u00abCreo que lo primero que hay que preguntarse es cual es el rol del Estado en esta etapa. Porque es un verso lo que dice Milei de terminar con el Estado. El Estado va a existir siempre:\u00a0<strong>el tema es si el Estado va a ser una estructura llevada a su m\u00ednima expresi\u00f3n en la perspectiva de llegar a las comunidades y que sea un estado que le garantice a los grupos concentrados seguir acumulando riqueza o que haya un estado de bienestar que despliega pol\u00edticas p\u00fablicas que garantizan derechos al pueblo<\/strong>\u00ab.<\/p>\n<p>Al respecto, profundiz\u00f3 que actualmente hay una mirada de despersonalizar la presencia del Estado, echando trabajadores, cerrando organismos y poniendo una app o un 0800 en su lugar.<\/p>\n<p>Esto genera \u00abun gran desmembramiento social. Nuestra comunidad est\u00e1 totalmente desmembrada, est\u00e1 roto el tejido social. Pero tambi\u00e9n ac\u00e1 lo que hay que plantear es que desde la d\u00e9cada del 90 hasta hoy, hay un proceso de desintegraci\u00f3n nacional.<strong>\u00a0El menemismo lo que logr\u00f3 con la descentralizaci\u00f3n del Estado nacional, es crear en las provincias feudos en donde cada provincia define su pol\u00edtica educativa, su pol\u00edtica de salud, su pol\u00edtica social y sus acuerdos en cuanto a la explotaci\u00f3n de los recursos naturales de manera particular\u00bb apunt\u00f3 Giuliani.<\/strong><\/p>\n<p>A su vez, indic\u00f3 que el proceso de desintegraci\u00f3n nacional va hacia una \u201cbalcanizaci\u00f3n\u201d del pa\u00eds. De esta manera,<strong>\u00a0cada provincia decide, por ejemplo, las regal\u00edas que cobra por la extracci\u00f3n de recursos naturales.<\/strong><\/p>\n<p>\u00abSeguimos teniendo un modelo extractivista que en los procesos progresistas se maquill\u00f3, pero que nunca fue a fondo ni contra la renta minera, ni contra la renta financiera, (de hecho la ley sigue siendo la de Mart\u00ednez de Hoz), ni contra la renta petrolera\u00bb.<\/p>\n<p>\u00abAhora, hay un nuevo posicionamiento geopol\u00edtico internacional del gobierno de Javier Milei, que ha dejado de lado el grupo Puebla en Am\u00e9rica Latina, para recostarse sobre el grupo Lima, que son los sectores m\u00e1s reaccionarios. Ha dejado de lado las pol\u00edticas de los BRICS que te plantean un mundo multipolar para recostarse sobre un mundo unipolar con eje en el imperio yanqui. Hay un posicionamiento del gobierno argentino de convertir a nuestro pa\u00eds en el patio trasero de los americanos\u00bb, destac\u00f3 el secretario general de ATE C\u00f3rdoba.<\/p>\n<p>Al respecto, mencion\u00f3 el ejemplo de la instalaci\u00f3n de una base naval de Estados Unidos en la provincia de Tierra del Fuego. Agreg\u00f3 que\u00a0<strong>existe una correlaci\u00f3n entre esta pol\u00edtica internacional y la legislaci\u00f3n que pretenden desde la administraci\u00f3n de Milei como la Ley Bases.<\/strong><\/p>\n<blockquote class=\"wp-block-quote is-layout-flow wp-block-quote-is-layout-flow\"><p>No me cabe la menor duda de que la ley bases no solamente vino con la reforma laboral, la reforma previsional, contra los derechos del pueblo trabajador, contra los intereses del pueblo argentino, sino que vino a rifar sobre soberan\u00eda. Est\u00e1 claro que hoy el sistema capitalista y los modos de producci\u00f3n necesitan cada vez m\u00e1s recursos naturales y de insumos como el litio.<\/p><\/blockquote>\n<p>En este sentido, se\u00f1al\u00f3 la visita de Javier Milei a Elon Musk, presidente de Tesla, empresa norteamericana de autom\u00f3viles el\u00e9ctricos cuya bater\u00eda funciona principalmente con base en ese mineral. Indic\u00f3 que el magnate precisa litio, a bajo costo, (\u00absi es regalado, mejor\u00bb) y para eso se implement\u00f3 el R\u00e9gimen de Incentivo a las Grandes Inversiones (RIGI).<\/p>\n<p>\u00abEsto tiene que ver con un plan americano que intenta que las provincias sean distintos territorios en una misma naci\u00f3n. Por lo cual,\u00a0<strong>hoy m\u00e1s que nunca, la discusi\u00f3n sigue siendo como 1810 o en 1816 si queremos construir un proyecto de liberaci\u00f3n nacional o de dependencia. La discusi\u00f3n es patria o colonia.\u00a0<\/strong>Lamentablemente, a 41 a\u00f1os de recuperar la democracia todav\u00eda tenemos un anclaje semi colonial\u00bb apunt\u00f3 Giuliani.<\/p>\n<p><img loading=\"lazy\" decoding=\"async\" class=\"size-medium wp-image-45473 alignright\" src=\"https:\/\/atecordoba.org\/wp-content\/uploads\/2024\/09\/WhatsApp-Image-2024-09-04-at-3.04.53-PM-300x225.jpeg\" alt=\"\" width=\"300\" height=\"225\" srcset=\"https:\/\/atecordoba.org\/wp-content\/uploads\/2024\/09\/WhatsApp-Image-2024-09-04-at-3.04.53-PM-300x225.jpeg 300w, https:\/\/atecordoba.org\/wp-content\/uploads\/2024\/09\/WhatsApp-Image-2024-09-04-at-3.04.53-PM-1024x769.jpeg 1024w, https:\/\/atecordoba.org\/wp-content\/uploads\/2024\/09\/WhatsApp-Image-2024-09-04-at-3.04.53-PM-768x577.jpeg 768w, https:\/\/atecordoba.org\/wp-content\/uploads\/2024\/09\/WhatsApp-Image-2024-09-04-at-3.04.53-PM-1536x1153.jpeg 1536w, https:\/\/atecordoba.org\/wp-content\/uploads\/2024\/09\/WhatsApp-Image-2024-09-04-at-3.04.53-PM-2048x1537.jpeg 2048w, https:\/\/atecordoba.org\/wp-content\/uploads\/2024\/09\/WhatsApp-Image-2024-09-04-at-3.04.53-PM-750x563.jpeg 750w, https:\/\/atecordoba.org\/wp-content\/uploads\/2024\/09\/WhatsApp-Image-2024-09-04-at-3.04.53-PM-1140x856.jpeg 1140w\" sizes=\"auto, (max-width: 300px) 100vw, 300px\" \/><\/p>\n<h3 class=\"wp-block-heading\">Privatizaciones<\/h3>\n<p>En la Ley Bases aprobada, adem\u00e1s del RIGI, reformas laborales y otras modificaciones, se aprob\u00f3 un listado de empresas del Estado plausibles de privatizar.<\/p>\n<p>El secretario de ATE C\u00f3rdoba indic\u00f3 que<strong>\u00a0el gobierno de Javier Milei representa una vuelta a la d\u00e9cada del 90 y una reivindicaci\u00f3n expl\u00edcita del menemismo.<\/strong><\/p>\n<p>\u00abEn los 90 sucedi\u00f3 algo muy similar que era el despido para los que quedaban laburando, la precarizaci\u00f3n al palo y la venta de empresas estatales que generan guita y no son deficitarias, pero aparte brindan servicio a nuestro pueblo, garantizan derechos, y no deber\u00edan hacer negocios\u00bb destac\u00f3 Giuliani.<\/p>\n<p>Este proceso de privatizaciones viene acompa\u00f1ado de\u00a0<strong>\u00abreformas laborales\u00bb que se asocian a la flexibilizaci\u00f3n laboral, a formas de contrataci\u00f3n precarizadas y explotaci\u00f3n laboral.<\/strong><\/p>\n<blockquote class=\"wp-block-quote is-layout-flow wp-block-quote-is-layout-flow\"><p>Insisto, con la tarea que le han encargado a Federico Sturzenegger como ministro de Desregulaci\u00f3n del Estado, traen un abanico de reformas que nos retrotrae a un estado m\u00e1s parecido al de 1880 o principios de 1900, que a un Estado moderno del siglo XXI.<\/p><\/blockquote>\n<p>Por otra parte, expuso que\u00a0<strong>las privatizaciones de las empresas p\u00fablicas, significa \u00abla venta de las joyas de la abuela\u00bb porque \u00abgeneran producci\u00f3n para la defensa de la soberan\u00eda nacional\u00bb<\/strong>. A modo de ejemplo, mencion\u00f3 a Aerol\u00edneas Argentinas, a las centrales nucleares, CONAE, Farbicaciones Militares y Dioxitek (ubicada en C\u00f3rdoba y una de las pocas empresas estatales del mundo que produce uranio enriquecido).<\/p>\n<p>Finalmente concluy\u00f3: \u00abLo que s\u00ed me llama poderosamente la atenci\u00f3n, es que\u00a0<strong>este neofascismo que plantea Milei es muy contradictorio al neofascismo europeo que defiende lo nacional a muerte<\/strong>. Mientras, ac\u00e1 vienen a rematar a precio vil nuestras capitales. Por eso, es\u00a0<strong>Patria o Colonia.<\/strong><\/p>\n<p>Fuente: https:\/\/elresaltador.com.ar\/hoy-mas-que-nunca-la-discusion-sigue-siendo-patria-o-colonia\/<\/p>\n","protected":false},"excerpt":{"rendered":"<p>En conversaci\u00f3n con el resaltador Federico Giuliani, secretario general de ATE C\u00f3rdoba, evalu\u00f3, en t\u00e9rminos nacionales e internacionales, el sistema de integraci\u00f3n que propone el gobierno de Javier Milei. \u00abLamentablemente, a 41 a\u00f1os de recuperar la democracia todav\u00eda tenemos un anclaje semi-colonial\u00bb expres\u00f3. Patria o colonia parece ser una discusi\u00f3n anclada en tiempos anteriores,\u00a0en donde [&hellip;]<\/p>\n","protected":false},"author":3,"featured_media":45492,"comment_status":"open","ping_status":"open","sticky":false,"template":"","format":"standard","meta":{"_exactmetrics_skip_tracking":false,"_exactmetrics_sitenote_active":false,"_exactmetrics_sitenote_note":"","_exactmetrics_sitenote_category":0,"jnews-multi-image_gallery":[],"jnews_single_post":{"format":"standard","override":[{"template":"1","parallax":"1","fullscreen":"1","layout":"no-sidebar-narrow","sidebar":"default-sidebar","second_sidebar":"default-sidebar","sticky_sidebar":"1","share_position":"bottom","share_float_style":"share-monocrhome","show_share_counter":"1","show_view_counter":"1","show_post_meta":"1","show_post_author_image":"1","show_post_date":"1","post_date_format":"default","post_date_format_custom":"Y\/m\/d","show_post_category":"1","show_post_reading_time":"0","post_reading_time_wpm":"300","post_calculate_word_method":"str_word_count","show_zoom_button":"0","zoom_button_out_step":"2","zoom_button_in_step":"3","show_post_tag":"1","number_popup_post":"1","show_post_related":"1","show_inline_post_related":"0"}],"image_override":[{"single_post_thumbnail_size":"crop-500","single_post_gallery_size":"crop-500"}],"trending_post_position":"meta","trending_post_label":"Trending","sponsored_post_label":"Sponsored by","disable_ad":"0"},"jnews_primary_category":[],"jnews_social_meta":[],"jnews_review":[],"enable_review":"","type":"percentage","name":"","summary":"","brand":"","sku":"","good":[],"bad":[],"score_override":"","override_value":"","rating":[],"price":[],"jnews_override_counter":{"view_counter_number":"0","share_counter_number":"0","like_counter_number":"0","dislike_counter_number":"0"},"jnews_post_split":{"post_split":[{"template":"1","tag":"h2","numbering":"asc","mode":"normal","first":"0","enable_toc":"0","toc_type":"normal"}]},"footnotes":""},"categories":[10],"tags":[],"class_list":["post-45491","post","type-post","status-publish","format-standard","has-post-thumbnail","hentry","category-accion-politica"],"jetpack_featured_media_url":"https:\/\/atecordoba.org\/wp-content\/uploads\/2024\/09\/Federico-Giuliani-1024x768-1.jpg","_links":{"self":[{"href":"https:\/\/atecordoba.org\/index.php?rest_route=\/wp\/v2\/posts\/45491","targetHints":{"allow":["GET"]}}],"collection":[{"href":"https:\/\/atecordoba.org\/index.php?rest_route=\/wp\/v2\/posts"}],"about":[{"href":"https:\/\/atecordoba.org\/index.php?rest_route=\/wp\/v2\/types\/post"}],"author":[{"embeddable":true,"href":"https:\/\/atecordoba.org\/index.php?rest_route=\/wp\/v2\/users\/3"}],"replies":[{"embeddable":true,"href":"https:\/\/atecordoba.org\/index.php?rest_route=%2Fwp%2Fv2%2Fcomments&post=45491"}],"version-history":[{"count":2,"href":"https:\/\/atecordoba.org\/index.php?rest_route=\/wp\/v2\/posts\/45491\/revisions"}],"predecessor-version":[{"id":45504,"href":"https:\/\/atecordoba.org\/index.php?rest_route=\/wp\/v2\/posts\/45491\/revisions\/45504"}],"wp:featuredmedia":[{"embeddable":true,"href":"https:\/\/atecordoba.org\/index.php?rest_route=\/wp\/v2\/media\/45492"}],"wp:attachment":[{"href":"https:\/\/atecordoba.org\/index.php?rest_route=%2Fwp%2Fv2%2Fmedia&parent=45491"}],"wp:term":[{"taxonomy":"category","embeddable":true,"href":"https:\/\/atecordoba.org\/index.php?rest_route=%2Fwp%2Fv2%2Fcategories&post=45491"},{"taxonomy":"post_tag","embeddable":true,"href":"https:\/\/atecordoba.org\/index.php?rest_route=%2Fwp%2Fv2%2Ftags&post=45491"}],"curies":[{"name":"wp","href":"https:\/\/api.w.org\/{rel}","templated":true}]}}