{"id":45486,"date":"2024-09-05T11:36:00","date_gmt":"2024-09-05T14:36:00","guid":{"rendered":"https:\/\/atecordoba.org\/?p=45486"},"modified":"2024-09-05T11:36:00","modified_gmt":"2024-09-05T14:36:00","slug":"demandan-ante-la-justicia-la-declaracion-de-inconstitucionalidad-de-una-parte-de-la-ley-bases","status":"publish","type":"post","link":"https:\/\/atecordoba.org\/?p=45486","title":{"rendered":"Demandan ante la Justicia la declaraci\u00f3n de inconstitucionalidad de una parte de la Ley Bases"},"content":{"rendered":"<p><img loading=\"lazy\" decoding=\"async\" class=\"alignnone wp-image-45487 size-full\" src=\"https:\/\/atecordoba.org\/wp-content\/uploads\/2024\/09\/458518483_1018309469976972_2801276457391247663_n.jpg\" alt=\"\" width=\"526\" height=\"898\" srcset=\"https:\/\/atecordoba.org\/wp-content\/uploads\/2024\/09\/458518483_1018309469976972_2801276457391247663_n.jpg 526w, https:\/\/atecordoba.org\/wp-content\/uploads\/2024\/09\/458518483_1018309469976972_2801276457391247663_n-176x300.jpg 176w\" sizes=\"auto, (max-width: 526px) 100vw, 526px\" \/><\/p>\n<p>La Asociaci\u00f3n Trabajadores del Estado (ATE-CTAA) present\u00f3 ante la Justicia Nacional del Trabajo una demanda contra el Poder Ejecutivo Nacional. Se trata de una acci\u00f3n declarativa de inconstitucionalidad de los art\u00edculos de la Ley Bases que modifican el r\u00e9gimen de disponibilidad de los trabajadores de la planta permanente en la Ley de Empleo P\u00fablico y solicit\u00f3 una medida cautelar para que se suspenda inmediatamente la aplicaci\u00f3n de la norma.<\/p>\n<p>\u201cLa Ley Bases aniquila el derecho a la estabilidad en el empleo p\u00fablico. La inconstitucionalidad de esta norma es manifiesta, es contraria al art\u00edculo 14 bis de la ley fundamental de nuestra Naci\u00f3n\u201d, apunt\u00f3 Rodolfo Aguiar, Secretario General de ATE.<\/p>\n<p>El documento se\u00f1ala la ilegalidad de los art\u00edculos 11 de la ley 25.164 (sustituido por el art. 52 de la ley 27.742) y 14 de la misma norma, como as\u00ed tambi\u00e9n y sus reglamentaciones (art. 51 del Decreto 695\/2024, que sustituye el art. 11 del Anexo I del Decreto 1421\/2002), que afectan al derecho de estabilidad en el empleo p\u00fablico permitiendo los despidos arbitrarios por parte del Gobierno Nacional.<\/p>\n<p>\u201cLa Convenci\u00f3n que en 1957 reforma la Constituci\u00f3n, incorpora el art\u00edculo 14 bis estableciendo la garant\u00eda de estabilidad en el empleo p\u00fablico. Es decir, se estableci\u00f3 la protecci\u00f3n contra el despido arbitrario en el \u00e1mbito privado mientras que en el sector p\u00fablico fue m\u00e1s all\u00e1 y adem\u00e1s de esa protecci\u00f3n estableci\u00f3 una garant\u00eda propia. Le dio a los empleados p\u00fablicos una mayor protecci\u00f3n para evitar que sean tomados como botines de guerra por cada una de las gestiones pol\u00edticas que se iban sucediendo en el poder. Estamos cansados de ser testigos de las cesant\u00edas en masa que se producen en la administraci\u00f3n p\u00fablica casi siempre que llega un nuevo intendente, gobernador, o presidente\u201d, detall\u00f3 el dirigente.<\/p>\n<p>En este marco, Aguiar carg\u00f3 contra la subjetividad de la nueva norma, en la cual se detalla que la declaraci\u00f3n de disponibilidad puede darse con el objetivo de alcanzar la \u2018dotaci\u00f3n \u00f3ptima necesaria\u2019 en un determinado organismo: \u201cDe ninguna manera podemos aceptar la discrecionalidad que supone que sea el propio empleador quien defina cu\u00e1l es la dotaci\u00f3n \u00f3ptima de personal en un organismo. Evidentemente esta definici\u00f3n subjetiva es la que no se corresponde con el esp\u00edritu que tuvieron los constituyentes al declarar la garant\u00eda de estabilidad en el empleo p\u00fablico. Alguien como Milei que nos dijo que ama destruir el Estado va a considerar que se excede la dotaci\u00f3n \u00f3ptima hasta en la casilla de seguridad de la Casa Rosada que tiene dos empleados\u201d.<\/p>\n<p>El Secretario General de ATE asegur\u00f3 que \u201cse tiene que suspender el cumplimiento de la Ley Bases en esta parte\u201d y concluy\u00f3: \u201cPor eso tambi\u00e9n hemos solicitado una medida cautelar, porque esta norma ya con su sola aplicaci\u00f3n y sin ser revisada comienza a afectar de manera grave a los trabajadores. Quienes fueron declarados en disponibilidad sufren una dr\u00e1stica baja de salarios, se les recortan derechos y hasta pierden sus empleos\u201d.<\/p>\n<p><strong>\u00bfQu\u00e9 dice la presentaci\u00f3n judicial de ATE?<\/strong><\/p>\n<p>El documento, que lleva la firma de Rodolfo Aguiar y de parte del equipo jur\u00eddico de ATE integrado por los abogados Mat\u00edas Cremonte y Mariana Amartino, detalla que \u201cel Gobierno est\u00e1 sentando las bases para la pulverizaci\u00f3n del empleo p\u00fablico y la destrucci\u00f3n del Estado, \u00fanico \u00f3rgano capaz de dar respuestas efectivas a las contingencias sociales y econ\u00f3micas de una crisis como la actual, y garante primigenio de los derechos fundamentales de quienes habitamos en el suelo de la Naci\u00f3n\u201d.<\/p>\n<p>El sindicato tambi\u00e9n acusa al Gobierno de violar la Constituci\u00f3n Nacional en sus art\u00edculos 1, 14 bis, 16, 17, 19, 28 y 75 inciso 22, destruyendo el derecho a la estabilidad en el empleo p\u00fablico mediante despidos arbitrarios.<\/p>\n<p>Adem\u00e1s, ATE alega que se encuentra \u201clegitimado para accionar en funci\u00f3n de lo previsto por el art. 43 de la Constituci\u00f3n Nacional, que otorga legitimidad activa para accionar judicialmente a las personas y a las asociaciones en tutela de derechos subjetivos y, tambi\u00e9n, de derechos de incidencia colectiva en general\u201d.<\/p>\n<p>Finalmente, el sindicato solicit\u00f3 a la Secretar\u00eda de Transformaci\u00f3n del Estado, dependiente del ministerio que maneja Federico Sturzenegger, que informe: a) La cantidad de trabajadores que se encuentran en planta permanente en la Administraci\u00f3n P\u00fablica Nacional, desagregado por organismo con indicaci\u00f3n de la antig\u00fcedad, cargo, funci\u00f3n y nivel escalafonario; b) La desvinculaci\u00f3n de trabajadores de la planta permanente de toda la administraci\u00f3n p\u00fablica nacional y sus organismos descentralizados desde el 26\/12\/2023 a la fecha; c) Si existe informe sobre la \u201cdotaci\u00f3n \u00f3ptima\u201d de empleados p\u00fablicos en cada organismo.<\/p>\n<p><strong>Fuente: www.ate.org.ar<\/strong><\/p>\n","protected":false},"excerpt":{"rendered":"<p>La Asociaci\u00f3n Trabajadores del Estado (ATE-CTAA) present\u00f3 ante la Justicia Nacional del Trabajo una demanda contra el Poder Ejecutivo Nacional. Se trata de una acci\u00f3n declarativa de inconstitucionalidad de los art\u00edculos de la Ley Bases que modifican el r\u00e9gimen de disponibilidad de los trabajadores de la planta permanente en la Ley de Empleo P\u00fablico y [&hellip;]<\/p>\n","protected":false},"author":3,"featured_media":45487,"comment_status":"open","ping_status":"open","sticky":false,"template":"","format":"standard","meta":{"_exactmetrics_skip_tracking":false,"_exactmetrics_sitenote_active":false,"_exactmetrics_sitenote_note":"","_exactmetrics_sitenote_category":0,"jnews-multi-image_gallery":[],"jnews_single_post":{"format":"standard","override":[{"template":"1","parallax":"1","fullscreen":"1","layout":"no-sidebar-narrow","sidebar":"default-sidebar","second_sidebar":"default-sidebar","sticky_sidebar":"1","share_position":"bottom","share_float_style":"share-monocrhome","show_share_counter":"1","show_view_counter":"1","show_post_meta":"1","show_post_author_image":"1","show_post_date":"1","post_date_format":"default","post_date_format_custom":"Y\/m\/d","show_post_category":"1","show_post_reading_time":"0","post_reading_time_wpm":"300","post_calculate_word_method":"str_word_count","show_zoom_button":"0","zoom_button_out_step":"2","zoom_button_in_step":"3","show_post_tag":"1","number_popup_post":"1","show_post_related":"1","show_inline_post_related":"0"}],"image_override":[{"single_post_thumbnail_size":"crop-500","single_post_gallery_size":"crop-500"}],"trending_post_position":"meta","trending_post_label":"Trending","sponsored_post_label":"Sponsored by","disable_ad":"0"},"jnews_primary_category":[],"jnews_social_meta":[],"jnews_review":[],"enable_review":"","type":"percentage","name":"","summary":"","brand":"","sku":"","good":[],"bad":[],"score_override":"","override_value":"","rating":[],"price":[],"jnews_override_counter":{"view_counter_number":"0","share_counter_number":"0","like_counter_number":"0","dislike_counter_number":"0"},"jnews_post_split":{"post_split":[{"template":"1","tag":"h2","numbering":"asc","mode":"normal","first":"0","enable_toc":"0","toc_type":"normal"}]},"footnotes":""},"categories":[10],"tags":[],"class_list":["post-45486","post","type-post","status-publish","format-standard","has-post-thumbnail","hentry","category-accion-politica"],"jetpack_featured_media_url":"https:\/\/atecordoba.org\/wp-content\/uploads\/2024\/09\/458518483_1018309469976972_2801276457391247663_n.jpg","_links":{"self":[{"href":"https:\/\/atecordoba.org\/index.php?rest_route=\/wp\/v2\/posts\/45486","targetHints":{"allow":["GET"]}}],"collection":[{"href":"https:\/\/atecordoba.org\/index.php?rest_route=\/wp\/v2\/posts"}],"about":[{"href":"https:\/\/atecordoba.org\/index.php?rest_route=\/wp\/v2\/types\/post"}],"author":[{"embeddable":true,"href":"https:\/\/atecordoba.org\/index.php?rest_route=\/wp\/v2\/users\/3"}],"replies":[{"embeddable":true,"href":"https:\/\/atecordoba.org\/index.php?rest_route=%2Fwp%2Fv2%2Fcomments&post=45486"}],"version-history":[{"count":2,"href":"https:\/\/atecordoba.org\/index.php?rest_route=\/wp\/v2\/posts\/45486\/revisions"}],"predecessor-version":[{"id":45489,"href":"https:\/\/atecordoba.org\/index.php?rest_route=\/wp\/v2\/posts\/45486\/revisions\/45489"}],"wp:featuredmedia":[{"embeddable":true,"href":"https:\/\/atecordoba.org\/index.php?rest_route=\/wp\/v2\/media\/45487"}],"wp:attachment":[{"href":"https:\/\/atecordoba.org\/index.php?rest_route=%2Fwp%2Fv2%2Fmedia&parent=45486"}],"wp:term":[{"taxonomy":"category","embeddable":true,"href":"https:\/\/atecordoba.org\/index.php?rest_route=%2Fwp%2Fv2%2Fcategories&post=45486"},{"taxonomy":"post_tag","embeddable":true,"href":"https:\/\/atecordoba.org\/index.php?rest_route=%2Fwp%2Fv2%2Ftags&post=45486"}],"curies":[{"name":"wp","href":"https:\/\/api.w.org\/{rel}","templated":true}]}}