{"id":4547,"date":"2014-10-02T18:39:13","date_gmt":"2014-10-02T21:39:13","guid":{"rendered":"http:\/\/www.atecordoba.org\/?p=4547"},"modified":"2014-10-02T18:39:13","modified_gmt":"2014-10-02T21:39:13","slug":"nuevo-paro-nacional-en-el-iose-por-24-horas","status":"publish","type":"post","link":"https:\/\/atecordoba.org\/?p=4547","title":{"rendered":"Nuevo paro nacional en el IOSE por 24 horas"},"content":{"rendered":"<p>Los trabajadores de la obra social del Ej\u00e9rcito realizar\u00e1n un paro nacional de actividades por 24 horas ma\u00f1ana en todas las dependencias del organismo.<\/p>\n<p><a href=\"http:\/\/www.atecordoba.org\/wp-content\/uploads\/2013\/09\/IOSE-1-e1380066039666.jpg\"><img loading=\"lazy\" decoding=\"async\" class=\"aligncenter size-full wp-image-3341\" src=\"http:\/\/www.atecordoba.org\/wp-content\/uploads\/2013\/09\/IOSE-1-e1380066039666.jpg\" alt=\"IOSE 1\" width=\"400\" height=\"300\" \/><\/a><\/p>\n<p>En continuidad con el plan de lucha que ATE viene llevando a cabo en el IOSE, y tras las numerosas asambleas realizadas en las distintas dependencias del sector, los trabajadores realizar\u00e1n ma\u00f1ana un paro por 24 horas.<\/p>\n<p>La medida de fuerza obedece al reclamo que vienen realizando los compa\u00f1eros de diversos puntos del pa\u00eds, y que en C\u00f3rdoba tienen fuerte expresi\u00f3n organizada, sobre mejoras en las condiciones de trabajo, recomposici\u00f3n salarial y fin de la violencia laboral.<\/p>\n<p>Conforme el petitorio elevado a las autoridades del IOSE, y transmitido al Ministerio de Trabajo de la Naci\u00f3n en oportunidad de informar el paro, los trabajadores reclaman:<\/p>\n<ul>\n<li>&#8220;Encasillamiento real de los trabajadores ya que muchos de nuestros compa\u00f1eros se encuentran realizando funciones de mayor importancia a la que se encuentran encuadrados. Por ello se requiere al personal una promoci\u00f3n extraordinaria&#8221;<\/li>\n<li>&#8220;Pase a planta permanente de los contratados, continuidad de las actas firmadas en el MTSS en abril de 2011 y cumplimiento con el art. 156 del CCT 214\/06 pasando a todos aquellos compa\u00f1eros que se encuentren en dicha condici\u00f3n&#8221;<\/li>\n<li>&#8220;Que se mejoren las condiciones edilicias en las delegaciones de Misiones, Rosario, Formosa, Comodoro Rivadavia, Delegaci\u00f3n HMC (Lu\u00eds Mar\u00eda Campos) y en todas aquellas delegaciones que as\u00ed lo requieran. De la misma manera, le hacemos llegar nuestro pedido a que se convoque a las comisiones con car\u00e1cter de urgente a la CYMAT y CIOT&#8221;<\/li>\n<li>&#8220;Universalizaci\u00f3n del suplemento redistribuci\u00f3n especial transitoria cod. 1710, en el cual en la actualidad tenemos compa\u00f1eros que con justicia se encuentran cobrando dicho suplemento y que muchas veces supera los 1500 pesos, por lo que todos los trabajadores tenemos derecho a percibirlos ya que todos cumplimos tareas de &#8216;importancia&#8217; en la obra social&#8221;<\/li>\n<li>&#8220;Aumento y bonificaci\u00f3n del presentismo, la esencia de este premio, que deber\u00eda ser incorporado como suplemento, fue los bajos salarios en que se encontraban los trabajadores de la obra social&#8221;<\/li>\n<li>&#8220;Regularizaci\u00f3n del personal transitorio de los hoteles y residencias, dando fin al trabajo precario ya que estos trabajadores no tienen continuidad laboral ni estabilidad&#8221;<\/li>\n<\/ul>\n<p>&nbsp;<\/p>\n<p>&nbsp;<\/p>\n","protected":false},"excerpt":{"rendered":"<p>Los trabajadores de la obra social del Ej\u00e9rcito realizar\u00e1n un paro nacional de actividades por 24 horas ma\u00f1ana en todas las dependencias del organismo. En continuidad con el plan de lucha que ATE viene llevando a cabo en el IOSE, y tras las numerosas asambleas realizadas en las distintas dependencias del sector, los trabajadores realizar\u00e1n [&hellip;]<\/p>\n","protected":false},"author":1,"featured_media":19220,"comment_status":"open","ping_status":"open","sticky":false,"template":"","format":"standard","meta":{"_exactmetrics_skip_tracking":false,"_exactmetrics_sitenote_active":false,"_exactmetrics_sitenote_note":"","_exactmetrics_sitenote_category":0,"jnews-multi-image_gallery":[],"jnews_single_post":[],"jnews_primary_category":[],"jnews_social_meta":[],"jnews_review":[],"enable_review":"","type":"","name":"","summary":"","brand":"","sku":"","good":[],"bad":[],"score_override":"","override_value":"","rating":[],"price":[],"jnews_override_counter":[],"jnews_post_split":[],"footnotes":""},"categories":[99,18],"tags":[],"class_list":["post-4547","post","type-post","status-publish","format-standard","has-post-thumbnail","hentry","category-iose","category-nacionales"],"jetpack_featured_media_url":"https:\/\/atecordoba.org\/wp-content\/uploads\/2020\/05\/logo-nuevochico-e1561581322808.png","_links":{"self":[{"href":"https:\/\/atecordoba.org\/index.php?rest_route=\/wp\/v2\/posts\/4547","targetHints":{"allow":["GET"]}}],"collection":[{"href":"https:\/\/atecordoba.org\/index.php?rest_route=\/wp\/v2\/posts"}],"about":[{"href":"https:\/\/atecordoba.org\/index.php?rest_route=\/wp\/v2\/types\/post"}],"author":[{"embeddable":true,"href":"https:\/\/atecordoba.org\/index.php?rest_route=\/wp\/v2\/users\/1"}],"replies":[{"embeddable":true,"href":"https:\/\/atecordoba.org\/index.php?rest_route=%2Fwp%2Fv2%2Fcomments&post=4547"}],"version-history":[{"count":0,"href":"https:\/\/atecordoba.org\/index.php?rest_route=\/wp\/v2\/posts\/4547\/revisions"}],"wp:featuredmedia":[{"embeddable":true,"href":"https:\/\/atecordoba.org\/index.php?rest_route=\/wp\/v2\/media\/19220"}],"wp:attachment":[{"href":"https:\/\/atecordoba.org\/index.php?rest_route=%2Fwp%2Fv2%2Fmedia&parent=4547"}],"wp:term":[{"taxonomy":"category","embeddable":true,"href":"https:\/\/atecordoba.org\/index.php?rest_route=%2Fwp%2Fv2%2Fcategories&post=4547"},{"taxonomy":"post_tag","embeddable":true,"href":"https:\/\/atecordoba.org\/index.php?rest_route=%2Fwp%2Fv2%2Ftags&post=4547"}],"curies":[{"name":"wp","href":"https:\/\/api.w.org\/{rel}","templated":true}]}}