{"id":45452,"date":"2024-09-04T12:26:03","date_gmt":"2024-09-04T15:26:03","guid":{"rendered":"https:\/\/atecordoba.org\/?p=45452"},"modified":"2024-09-04T12:37:47","modified_gmt":"2024-09-04T15:37:47","slug":"charla-debate-sobre-el-rol-del-sindicalismo-y-la-coyuntura-actual-reflexiones-y-desafios","status":"publish","type":"post","link":"https:\/\/atecordoba.org\/?p=45452","title":{"rendered":"Charla Debate sobre el Rol del Sindicalismo y la Coyuntura Actual: Reflexiones y Desaf\u00edos"},"content":{"rendered":"<div class=\"flex max-w-full flex-col flex-grow\">\n<div class=\"min-h-[20px] text-message flex w-full flex-col items-end gap-2 break-words [.text-message+&amp;]:mt-5 overflow-x-auto whitespace-normal\" dir=\"auto\" data-message-author-role=\"assistant\" data-message-id=\"38cbba33-e325-47fa-9ecf-dadf909a1325\">\n<div class=\"flex w-full flex-col gap-1 empty:hidden first:pt-[3px]\">\n<div class=\"markdown prose w-full break-words dark:prose-invert light\">\n<p>En un contexto de profundas transformaciones y desaf\u00edos para la clase trabajadora, ATE C\u00f3rdoba organiz\u00f3 una charla debate crucial sobre el rol del sindicalismo en la coyuntura actual. La actividad cont\u00f3 con la presencia del compa\u00f1ero Hugo Bell\u00f3n, (<span class=\"OYPEnA font-feature-liga-off font-feature-clig-off font-feature-calt-off text-decoration-none text-strikethrough-none\">Paritario Nacional de Ate y Coordinador Nacional de Migraciones e integrante de la <\/span><span class=\"OYPEnA font-feature-liga-off font-feature-clig-off font-feature-calt-off text-decoration-none text-strikethrough-none\">Agrupaci\u00f3n 17 de octubre)<\/span>, y nuestro Secretario General, Federico Giuliani. La charla fue moderada por Valeria Beltr\u00e1n, delegada del RENAPER, quien gui\u00f3 una discusi\u00f3n que dej\u00f3 m\u00e1s preguntas que certezas, reflejando la complejidad del momento que estamos viviendo.<\/p>\n<p><img loading=\"lazy\" decoding=\"async\" class=\" wp-image-45453 aligncenter\" src=\"https:\/\/atecordoba.org\/wp-content\/uploads\/2024\/09\/3cecf3d7-e8bf-482c-8057-d3339d75f28b-300x225.jpeg\" alt=\"\" width=\"319\" height=\"239\" srcset=\"https:\/\/atecordoba.org\/wp-content\/uploads\/2024\/09\/3cecf3d7-e8bf-482c-8057-d3339d75f28b-300x225.jpeg 300w, https:\/\/atecordoba.org\/wp-content\/uploads\/2024\/09\/3cecf3d7-e8bf-482c-8057-d3339d75f28b-1024x768.jpeg 1024w, https:\/\/atecordoba.org\/wp-content\/uploads\/2024\/09\/3cecf3d7-e8bf-482c-8057-d3339d75f28b-768x576.jpeg 768w, https:\/\/atecordoba.org\/wp-content\/uploads\/2024\/09\/3cecf3d7-e8bf-482c-8057-d3339d75f28b-1536x1152.jpeg 1536w, https:\/\/atecordoba.org\/wp-content\/uploads\/2024\/09\/3cecf3d7-e8bf-482c-8057-d3339d75f28b-2048x1536.jpeg 2048w, https:\/\/atecordoba.org\/wp-content\/uploads\/2024\/09\/3cecf3d7-e8bf-482c-8057-d3339d75f28b-750x563.jpeg 750w, https:\/\/atecordoba.org\/wp-content\/uploads\/2024\/09\/3cecf3d7-e8bf-482c-8057-d3339d75f28b-1140x855.jpeg 1140w\" sizes=\"auto, (max-width: 319px) 100vw, 319px\" \/><\/p>\n<p><strong>Un Debate Abierto y Necesario<\/strong><\/p>\n<p>La charla se centr\u00f3 en la pregunta fundamental de cu\u00e1l es la incidencia que tiene el sindicalismo en la coyuntura actual, especialmente en el contexto de un gobierno nacional que avanza sobre los derechos de las y los trabajadores. A lo largo de la discusi\u00f3n, se plantearon inquietudes y se intercambiaron ideas sobre c\u00f3mo el sindicalismo puede y debe posicionarse ante las pol\u00edticas actuales que afectan directamente a la clase trabajadora.<\/p>\n<p>Nuestro Secretario General, Federico Giuliani, enfatiz\u00f3 la importancia de defender al sindicato como la herramienta fundamental que tiene la clase trabajadora para enfrentar y cambiar la injusta situaci\u00f3n que vivimos. &#8220;Primero debemos defender al sindicato como herramienta, la \u00fanica que tiene la clase trabajadora para cambiar esta injusta situaci\u00f3n que estamos viviendo. En este sentido, es crucial que el sindicalismo se ponga a la vanguardia de la pelea&#8221;, expres\u00f3 Giuliani, destacando la necesidad de que las organizaciones gremiales tomen un rol activo y protag\u00f3nico en la lucha por los derechos laborales.<\/p>\n<\/div>\n<p><img loading=\"lazy\" decoding=\"async\" class=\"size-medium wp-image-45454 alignleft\" src=\"https:\/\/atecordoba.org\/wp-content\/uploads\/2024\/09\/e8fb5c4c-0e29-4ee7-87e2-a6fd5ccc9e25-300x225.jpeg\" alt=\"\" width=\"300\" height=\"225\" srcset=\"https:\/\/atecordoba.org\/wp-content\/uploads\/2024\/09\/e8fb5c4c-0e29-4ee7-87e2-a6fd5ccc9e25-300x225.jpeg 300w, https:\/\/atecordoba.org\/wp-content\/uploads\/2024\/09\/e8fb5c4c-0e29-4ee7-87e2-a6fd5ccc9e25-1024x768.jpeg 1024w, https:\/\/atecordoba.org\/wp-content\/uploads\/2024\/09\/e8fb5c4c-0e29-4ee7-87e2-a6fd5ccc9e25-768x576.jpeg 768w, https:\/\/atecordoba.org\/wp-content\/uploads\/2024\/09\/e8fb5c4c-0e29-4ee7-87e2-a6fd5ccc9e25-1536x1152.jpeg 1536w, https:\/\/atecordoba.org\/wp-content\/uploads\/2024\/09\/e8fb5c4c-0e29-4ee7-87e2-a6fd5ccc9e25-2048x1536.jpeg 2048w, https:\/\/atecordoba.org\/wp-content\/uploads\/2024\/09\/e8fb5c4c-0e29-4ee7-87e2-a6fd5ccc9e25-750x563.jpeg 750w, https:\/\/atecordoba.org\/wp-content\/uploads\/2024\/09\/e8fb5c4c-0e29-4ee7-87e2-a6fd5ccc9e25-1140x855.jpeg 1140w\" sizes=\"auto, (max-width: 300px) 100vw, 300px\" \/><\/p>\n<div class=\"markdown prose w-full break-words dark:prose-invert light\">\n<p><strong>La Importancia del Ida y Vuelta entre Compa\u00f1eros y Compa\u00f1eras<\/strong><\/p>\n<p>El debate tambi\u00e9n subray\u00f3 la relevancia de generar espacios de intercambio como este, donde las y los compa\u00f1eros pueden expresar sus dudas, compartir sus experiencias y construir colectivamente las estrategias de lucha. &#8220;Es fundamental tener este ida y vuelta entre los compa\u00f1eros y compa\u00f1eras. Son instancias significativas que nos permiten reflexionar y fortalecernos en la lucha&#8221;, coment\u00f3 Hugo Bell\u00f3n<\/p>\n<p><strong>Conclusiones y Desaf\u00edos Futuros<\/strong><\/p>\n<p>Aunque la charla dej\u00f3 abiertas muchas preguntas, tambi\u00e9n reafirm\u00f3 la convicci\u00f3n de que el sindicalismo tiene un rol esencial en la defensa de los derechos de las y los trabajadores. La situaci\u00f3n actual exige un sindicalismo fuerte, unido y dispuesto a liderar las luchas que se avecinan.<\/p>\n<p>Este encuentro fue una instancia significativa y necesaria, que permiti\u00f3 a las y los participantes reflexionar<img loading=\"lazy\" decoding=\"async\" class=\"size-medium wp-image-45456 alignright\" src=\"https:\/\/atecordoba.org\/wp-content\/uploads\/2024\/09\/5296773f-4f8f-41fb-bd39-ef0d07ae3613-300x225.jpeg\" alt=\"\" width=\"300\" height=\"225\" srcset=\"https:\/\/atecordoba.org\/wp-content\/uploads\/2024\/09\/5296773f-4f8f-41fb-bd39-ef0d07ae3613-300x225.jpeg 300w, https:\/\/atecordoba.org\/wp-content\/uploads\/2024\/09\/5296773f-4f8f-41fb-bd39-ef0d07ae3613-1024x768.jpeg 1024w, https:\/\/atecordoba.org\/wp-content\/uploads\/2024\/09\/5296773f-4f8f-41fb-bd39-ef0d07ae3613-768x576.jpeg 768w, https:\/\/atecordoba.org\/wp-content\/uploads\/2024\/09\/5296773f-4f8f-41fb-bd39-ef0d07ae3613-1536x1152.jpeg 1536w, https:\/\/atecordoba.org\/wp-content\/uploads\/2024\/09\/5296773f-4f8f-41fb-bd39-ef0d07ae3613-2048x1536.jpeg 2048w, https:\/\/atecordoba.org\/wp-content\/uploads\/2024\/09\/5296773f-4f8f-41fb-bd39-ef0d07ae3613-750x563.jpeg 750w, https:\/\/atecordoba.org\/wp-content\/uploads\/2024\/09\/5296773f-4f8f-41fb-bd39-ef0d07ae3613-1140x855.jpeg 1140w\" sizes=\"auto, (max-width: 300px) 100vw, 300px\" \/> sobre la realidad actual y fortalecer su compromiso con la lucha sindical. ATE C\u00f3rdoba continuar\u00e1 organizando y promoviendo estos espacios de debate y reflexi\u00f3n, entendiendo que solo a trav\u00e9s de la unidad y la organizaci\u00f3n podemos enfrentar los desaf\u00edos y avanzar hacia un futuro m\u00e1s justo para todas y todos.<\/p>\n<p><strong>\u00a1Sigamos adelante, juntos y juntas en la lucha!\u00a0<\/strong><\/p>\n<\/div>\n<\/div>\n<\/div>\n<\/div>\n","protected":false},"excerpt":{"rendered":"<p>En un contexto de profundas transformaciones y desaf\u00edos para la clase trabajadora, ATE C\u00f3rdoba organiz\u00f3 una charla debate crucial sobre el rol del sindicalismo en la coyuntura actual. La actividad cont\u00f3 con la presencia del compa\u00f1ero Hugo Bell\u00f3n, (Paritario Nacional de Ate y Coordinador Nacional de Migraciones e integrante de la Agrupaci\u00f3n 17 de octubre), [&hellip;]<\/p>\n","protected":false},"author":3,"featured_media":45455,"comment_status":"open","ping_status":"open","sticky":false,"template":"","format":"standard","meta":{"_exactmetrics_skip_tracking":false,"_exactmetrics_sitenote_active":false,"_exactmetrics_sitenote_note":"","_exactmetrics_sitenote_category":0,"jnews-multi-image_gallery":[],"jnews_single_post":{"format":"standard","override":[{"template":"1","parallax":"1","fullscreen":"1","layout":"no-sidebar-narrow","sidebar":"default-sidebar","second_sidebar":"default-sidebar","sticky_sidebar":"1","share_position":"bottom","share_float_style":"share-monocrhome","show_share_counter":"1","show_view_counter":"1","show_post_meta":"1","show_post_author_image":"1","show_post_date":"1","post_date_format":"default","post_date_format_custom":"Y\/m\/d","show_post_category":"1","show_post_reading_time":"0","post_reading_time_wpm":"300","post_calculate_word_method":"str_word_count","show_zoom_button":"0","zoom_button_out_step":"2","zoom_button_in_step":"3","show_post_tag":"1","number_popup_post":"1","show_post_related":"1","show_inline_post_related":"0"}],"image_override":[{"single_post_thumbnail_size":"crop-500","single_post_gallery_size":"crop-500"}],"trending_post_position":"meta","trending_post_label":"Trending","sponsored_post_label":"Sponsored by","disable_ad":"0"},"jnews_primary_category":[],"jnews_social_meta":[],"jnews_review":[],"enable_review":"","type":"percentage","name":"","summary":"","brand":"","sku":"","good":[],"bad":[],"score_override":"","override_value":"","rating":[],"price":[],"jnews_override_counter":{"view_counter_number":"0","share_counter_number":"0","like_counter_number":"0","dislike_counter_number":"0"},"jnews_post_split":{"post_split":[{"template":"1","tag":"h2","numbering":"asc","mode":"normal","first":"0","enable_toc":"0","toc_type":"normal"}]},"footnotes":""},"categories":[10],"tags":[],"class_list":["post-45452","post","type-post","status-publish","format-standard","has-post-thumbnail","hentry","category-accion-politica"],"jetpack_featured_media_url":"https:\/\/atecordoba.org\/wp-content\/uploads\/2024\/09\/92c0f9ae-cc2b-4563-aa6a-43f93032a99b-scaled.jpeg","_links":{"self":[{"href":"https:\/\/atecordoba.org\/index.php?rest_route=\/wp\/v2\/posts\/45452","targetHints":{"allow":["GET"]}}],"collection":[{"href":"https:\/\/atecordoba.org\/index.php?rest_route=\/wp\/v2\/posts"}],"about":[{"href":"https:\/\/atecordoba.org\/index.php?rest_route=\/wp\/v2\/types\/post"}],"author":[{"embeddable":true,"href":"https:\/\/atecordoba.org\/index.php?rest_route=\/wp\/v2\/users\/3"}],"replies":[{"embeddable":true,"href":"https:\/\/atecordoba.org\/index.php?rest_route=%2Fwp%2Fv2%2Fcomments&post=45452"}],"version-history":[{"count":3,"href":"https:\/\/atecordoba.org\/index.php?rest_route=\/wp\/v2\/posts\/45452\/revisions"}],"predecessor-version":[{"id":45461,"href":"https:\/\/atecordoba.org\/index.php?rest_route=\/wp\/v2\/posts\/45452\/revisions\/45461"}],"wp:featuredmedia":[{"embeddable":true,"href":"https:\/\/atecordoba.org\/index.php?rest_route=\/wp\/v2\/media\/45455"}],"wp:attachment":[{"href":"https:\/\/atecordoba.org\/index.php?rest_route=%2Fwp%2Fv2%2Fmedia&parent=45452"}],"wp:term":[{"taxonomy":"category","embeddable":true,"href":"https:\/\/atecordoba.org\/index.php?rest_route=%2Fwp%2Fv2%2Fcategories&post=45452"},{"taxonomy":"post_tag","embeddable":true,"href":"https:\/\/atecordoba.org\/index.php?rest_route=%2Fwp%2Fv2%2Ftags&post=45452"}],"curies":[{"name":"wp","href":"https:\/\/api.w.org\/{rel}","templated":true}]}}