{"id":45433,"date":"2024-09-03T15:31:28","date_gmt":"2024-09-03T18:31:28","guid":{"rendered":"https:\/\/atecordoba.org\/?p=45433"},"modified":"2024-09-03T16:53:29","modified_gmt":"2024-09-03T19:53:29","slug":"audiencias-del-consejo-directivo-provincial-en-defensa-de-los-organismos-productivos-de-cordoba","status":"publish","type":"post","link":"https:\/\/atecordoba.org\/?p=45433","title":{"rendered":"Audiencias del Consejo Directivo Provincial en defensa de los organismos productivos de C\u00f3rdoba"},"content":{"rendered":"<p><img loading=\"lazy\" decoding=\"async\" class=\"alignnone wp-image-45434 size-large\" src=\"https:\/\/atecordoba.org\/wp-content\/uploads\/2024\/09\/WhatsApp-Image-2024-09-03-at-15.01.12-1024x578.jpeg\" alt=\"\" width=\"1024\" height=\"578\" srcset=\"https:\/\/atecordoba.org\/wp-content\/uploads\/2024\/09\/WhatsApp-Image-2024-09-03-at-15.01.12-1024x578.jpeg 1024w, https:\/\/atecordoba.org\/wp-content\/uploads\/2024\/09\/WhatsApp-Image-2024-09-03-at-15.01.12-300x169.jpeg 300w, https:\/\/atecordoba.org\/wp-content\/uploads\/2024\/09\/WhatsApp-Image-2024-09-03-at-15.01.12-768x434.jpeg 768w, https:\/\/atecordoba.org\/wp-content\/uploads\/2024\/09\/WhatsApp-Image-2024-09-03-at-15.01.12-1536x867.jpeg 1536w, https:\/\/atecordoba.org\/wp-content\/uploads\/2024\/09\/WhatsApp-Image-2024-09-03-at-15.01.12-2048x1156.jpeg 2048w, https:\/\/atecordoba.org\/wp-content\/uploads\/2024\/09\/WhatsApp-Image-2024-09-03-at-15.01.12-750x423.jpeg 750w, https:\/\/atecordoba.org\/wp-content\/uploads\/2024\/09\/WhatsApp-Image-2024-09-03-at-15.01.12-1140x644.jpeg 1140w\" sizes=\"auto, (max-width: 1024px) 100vw, 1024px\" \/><\/p>\n<p>En el d\u00eda de hoy, el Consejo Directivo Provincial de ATE C\u00f3rdoba, encabezado por su Secretario General, Federico Giuliani, junto a Alejandra Agnone, Secretaria de Acci\u00f3n Pol\u00edtica; Jorge Chalup, Secretario Gremial; y C\u00e9sar Theaux, Secretario de Derechos Humanos, se reuni\u00f3 con diversos legisladores de la provincia para expresar la grave situaci\u00f3n que est\u00e1n atravesando los organismos productivos de nuestra provincia. La delegaci\u00f3n tambi\u00e9n cont\u00f3 con la participaci\u00f3n de representantes de la mesa de organismos productivos de C\u00f3rdoba, incluyendo la junta interna de F\u00e1brica Militar Villa Mar\u00eda, seccional de F\u00e1brica Militar de Villa Mar\u00eda, seccional de F\u00e1brica Militar de R\u00edo Tercero, DIOXITEK, CONAE, y VENG.<\/p>\n<p><img loading=\"lazy\" decoding=\"async\" class=\"alignnone size-medium wp-image-45435\" src=\"https:\/\/atecordoba.org\/wp-content\/uploads\/2024\/09\/WhatsApp-Image-2024-09-03-at-10.27.06-300x169.jpeg\" alt=\"\" width=\"300\" height=\"169\" srcset=\"https:\/\/atecordoba.org\/wp-content\/uploads\/2024\/09\/WhatsApp-Image-2024-09-03-at-10.27.06-300x169.jpeg 300w, https:\/\/atecordoba.org\/wp-content\/uploads\/2024\/09\/WhatsApp-Image-2024-09-03-at-10.27.06-1024x578.jpeg 1024w, https:\/\/atecordoba.org\/wp-content\/uploads\/2024\/09\/WhatsApp-Image-2024-09-03-at-10.27.06-768x434.jpeg 768w, https:\/\/atecordoba.org\/wp-content\/uploads\/2024\/09\/WhatsApp-Image-2024-09-03-at-10.27.06-1536x867.jpeg 1536w, https:\/\/atecordoba.org\/wp-content\/uploads\/2024\/09\/WhatsApp-Image-2024-09-03-at-10.27.06-2048x1156.jpeg 2048w, https:\/\/atecordoba.org\/wp-content\/uploads\/2024\/09\/WhatsApp-Image-2024-09-03-at-10.27.06-750x423.jpeg 750w, https:\/\/atecordoba.org\/wp-content\/uploads\/2024\/09\/WhatsApp-Image-2024-09-03-at-10.27.06-1140x644.jpeg 1140w\" sizes=\"auto, (max-width: 300px) 100vw, 300px\" \/> <img loading=\"lazy\" decoding=\"async\" class=\"alignnone size-medium wp-image-45436\" src=\"https:\/\/atecordoba.org\/wp-content\/uploads\/2024\/09\/WhatsApp-Image-2024-09-03-at-11.57.33-300x169.jpeg\" alt=\"\" width=\"300\" height=\"169\" srcset=\"https:\/\/atecordoba.org\/wp-content\/uploads\/2024\/09\/WhatsApp-Image-2024-09-03-at-11.57.33-300x169.jpeg 300w, https:\/\/atecordoba.org\/wp-content\/uploads\/2024\/09\/WhatsApp-Image-2024-09-03-at-11.57.33-1024x578.jpeg 1024w, https:\/\/atecordoba.org\/wp-content\/uploads\/2024\/09\/WhatsApp-Image-2024-09-03-at-11.57.33-768x434.jpeg 768w, https:\/\/atecordoba.org\/wp-content\/uploads\/2024\/09\/WhatsApp-Image-2024-09-03-at-11.57.33-1536x867.jpeg 1536w, https:\/\/atecordoba.org\/wp-content\/uploads\/2024\/09\/WhatsApp-Image-2024-09-03-at-11.57.33-2048x1156.jpeg 2048w, https:\/\/atecordoba.org\/wp-content\/uploads\/2024\/09\/WhatsApp-Image-2024-09-03-at-11.57.33-750x423.jpeg 750w, https:\/\/atecordoba.org\/wp-content\/uploads\/2024\/09\/WhatsApp-Image-2024-09-03-at-11.57.33-1140x644.jpeg 1140w\" sizes=\"auto, (max-width: 300px) 100vw, 300px\" \/> <img loading=\"lazy\" decoding=\"async\" class=\"alignnone size-medium wp-image-45437\" src=\"https:\/\/atecordoba.org\/wp-content\/uploads\/2024\/09\/WhatsApp-Image-2024-09-03-at-12.27.26-300x169.jpeg\" alt=\"\" width=\"300\" height=\"169\" srcset=\"https:\/\/atecordoba.org\/wp-content\/uploads\/2024\/09\/WhatsApp-Image-2024-09-03-at-12.27.26-300x169.jpeg 300w, https:\/\/atecordoba.org\/wp-content\/uploads\/2024\/09\/WhatsApp-Image-2024-09-03-at-12.27.26-1024x578.jpeg 1024w, https:\/\/atecordoba.org\/wp-content\/uploads\/2024\/09\/WhatsApp-Image-2024-09-03-at-12.27.26-768x434.jpeg 768w, https:\/\/atecordoba.org\/wp-content\/uploads\/2024\/09\/WhatsApp-Image-2024-09-03-at-12.27.26-1536x867.jpeg 1536w, https:\/\/atecordoba.org\/wp-content\/uploads\/2024\/09\/WhatsApp-Image-2024-09-03-at-12.27.26-2048x1156.jpeg 2048w, https:\/\/atecordoba.org\/wp-content\/uploads\/2024\/09\/WhatsApp-Image-2024-09-03-at-12.27.26-750x423.jpeg 750w, https:\/\/atecordoba.org\/wp-content\/uploads\/2024\/09\/WhatsApp-Image-2024-09-03-at-12.27.26-1140x644.jpeg 1140w\" sizes=\"auto, (max-width: 300px) 100vw, 300px\" \/> <img loading=\"lazy\" decoding=\"async\" class=\"alignnone size-medium wp-image-45438\" src=\"https:\/\/atecordoba.org\/wp-content\/uploads\/2024\/09\/WhatsApp-Image-2024-09-03-at-12.27.23-300x169.jpeg\" alt=\"\" width=\"300\" height=\"169\" srcset=\"https:\/\/atecordoba.org\/wp-content\/uploads\/2024\/09\/WhatsApp-Image-2024-09-03-at-12.27.23-300x169.jpeg 300w, https:\/\/atecordoba.org\/wp-content\/uploads\/2024\/09\/WhatsApp-Image-2024-09-03-at-12.27.23-1024x578.jpeg 1024w, https:\/\/atecordoba.org\/wp-content\/uploads\/2024\/09\/WhatsApp-Image-2024-09-03-at-12.27.23-768x434.jpeg 768w, https:\/\/atecordoba.org\/wp-content\/uploads\/2024\/09\/WhatsApp-Image-2024-09-03-at-12.27.23-1536x867.jpeg 1536w, https:\/\/atecordoba.org\/wp-content\/uploads\/2024\/09\/WhatsApp-Image-2024-09-03-at-12.27.23-2048x1156.jpeg 2048w, https:\/\/atecordoba.org\/wp-content\/uploads\/2024\/09\/WhatsApp-Image-2024-09-03-at-12.27.23-750x423.jpeg 750w, https:\/\/atecordoba.org\/wp-content\/uploads\/2024\/09\/WhatsApp-Image-2024-09-03-at-12.27.23-1140x644.jpeg 1140w\" sizes=\"auto, (max-width: 300px) 100vw, 300px\" \/> <img loading=\"lazy\" decoding=\"async\" class=\"alignnone size-medium wp-image-45439\" src=\"https:\/\/atecordoba.org\/wp-content\/uploads\/2024\/09\/WhatsApp-Image-2024-09-03-at-15.01.18-300x169.jpeg\" alt=\"\" width=\"300\" height=\"169\" srcset=\"https:\/\/atecordoba.org\/wp-content\/uploads\/2024\/09\/WhatsApp-Image-2024-09-03-at-15.01.18-300x169.jpeg 300w, https:\/\/atecordoba.org\/wp-content\/uploads\/2024\/09\/WhatsApp-Image-2024-09-03-at-15.01.18-1024x578.jpeg 1024w, https:\/\/atecordoba.org\/wp-content\/uploads\/2024\/09\/WhatsApp-Image-2024-09-03-at-15.01.18-768x434.jpeg 768w, https:\/\/atecordoba.org\/wp-content\/uploads\/2024\/09\/WhatsApp-Image-2024-09-03-at-15.01.18-1536x867.jpeg 1536w, https:\/\/atecordoba.org\/wp-content\/uploads\/2024\/09\/WhatsApp-Image-2024-09-03-at-15.01.18-2048x1156.jpeg 2048w, https:\/\/atecordoba.org\/wp-content\/uploads\/2024\/09\/WhatsApp-Image-2024-09-03-at-15.01.18-750x423.jpeg 750w, https:\/\/atecordoba.org\/wp-content\/uploads\/2024\/09\/WhatsApp-Image-2024-09-03-at-15.01.18-1140x644.jpeg 1140w\" sizes=\"auto, (max-width: 300px) 100vw, 300px\" \/><\/p>\n<p>Durante las audiencias, se plante\u00f3 la preocupaci\u00f3n por el desmantelamiento y vaciamiento de estos organismos, as\u00ed como las claras se\u00f1ales del gobierno nacional de querer privatizarlos y, lo que es a\u00fan m\u00e1s alarmante, extranjerizarlos mediante su captura por empresas multinacionales. Esta situaci\u00f3n no solo pone en riesgo las fuentes laborales y las condiciones de trabajo de las y los estatales de estos sectores, sino que tambi\u00e9n amenaza la soberan\u00eda nacional, con la posibilidad de que banderas extranjeras ondeen en nuestro territorio provincial.<\/p>\n<p>El cronograma de audiencias incluy\u00f3 las siguientes reuniones:<\/p>\n<ul>\n<li><strong>10:00 HS:<\/strong> Legislador Gvozdenovich (UCR)<\/li>\n<li><strong>11:00 HS:<\/strong> Legislador Federico Alessandri (Creo en C\u00f3rdoba)<\/li>\n<li><strong>12:00 HS:<\/strong> Legislador Nostrala (Frente C\u00edvico)<\/li>\n<li><strong>13:30 HS:<\/strong> Legisladora Luciana Echevarr\u00eda (MST)<\/li>\n<li><strong>14:15 HS:<\/strong> Legislador Rossi (UCR)<\/li>\n<\/ul>\n<p><img loading=\"lazy\" decoding=\"async\" class=\"alignnone size-medium wp-image-45440\" src=\"https:\/\/atecordoba.org\/wp-content\/uploads\/2024\/09\/WhatsApp-Image-2024-09-03-at-15.01.13-300x169.jpeg\" alt=\"\" width=\"300\" height=\"169\" srcset=\"https:\/\/atecordoba.org\/wp-content\/uploads\/2024\/09\/WhatsApp-Image-2024-09-03-at-15.01.13-300x169.jpeg 300w, https:\/\/atecordoba.org\/wp-content\/uploads\/2024\/09\/WhatsApp-Image-2024-09-03-at-15.01.13-1024x578.jpeg 1024w, https:\/\/atecordoba.org\/wp-content\/uploads\/2024\/09\/WhatsApp-Image-2024-09-03-at-15.01.13-768x434.jpeg 768w, https:\/\/atecordoba.org\/wp-content\/uploads\/2024\/09\/WhatsApp-Image-2024-09-03-at-15.01.13-1536x867.jpeg 1536w, https:\/\/atecordoba.org\/wp-content\/uploads\/2024\/09\/WhatsApp-Image-2024-09-03-at-15.01.13-2048x1156.jpeg 2048w, https:\/\/atecordoba.org\/wp-content\/uploads\/2024\/09\/WhatsApp-Image-2024-09-03-at-15.01.13-750x423.jpeg 750w, https:\/\/atecordoba.org\/wp-content\/uploads\/2024\/09\/WhatsApp-Image-2024-09-03-at-15.01.13-1140x644.jpeg 1140w\" sizes=\"auto, (max-width: 300px) 100vw, 300px\" \/> <img loading=\"lazy\" decoding=\"async\" class=\"alignnone size-medium wp-image-45441\" src=\"https:\/\/atecordoba.org\/wp-content\/uploads\/2024\/09\/WhatsApp-Image-2024-09-03-at-12.27.26-1-300x169.jpeg\" alt=\"\" width=\"300\" height=\"169\" srcset=\"https:\/\/atecordoba.org\/wp-content\/uploads\/2024\/09\/WhatsApp-Image-2024-09-03-at-12.27.26-1-300x169.jpeg 300w, https:\/\/atecordoba.org\/wp-content\/uploads\/2024\/09\/WhatsApp-Image-2024-09-03-at-12.27.26-1-1024x578.jpeg 1024w, https:\/\/atecordoba.org\/wp-content\/uploads\/2024\/09\/WhatsApp-Image-2024-09-03-at-12.27.26-1-768x434.jpeg 768w, https:\/\/atecordoba.org\/wp-content\/uploads\/2024\/09\/WhatsApp-Image-2024-09-03-at-12.27.26-1-1536x867.jpeg 1536w, https:\/\/atecordoba.org\/wp-content\/uploads\/2024\/09\/WhatsApp-Image-2024-09-03-at-12.27.26-1-2048x1156.jpeg 2048w, https:\/\/atecordoba.org\/wp-content\/uploads\/2024\/09\/WhatsApp-Image-2024-09-03-at-12.27.26-1-750x423.jpeg 750w, https:\/\/atecordoba.org\/wp-content\/uploads\/2024\/09\/WhatsApp-Image-2024-09-03-at-12.27.26-1-1140x644.jpeg 1140w\" sizes=\"auto, (max-width: 300px) 100vw, 300px\" \/> <img loading=\"lazy\" decoding=\"async\" class=\"alignnone size-medium wp-image-45442\" src=\"https:\/\/atecordoba.org\/wp-content\/uploads\/2024\/09\/WhatsApp-Image-2024-09-03-at-11.57.34-300x169.jpeg\" alt=\"\" width=\"300\" height=\"169\" srcset=\"https:\/\/atecordoba.org\/wp-content\/uploads\/2024\/09\/WhatsApp-Image-2024-09-03-at-11.57.34-300x169.jpeg 300w, https:\/\/atecordoba.org\/wp-content\/uploads\/2024\/09\/WhatsApp-Image-2024-09-03-at-11.57.34-1024x578.jpeg 1024w, https:\/\/atecordoba.org\/wp-content\/uploads\/2024\/09\/WhatsApp-Image-2024-09-03-at-11.57.34-768x434.jpeg 768w, https:\/\/atecordoba.org\/wp-content\/uploads\/2024\/09\/WhatsApp-Image-2024-09-03-at-11.57.34-1536x867.jpeg 1536w, https:\/\/atecordoba.org\/wp-content\/uploads\/2024\/09\/WhatsApp-Image-2024-09-03-at-11.57.34-2048x1156.jpeg 2048w, https:\/\/atecordoba.org\/wp-content\/uploads\/2024\/09\/WhatsApp-Image-2024-09-03-at-11.57.34-750x423.jpeg 750w, https:\/\/atecordoba.org\/wp-content\/uploads\/2024\/09\/WhatsApp-Image-2024-09-03-at-11.57.34-1140x644.jpeg 1140w\" sizes=\"auto, (max-width: 300px) 100vw, 300px\" \/> <img loading=\"lazy\" decoding=\"async\" class=\"alignnone size-medium wp-image-45443\" src=\"https:\/\/atecordoba.org\/wp-content\/uploads\/2024\/09\/WhatsApp-Image-2024-09-03-at-10.27.07-300x169.jpeg\" alt=\"\" width=\"300\" height=\"169\" srcset=\"https:\/\/atecordoba.org\/wp-content\/uploads\/2024\/09\/WhatsApp-Image-2024-09-03-at-10.27.07-300x169.jpeg 300w, https:\/\/atecordoba.org\/wp-content\/uploads\/2024\/09\/WhatsApp-Image-2024-09-03-at-10.27.07-1024x578.jpeg 1024w, https:\/\/atecordoba.org\/wp-content\/uploads\/2024\/09\/WhatsApp-Image-2024-09-03-at-10.27.07-768x434.jpeg 768w, https:\/\/atecordoba.org\/wp-content\/uploads\/2024\/09\/WhatsApp-Image-2024-09-03-at-10.27.07-1536x867.jpeg 1536w, https:\/\/atecordoba.org\/wp-content\/uploads\/2024\/09\/WhatsApp-Image-2024-09-03-at-10.27.07-2048x1156.jpeg 2048w, https:\/\/atecordoba.org\/wp-content\/uploads\/2024\/09\/WhatsApp-Image-2024-09-03-at-10.27.07-750x423.jpeg 750w, https:\/\/atecordoba.org\/wp-content\/uploads\/2024\/09\/WhatsApp-Image-2024-09-03-at-10.27.07-1140x644.jpeg 1140w\" sizes=\"auto, (max-width: 300px) 100vw, 300px\" \/><\/p>\n<p>El objetivo de estas reuniones fue lograr que la legislatura provincial no solo exprese su preocupaci\u00f3n ante esta avanzada, sino que tambi\u00e9n materialice alg\u00fan tipo de dispositivo que pueda ser elevado al gobierno nacional para impedir que esta situaci\u00f3n contin\u00fae.<\/p>\n<p><strong>Federico Giuliani<\/strong> expres\u00f3: &#8220;No estamos solo hablando de la p\u00e9rdida de empleos, sino de la defensa de nuestra soberan\u00eda. Es esencial que la legislatura act\u00fae para proteger a estos sectores estrat\u00e9gicos y evitar que nuestras f\u00e1bricas y organismos productivos caigan en manos extranjeras.&#8221;<\/p>\n<p><strong>Alejandra Agnone<\/strong> a\u00f1adi\u00f3: &#8220;Es fundamental que los legisladores comprendan la magnitud de esta amenaza y act\u00faen en consecuencia. No podemos permitir que la privatizaci\u00f3n y extranjerizaci\u00f3n de nuestros recursos avance sin resistencia.&#8221;<\/p>\n<p>Seguimos comprometidos en la defensa de los derechos laborales y la soberan\u00eda nacional. Continuaremos luchando por la protecci\u00f3n de nuestros organismos productivos y las fuentes de trabajo que representan.<\/p>\n<p><em><strong>ATE C\u00f3rdoba<\/strong> <strong>&#8211; En Defensa de la Soberan\u00eda y la Industria Nacional.<\/strong><\/em><\/p>\n","protected":false},"excerpt":{"rendered":"<p>En el d\u00eda de hoy, el Consejo Directivo Provincial de ATE C\u00f3rdoba, encabezado por su Secretario General, Federico Giuliani, junto a Alejandra Agnone, Secretaria de Acci\u00f3n Pol\u00edtica; Jorge Chalup, Secretario Gremial; y C\u00e9sar Theaux, Secretario de Derechos Humanos, se reuni\u00f3 con diversos legisladores de la provincia para expresar la grave situaci\u00f3n que est\u00e1n atravesando los [&hellip;]<\/p>\n","protected":false},"author":3,"featured_media":45434,"comment_status":"open","ping_status":"open","sticky":false,"template":"","format":"standard","meta":{"_exactmetrics_skip_tracking":false,"_exactmetrics_sitenote_active":false,"_exactmetrics_sitenote_note":"","_exactmetrics_sitenote_category":0,"jnews-multi-image_gallery":[],"jnews_single_post":{"format":"standard","override":[{"template":"1","parallax":"1","fullscreen":"1","layout":"no-sidebar-narrow","sidebar":"default-sidebar","second_sidebar":"default-sidebar","sticky_sidebar":"1","share_position":"bottom","share_float_style":"share-monocrhome","show_share_counter":"1","show_view_counter":"1","show_post_meta":"1","show_post_author_image":"1","show_post_date":"1","post_date_format":"default","post_date_format_custom":"Y\/m\/d","show_post_category":"1","show_post_reading_time":"0","post_reading_time_wpm":"300","post_calculate_word_method":"str_word_count","show_zoom_button":"0","zoom_button_out_step":"2","zoom_button_in_step":"3","show_post_tag":"1","number_popup_post":"1","show_post_related":"1","show_inline_post_related":"0"}],"image_override":[{"single_post_thumbnail_size":"crop-500","single_post_gallery_size":"crop-500"}],"trending_post_position":"meta","trending_post_label":"Trending","sponsored_post_label":"Sponsored by","disable_ad":"0"},"jnews_primary_category":[],"jnews_social_meta":[],"jnews_review":[],"enable_review":"","type":"percentage","name":"","summary":"","brand":"","sku":"","good":[],"bad":[],"score_override":"","override_value":"","rating":[],"price":[],"jnews_override_counter":{"view_counter_number":"0","share_counter_number":"0","like_counter_number":"0","dislike_counter_number":"0"},"jnews_post_split":{"post_split":[{"template":"1","tag":"h2","numbering":"asc","mode":"normal","first":"0","enable_toc":"0","toc_type":"normal"}]},"footnotes":""},"categories":[10,1384],"tags":[],"class_list":["post-45433","post","type-post","status-publish","format-standard","has-post-thumbnail","hentry","category-accion-politica","category-mesa-de-sectores-productivos-del-cdp"],"jetpack_featured_media_url":"https:\/\/atecordoba.org\/wp-content\/uploads\/2024\/09\/WhatsApp-Image-2024-09-03-at-15.01.12-scaled.jpeg","_links":{"self":[{"href":"https:\/\/atecordoba.org\/index.php?rest_route=\/wp\/v2\/posts\/45433","targetHints":{"allow":["GET"]}}],"collection":[{"href":"https:\/\/atecordoba.org\/index.php?rest_route=\/wp\/v2\/posts"}],"about":[{"href":"https:\/\/atecordoba.org\/index.php?rest_route=\/wp\/v2\/types\/post"}],"author":[{"embeddable":true,"href":"https:\/\/atecordoba.org\/index.php?rest_route=\/wp\/v2\/users\/3"}],"replies":[{"embeddable":true,"href":"https:\/\/atecordoba.org\/index.php?rest_route=%2Fwp%2Fv2%2Fcomments&post=45433"}],"version-history":[{"count":5,"href":"https:\/\/atecordoba.org\/index.php?rest_route=\/wp\/v2\/posts\/45433\/revisions"}],"predecessor-version":[{"id":45450,"href":"https:\/\/atecordoba.org\/index.php?rest_route=\/wp\/v2\/posts\/45433\/revisions\/45450"}],"wp:featuredmedia":[{"embeddable":true,"href":"https:\/\/atecordoba.org\/index.php?rest_route=\/wp\/v2\/media\/45434"}],"wp:attachment":[{"href":"https:\/\/atecordoba.org\/index.php?rest_route=%2Fwp%2Fv2%2Fmedia&parent=45433"}],"wp:term":[{"taxonomy":"category","embeddable":true,"href":"https:\/\/atecordoba.org\/index.php?rest_route=%2Fwp%2Fv2%2Fcategories&post=45433"},{"taxonomy":"post_tag","embeddable":true,"href":"https:\/\/atecordoba.org\/index.php?rest_route=%2Fwp%2Fv2%2Ftags&post=45433"}],"curies":[{"name":"wp","href":"https:\/\/api.w.org\/{rel}","templated":true}]}}