{"id":45427,"date":"2024-09-03T12:19:46","date_gmt":"2024-09-03T15:19:46","guid":{"rendered":"https:\/\/atecordoba.org\/?p=45427"},"modified":"2024-09-03T12:19:46","modified_gmt":"2024-09-03T15:19:46","slug":"logro-de-ate-sigue-suspendido-el-cobro-de-fosaet","status":"publish","type":"post","link":"https:\/\/atecordoba.org\/?p=45427","title":{"rendered":"Logro de ATE: sigue suspendido el cobro de FOSAET"},"content":{"rendered":"<p>APROSS y el Gobierno suspenden, una vez m\u00e1s, el cobro del FOSAET (Fondo Solidario de Atenci\u00f3n Para Enfermedades Emergentes e Innovaci\u00f3n Tecnol\u00f3gicas)<\/p>\n<p><img loading=\"lazy\" decoding=\"async\" class=\" wp-image-45428 aligncenter\" src=\"https:\/\/atecordoba.org\/wp-content\/uploads\/2024\/09\/apross-300x168.jpg\" alt=\"\" width=\"430\" height=\"241\" srcset=\"https:\/\/atecordoba.org\/wp-content\/uploads\/2024\/09\/apross-300x168.jpg 300w, https:\/\/atecordoba.org\/wp-content\/uploads\/2024\/09\/apross-768x431.jpg 768w, https:\/\/atecordoba.org\/wp-content\/uploads\/2024\/09\/apross-750x421.jpg 750w, https:\/\/atecordoba.org\/wp-content\/uploads\/2024\/09\/apross.jpg 822w\" sizes=\"auto, (max-width: 430px) 100vw, 430px\" \/><\/p>\n<p>Gracias al reclamo y la visibilizaci\u00f3n que realiza ATE desde enero, el FOSAET se congela nuevamente. Este \u00edtems que busca cobrar APROSS implica una nueva estafa al bolsillo ya alica\u00eddo de las y los trabajadores provinciales y municipales que se encuentran presos en una obra social que no garantiza el acceso a la salud a quienes pagan mensualmente su sostenimiento.<\/p>\n<p>APROSS es la obra social de la cual son rehenes las y los estatales de la provincia y municipio, el aporte desmedido que cada trabajador\/a debe hacer, es desorbitante siendo que no garantiza servicios esenciales y en muchos puntos de la provincia no llega directamente.<\/p>\n<p>El hospital de APROSS, el Ferreyra en la capital provincial, se ve vaciado ya que sus recursos humanos son trasladados al Hospital Privado, el cual es propiedad del Ministro de Salud, Ricardo Pieckenstaine.<\/p>\n<p>En contexto de crisis, ajustar sobre el salario no es la soluci\u00f3n sino que incentivar el consumo interno con sueldos dignos y condiciones propicias de trabajo deber\u00eda ser el eje que pregone el gobierno.<br \/>\nUna vez m\u00e1s, las acciones de ATE dan sus frutos. Seguiremos denunciando la estafa del APROSS pr\u00f3ximamente con un petitorio y una acci\u00f3n directa el 18 de septiembre frente a su sede central.<\/p>\n","protected":false},"excerpt":{"rendered":"<p>APROSS y el Gobierno suspenden, una vez m\u00e1s, el cobro del FOSAET (Fondo Solidario de Atenci\u00f3n Para Enfermedades Emergentes e Innovaci\u00f3n Tecnol\u00f3gicas) Gracias al reclamo y la visibilizaci\u00f3n que realiza ATE desde enero, el FOSAET se congela nuevamente. Este \u00edtems que busca cobrar APROSS implica una nueva estafa al bolsillo ya alica\u00eddo de las y [&hellip;]<\/p>\n","protected":false},"author":3,"featured_media":45430,"comment_status":"open","ping_status":"open","sticky":false,"template":"","format":"standard","meta":{"_exactmetrics_skip_tracking":false,"_exactmetrics_sitenote_active":false,"_exactmetrics_sitenote_note":"","_exactmetrics_sitenote_category":0,"jnews-multi-image_gallery":[],"jnews_single_post":{"format":"standard","override":[{"template":"1","parallax":"1","fullscreen":"1","layout":"no-sidebar-narrow","sidebar":"default-sidebar","second_sidebar":"default-sidebar","sticky_sidebar":"1","share_position":"bottom","share_float_style":"share-monocrhome","show_share_counter":"1","show_view_counter":"1","show_post_meta":"1","show_post_author_image":"1","show_post_date":"1","post_date_format":"default","post_date_format_custom":"Y\/m\/d","show_post_category":"1","show_post_reading_time":"0","post_reading_time_wpm":"300","post_calculate_word_method":"str_word_count","show_zoom_button":"0","zoom_button_out_step":"2","zoom_button_in_step":"3","show_post_tag":"1","number_popup_post":"1","show_post_related":"1","show_inline_post_related":"0"}],"image_override":[{"single_post_thumbnail_size":"crop-500","single_post_gallery_size":"crop-500"}],"trending_post_position":"meta","trending_post_label":"Trending","sponsored_post_label":"Sponsored by","disable_ad":"0"},"jnews_primary_category":[],"jnews_social_meta":[],"jnews_review":[],"enable_review":"","type":"percentage","name":"","summary":"","brand":"","sku":"","good":[],"bad":[],"score_override":"","override_value":"","rating":[],"price":[],"jnews_override_counter":{"view_counter_number":"0","share_counter_number":"0","like_counter_number":"0","dislike_counter_number":"0"},"jnews_post_split":{"post_split":[{"template":"1","tag":"h2","numbering":"asc","mode":"normal","first":"0","enable_toc":"0","toc_type":"normal"}]},"footnotes":""},"categories":[10],"tags":[31],"class_list":["post-45427","post","type-post","status-publish","format-standard","has-post-thumbnail","hentry","category-accion-politica","tag-provinciales-2"],"jetpack_featured_media_url":"https:\/\/atecordoba.org\/wp-content\/uploads\/2024\/09\/aPROSS.jpeg","_links":{"self":[{"href":"https:\/\/atecordoba.org\/index.php?rest_route=\/wp\/v2\/posts\/45427","targetHints":{"allow":["GET"]}}],"collection":[{"href":"https:\/\/atecordoba.org\/index.php?rest_route=\/wp\/v2\/posts"}],"about":[{"href":"https:\/\/atecordoba.org\/index.php?rest_route=\/wp\/v2\/types\/post"}],"author":[{"embeddable":true,"href":"https:\/\/atecordoba.org\/index.php?rest_route=\/wp\/v2\/users\/3"}],"replies":[{"embeddable":true,"href":"https:\/\/atecordoba.org\/index.php?rest_route=%2Fwp%2Fv2%2Fcomments&post=45427"}],"version-history":[{"count":1,"href":"https:\/\/atecordoba.org\/index.php?rest_route=\/wp\/v2\/posts\/45427\/revisions"}],"predecessor-version":[{"id":45431,"href":"https:\/\/atecordoba.org\/index.php?rest_route=\/wp\/v2\/posts\/45427\/revisions\/45431"}],"wp:featuredmedia":[{"embeddable":true,"href":"https:\/\/atecordoba.org\/index.php?rest_route=\/wp\/v2\/media\/45430"}],"wp:attachment":[{"href":"https:\/\/atecordoba.org\/index.php?rest_route=%2Fwp%2Fv2%2Fmedia&parent=45427"}],"wp:term":[{"taxonomy":"category","embeddable":true,"href":"https:\/\/atecordoba.org\/index.php?rest_route=%2Fwp%2Fv2%2Fcategories&post=45427"},{"taxonomy":"post_tag","embeddable":true,"href":"https:\/\/atecordoba.org\/index.php?rest_route=%2Fwp%2Fv2%2Ftags&post=45427"}],"curies":[{"name":"wp","href":"https:\/\/api.w.org\/{rel}","templated":true}]}}