{"id":4542,"date":"2014-09-25T18:25:01","date_gmt":"2014-09-25T21:25:01","guid":{"rendered":"http:\/\/www.atecordoba.org\/?p=4542"},"modified":"2014-09-25T18:25:01","modified_gmt":"2014-09-25T21:25:01","slug":"el-iose-realizara-el-manana-un-paro-nacional-del-24-horas","status":"publish","type":"post","link":"https:\/\/atecordoba.org\/?p=4542","title":{"rendered":"El IOSE realizar\u00e1 el ma\u00f1ana un paro nacional del 24 horas"},"content":{"rendered":"<p><em>La medida de fuerza se origina en el reclamo de una urgente recomposici\u00f3n salarial, el pase a planta de los trabajadores precarizados y el fin de la violencia labora.<\/em><\/p>\n<p><a href=\"http:\/\/www.atecordoba.org\/wp-content\/uploads\/2014\/05\/iose-corte-3.png\"><img loading=\"lazy\" decoding=\"async\" class=\"aligncenter  wp-image-4099\" src=\"http:\/\/www.atecordoba.org\/wp-content\/uploads\/2014\/05\/iose-corte-3.png\" alt=\"iose corte 3\" width=\"597\" height=\"396\" \/><\/a><\/p>\n<p>El paro se iniciar\u00e1 a las 0 horas del viernes y se extender\u00e1 hasta las 24 horas, afectando en C\u00f3rdoba a las farmacias de la obra social del Ej\u00e9rcito, el CAR, la delegaci\u00f3n administrativa y los hoteles de Villa General Belgrano, La Falda y Cosqu\u00edn.<\/p>\n<p>&#8220;Somos de los peores pagos del Estado Nacional y necesitamos una recomposici\u00f3n urgente de nuestros salarios&#8221;, relat\u00f3 V\u00edctor Lecuona, integrante del CDP C\u00f3rdoba y representante paritario.<\/p>\n<p>A esta situaci\u00f3n se suma la gran cantidad de personal con contratos a plazo y monotributos vigentes, todas formas de precarizaci\u00f3n laboral que mantienen en permanente inseguridad laboral a los trabajadores, adem\u00e1s de que cuentan con menos derechos que los compa\u00f1eros de planta.<\/p>\n<p>Tambi\u00e9n est\u00e1 presente en diversos sectores del pa\u00eds, sede del organismo, los casos de maltrato y violencia laboral que han determinado la acci\u00f3n integral de ATE para enfrentar el flagelo.<\/p>\n<p>&nbsp;<\/p>\n","protected":false},"excerpt":{"rendered":"<p>La medida de fuerza se origina en el reclamo de una urgente recomposici\u00f3n salarial, el pase a planta de los trabajadores precarizados y el fin de la violencia labora. El paro se iniciar\u00e1 a las 0 horas del viernes y se extender\u00e1 hasta las 24 horas, afectando en C\u00f3rdoba a las farmacias de la obra [&hellip;]<\/p>\n","protected":false},"author":1,"featured_media":19220,"comment_status":"open","ping_status":"open","sticky":false,"template":"","format":"standard","meta":{"_exactmetrics_skip_tracking":false,"_exactmetrics_sitenote_active":false,"_exactmetrics_sitenote_note":"","_exactmetrics_sitenote_category":0,"jnews-multi-image_gallery":[],"jnews_single_post":[],"jnews_primary_category":[],"jnews_social_meta":[],"jnews_review":[],"enable_review":"","type":"","name":"","summary":"","brand":"","sku":"","good":[],"bad":[],"score_override":"","override_value":"","rating":[],"price":[],"jnews_override_counter":[],"jnews_post_split":[],"footnotes":""},"categories":[99,18],"tags":[],"class_list":["post-4542","post","type-post","status-publish","format-standard","has-post-thumbnail","hentry","category-iose","category-nacionales"],"jetpack_featured_media_url":"https:\/\/atecordoba.org\/wp-content\/uploads\/2020\/05\/logo-nuevochico-e1561581322808.png","_links":{"self":[{"href":"https:\/\/atecordoba.org\/index.php?rest_route=\/wp\/v2\/posts\/4542","targetHints":{"allow":["GET"]}}],"collection":[{"href":"https:\/\/atecordoba.org\/index.php?rest_route=\/wp\/v2\/posts"}],"about":[{"href":"https:\/\/atecordoba.org\/index.php?rest_route=\/wp\/v2\/types\/post"}],"author":[{"embeddable":true,"href":"https:\/\/atecordoba.org\/index.php?rest_route=\/wp\/v2\/users\/1"}],"replies":[{"embeddable":true,"href":"https:\/\/atecordoba.org\/index.php?rest_route=%2Fwp%2Fv2%2Fcomments&post=4542"}],"version-history":[{"count":0,"href":"https:\/\/atecordoba.org\/index.php?rest_route=\/wp\/v2\/posts\/4542\/revisions"}],"wp:featuredmedia":[{"embeddable":true,"href":"https:\/\/atecordoba.org\/index.php?rest_route=\/wp\/v2\/media\/19220"}],"wp:attachment":[{"href":"https:\/\/atecordoba.org\/index.php?rest_route=%2Fwp%2Fv2%2Fmedia&parent=4542"}],"wp:term":[{"taxonomy":"category","embeddable":true,"href":"https:\/\/atecordoba.org\/index.php?rest_route=%2Fwp%2Fv2%2Fcategories&post=4542"},{"taxonomy":"post_tag","embeddable":true,"href":"https:\/\/atecordoba.org\/index.php?rest_route=%2Fwp%2Fv2%2Ftags&post=4542"}],"curies":[{"name":"wp","href":"https:\/\/api.w.org\/{rel}","templated":true}]}}