{"id":45416,"date":"2024-08-30T13:12:44","date_gmt":"2024-08-30T16:12:44","guid":{"rendered":"https:\/\/atecordoba.org\/?p=45416"},"modified":"2024-08-30T13:42:39","modified_gmt":"2024-08-30T16:42:39","slug":"reunion-de-defensa-por-la-privatizacion-de-las-fabricas-militares-en-cordoba","status":"publish","type":"post","link":"https:\/\/atecordoba.org\/?p=45416","title":{"rendered":"Reuni\u00f3n en defensa contra la privatizaci\u00f3n de las F\u00e1bricas Militares en C\u00f3rdoba"},"content":{"rendered":"<p><img loading=\"lazy\" decoding=\"async\" class=\"alignnone wp-image-45418 size-large\" src=\"https:\/\/atecordoba.org\/wp-content\/uploads\/2024\/08\/WhatsApp-Image-2024-08-30-at-1.09.16-PM-1024x768.jpeg\" alt=\"\" width=\"1024\" height=\"768\" srcset=\"https:\/\/atecordoba.org\/wp-content\/uploads\/2024\/08\/WhatsApp-Image-2024-08-30-at-1.09.16-PM-1024x768.jpeg 1024w, https:\/\/atecordoba.org\/wp-content\/uploads\/2024\/08\/WhatsApp-Image-2024-08-30-at-1.09.16-PM-300x225.jpeg 300w, https:\/\/atecordoba.org\/wp-content\/uploads\/2024\/08\/WhatsApp-Image-2024-08-30-at-1.09.16-PM-768x576.jpeg 768w, https:\/\/atecordoba.org\/wp-content\/uploads\/2024\/08\/WhatsApp-Image-2024-08-30-at-1.09.16-PM-1536x1152.jpeg 1536w, https:\/\/atecordoba.org\/wp-content\/uploads\/2024\/08\/WhatsApp-Image-2024-08-30-at-1.09.16-PM-2048x1536.jpeg 2048w, https:\/\/atecordoba.org\/wp-content\/uploads\/2024\/08\/WhatsApp-Image-2024-08-30-at-1.09.16-PM-750x563.jpeg 750w, https:\/\/atecordoba.org\/wp-content\/uploads\/2024\/08\/WhatsApp-Image-2024-08-30-at-1.09.16-PM-1140x855.jpeg 1140w\" sizes=\"auto, (max-width: 1024px) 100vw, 1024px\" \/><\/p>\n<p>En el marco de organizarnos legal, pol\u00edtica y sindicalmente, desde ATE C\u00f3rdoba seguimos en la lucha para proteger las fuentes de trabajo y los derechos de las y los trabajadores de las f\u00e1bricas militares en nuestra provincia. En este sentido, hemos realizado una importante reuni\u00f3n para abordar las inquietudes y preocupaciones generadas por el posible pase de las fabricaciones militares de sociedad del Estado a sociedad an\u00f3nima.<\/p>\n<p>Este encuentro cont\u00f3 con la participaci\u00f3n de Federico Giuliani, secretario general de ATE C\u00f3rdoba, junto a parte de la conducci\u00f3n del Consejo Directivo Provincial (CDP). Tambi\u00e9n estuvieron presentes el asesor legal de nuestro sindicato, Eugenio Biafore, y representantes de las seccionales de ATE Villa Mar\u00eda, la Junta Interna de la F\u00e1brica Militar de Villa Mar\u00eda, y la seccional de ATE R\u00edo Tercero en representaci\u00f3n de la f\u00e1brica militar de R\u00edo Tercero que se uni\u00f3 a la reuni\u00f3n a trav\u00e9s de videollamada.<\/p>\n<p><strong>Abordando la Preocupaci\u00f3n por las F\u00e1bricas Militares<\/strong><\/p>\n<p><img loading=\"lazy\" decoding=\"async\" class=\"size-medium wp-image-45417 alignleft\" src=\"https:\/\/atecordoba.org\/wp-content\/uploads\/2024\/08\/WhatsApp-Image-2024-08-30-at-1.09.17-PM-300x225.jpeg\" alt=\"\" width=\"300\" height=\"225\" srcset=\"https:\/\/atecordoba.org\/wp-content\/uploads\/2024\/08\/WhatsApp-Image-2024-08-30-at-1.09.17-PM-300x225.jpeg 300w, https:\/\/atecordoba.org\/wp-content\/uploads\/2024\/08\/WhatsApp-Image-2024-08-30-at-1.09.17-PM-1024x769.jpeg 1024w, https:\/\/atecordoba.org\/wp-content\/uploads\/2024\/08\/WhatsApp-Image-2024-08-30-at-1.09.17-PM-768x577.jpeg 768w, https:\/\/atecordoba.org\/wp-content\/uploads\/2024\/08\/WhatsApp-Image-2024-08-30-at-1.09.17-PM-1536x1153.jpeg 1536w, https:\/\/atecordoba.org\/wp-content\/uploads\/2024\/08\/WhatsApp-Image-2024-08-30-at-1.09.17-PM-2048x1537.jpeg 2048w, https:\/\/atecordoba.org\/wp-content\/uploads\/2024\/08\/WhatsApp-Image-2024-08-30-at-1.09.17-PM-750x563.jpeg 750w, https:\/\/atecordoba.org\/wp-content\/uploads\/2024\/08\/WhatsApp-Image-2024-08-30-at-1.09.17-PM-1140x856.jpeg 1140w\" sizes=\"auto, (max-width: 300px) 100vw, 300px\" \/><\/p>\n<p>La idea central de este espacio fue encontrarnos con nuestro abogado, Eugenio Biafore, para despejar dudas y consultas relacionadas con la transformaci\u00f3n de fabricaciones militares a sociedad an\u00f3nima. Las principales preocupaciones que surgieron en la reuni\u00f3n incluyeron:<\/p>\n<ul>\n<li><strong>Impacto en las fuentes laborales<\/strong>: Nos preguntamos c\u00f3mo este cambio afectar\u00e1 la estabilidad laboral de las y los trabajadores y si se garantizar\u00e1n los puestos de trabajo en el futuro.<\/li>\n<li><strong>Discusi\u00f3n salarial<\/strong>: Una de las principales inquietudes es saber con qui\u00e9n se negociar\u00e1n los salarios bajo la nueva figura jur\u00eddica y si esto implicar\u00e1 una p\u00e9rdida de derechos adquiridos.<\/li>\n<li><strong>Representatividad sindical<\/strong>: Analizamos si ATE seguir\u00e1 teniendo \u00e1mbito y representatividad en el sector, y c\u00f3mo afectar\u00e1 esta privatizaci\u00f3n nuestra capacidad de defender a las y los trabajadores.<\/li>\n<li><strong>Consecuencias generales<\/strong>: Discutimos c\u00f3mo esta medida podr\u00eda perjudicar a las y los trabajadores, tanto en t\u00e9rminos laborales como de derechos.<\/li>\n<\/ul>\n<p><img loading=\"lazy\" decoding=\"async\" class=\"size-medium wp-image-45419 alignleft\" src=\"https:\/\/atecordoba.org\/wp-content\/uploads\/2024\/08\/WhatsApp-Image-2024-08-30-at-1.09.34-PM-300x225.jpeg\" alt=\"\" width=\"300\" height=\"225\" srcset=\"https:\/\/atecordoba.org\/wp-content\/uploads\/2024\/08\/WhatsApp-Image-2024-08-30-at-1.09.34-PM-300x225.jpeg 300w, https:\/\/atecordoba.org\/wp-content\/uploads\/2024\/08\/WhatsApp-Image-2024-08-30-at-1.09.34-PM-1024x769.jpeg 1024w, https:\/\/atecordoba.org\/wp-content\/uploads\/2024\/08\/WhatsApp-Image-2024-08-30-at-1.09.34-PM-768x577.jpeg 768w, https:\/\/atecordoba.org\/wp-content\/uploads\/2024\/08\/WhatsApp-Image-2024-08-30-at-1.09.34-PM-1536x1153.jpeg 1536w, https:\/\/atecordoba.org\/wp-content\/uploads\/2024\/08\/WhatsApp-Image-2024-08-30-at-1.09.34-PM-2048x1537.jpeg 2048w, https:\/\/atecordoba.org\/wp-content\/uploads\/2024\/08\/WhatsApp-Image-2024-08-30-at-1.09.34-PM-750x563.jpeg 750w, https:\/\/atecordoba.org\/wp-content\/uploads\/2024\/08\/WhatsApp-Image-2024-08-30-at-1.09.34-PM-1140x856.jpeg 1140w\" sizes=\"auto, (max-width: 300px) 100vw, 300px\" \/><\/p>\n<p><strong>El Rol de ATE en la Defensa de los Derechos Laborales<\/strong><\/p>\n<p>Durante la reuni\u00f3n, se destac\u00f3 la importancia de contar con herramientas legales para enfrentar esta situaci\u00f3n, y se reafirm\u00f3 el compromiso de ATE C\u00f3rdoba de continuar en la defensa de los derechos de todas y todos los trabajadores afectados por este cambio. Con la asesor\u00eda legal de Eugenio Biafore, estamos preparados para tomar las medidas necesarias para asegurar que las f\u00e1bricas militares sigan siendo un lugar de trabajo digno y seguro para todas y todos.<\/p>\n<p>Esta reuni\u00f3n es un paso m\u00e1s en nuestra lucha constante por proteger el trabajo y los derechos de las y los trabajadores de las f\u00e1bricas militares en C\u00f3rdoba. Seguiremos organiz\u00e1ndonos y moviliz\u00e1ndonos para evitar que esta privatizaci\u00f3n perjudique a nuestras compa\u00f1eras y compa\u00f1eros.<\/p>\n<p><strong>\u00a1La unidad y la lucha son nuestras herramientas m\u00e1s fuertes! Seguimos adelante, en defensa de nuestras f\u00e1bricas y de las y los trabajadores que d\u00eda a d\u00eda las sostienen!<\/strong><\/p>\n","protected":false},"excerpt":{"rendered":"<p>En el marco de organizarnos legal, pol\u00edtica y sindicalmente, desde ATE C\u00f3rdoba seguimos en la lucha para proteger las fuentes de trabajo y los derechos de las y los trabajadores de las f\u00e1bricas militares en nuestra provincia. En este sentido, hemos realizado una importante reuni\u00f3n para abordar las inquietudes y preocupaciones generadas por el posible [&hellip;]<\/p>\n","protected":false},"author":3,"featured_media":45418,"comment_status":"open","ping_status":"open","sticky":false,"template":"","format":"standard","meta":{"_exactmetrics_skip_tracking":false,"_exactmetrics_sitenote_active":false,"_exactmetrics_sitenote_note":"","_exactmetrics_sitenote_category":0,"jnews-multi-image_gallery":[],"jnews_single_post":{"format":"standard","override":[{"template":"1","parallax":"1","fullscreen":"1","layout":"no-sidebar-narrow","sidebar":"default-sidebar","second_sidebar":"default-sidebar","sticky_sidebar":"1","share_position":"bottom","share_float_style":"share-monocrhome","show_share_counter":"1","show_view_counter":"1","show_post_meta":"1","show_post_author_image":"1","show_post_date":"1","post_date_format":"default","post_date_format_custom":"Y\/m\/d","show_post_category":"1","show_post_reading_time":"0","post_reading_time_wpm":"300","post_calculate_word_method":"str_word_count","show_zoom_button":"0","zoom_button_out_step":"2","zoom_button_in_step":"3","show_post_tag":"1","number_popup_post":"1","show_post_related":"1","show_inline_post_related":"0"}],"image_override":[{"single_post_thumbnail_size":"crop-500","single_post_gallery_size":"crop-500"}],"trending_post_position":"meta","trending_post_label":"Trending","sponsored_post_label":"Sponsored by","disable_ad":"0"},"jnews_primary_category":[],"jnews_social_meta":[],"jnews_review":[],"enable_review":"","type":"percentage","name":"","summary":"","brand":"","sku":"","good":[],"bad":[],"score_override":"","override_value":"","rating":[],"price":[],"jnews_override_counter":{"view_counter_number":"0","share_counter_number":"0","like_counter_number":"0","dislike_counter_number":"0"},"jnews_post_split":{"post_split":[{"template":"1","tag":"h2","numbering":"asc","mode":"normal","first":"0","enable_toc":"0","toc_type":"normal"}]},"footnotes":""},"categories":[10,17],"tags":[],"class_list":["post-45416","post","type-post","status-publish","format-standard","has-post-thumbnail","hentry","category-accion-politica","category-fabricaciones-militares"],"jetpack_featured_media_url":"https:\/\/atecordoba.org\/wp-content\/uploads\/2024\/08\/WhatsApp-Image-2024-08-30-at-1.09.16-PM-scaled.jpeg","_links":{"self":[{"href":"https:\/\/atecordoba.org\/index.php?rest_route=\/wp\/v2\/posts\/45416","targetHints":{"allow":["GET"]}}],"collection":[{"href":"https:\/\/atecordoba.org\/index.php?rest_route=\/wp\/v2\/posts"}],"about":[{"href":"https:\/\/atecordoba.org\/index.php?rest_route=\/wp\/v2\/types\/post"}],"author":[{"embeddable":true,"href":"https:\/\/atecordoba.org\/index.php?rest_route=\/wp\/v2\/users\/3"}],"replies":[{"embeddable":true,"href":"https:\/\/atecordoba.org\/index.php?rest_route=%2Fwp%2Fv2%2Fcomments&post=45416"}],"version-history":[{"count":3,"href":"https:\/\/atecordoba.org\/index.php?rest_route=\/wp\/v2\/posts\/45416\/revisions"}],"predecessor-version":[{"id":45423,"href":"https:\/\/atecordoba.org\/index.php?rest_route=\/wp\/v2\/posts\/45416\/revisions\/45423"}],"wp:featuredmedia":[{"embeddable":true,"href":"https:\/\/atecordoba.org\/index.php?rest_route=\/wp\/v2\/media\/45418"}],"wp:attachment":[{"href":"https:\/\/atecordoba.org\/index.php?rest_route=%2Fwp%2Fv2%2Fmedia&parent=45416"}],"wp:term":[{"taxonomy":"category","embeddable":true,"href":"https:\/\/atecordoba.org\/index.php?rest_route=%2Fwp%2Fv2%2Fcategories&post=45416"},{"taxonomy":"post_tag","embeddable":true,"href":"https:\/\/atecordoba.org\/index.php?rest_route=%2Fwp%2Fv2%2Ftags&post=45416"}],"curies":[{"name":"wp","href":"https:\/\/api.w.org\/{rel}","templated":true}]}}