{"id":45410,"date":"2024-08-30T12:12:36","date_gmt":"2024-08-30T15:12:36","guid":{"rendered":"https:\/\/atecordoba.org\/?p=45410"},"modified":"2024-08-30T12:22:47","modified_gmt":"2024-08-30T15:22:47","slug":"amparo-exitoso-en-favor-de-un-afiliado-no-vidente-de-ate-cordoba","status":"publish","type":"post","link":"https:\/\/atecordoba.org\/?p=45410","title":{"rendered":"Amparo Exitoso en Favor de un afiliado no vidente de ATE C\u00f3rdoba"},"content":{"rendered":"<p><img loading=\"lazy\" decoding=\"async\" class=\"alignnone wp-image-45412 size-large\" src=\"https:\/\/atecordoba.org\/wp-content\/uploads\/2024\/08\/biblioteca-de-la-participacion-ok-1024x562.jpg\" alt=\"\" width=\"1024\" height=\"562\" srcset=\"https:\/\/atecordoba.org\/wp-content\/uploads\/2024\/08\/biblioteca-de-la-participacion-ok-1024x562.jpg 1024w, https:\/\/atecordoba.org\/wp-content\/uploads\/2024\/08\/biblioteca-de-la-participacion-ok-300x165.jpg 300w, https:\/\/atecordoba.org\/wp-content\/uploads\/2024\/08\/biblioteca-de-la-participacion-ok-768x421.jpg 768w, https:\/\/atecordoba.org\/wp-content\/uploads\/2024\/08\/biblioteca-de-la-participacion-ok-750x411.jpg 750w, https:\/\/atecordoba.org\/wp-content\/uploads\/2024\/08\/biblioteca-de-la-participacion-ok.jpg 1050w\" sizes=\"auto, (max-width: 1024px) 100vw, 1024px\" \/><\/p>\n<p>En tiempos dif\u00edciles, las buenas noticias son un aliento y reflejan el esfuerzo constante de nuestro sindicato en la defensa de los derechos de las y los trabajadores. Hoy queremos compartir una historia que destaca la importancia de nuestra lucha diaria.<\/p>\n<p>Recientemente, ATE C\u00f3rdoba logr\u00f3 un importante avance en favor de un compa\u00f1ero m\u00e9dico psiquiatra novidente, que forma parte de la administraci\u00f3n provincial.<strong> Este trabajador se encontraba imposibilitado de cumplir con sus funciones debido a la falta de un sistema adaptado a sus necesidades<\/strong>, una herramienta esencial que le permitir\u00eda ejercer su profesi\u00f3n y atender a sus pacientes de manera adecuada.<\/p>\n<p><strong>Una Lucha Judicial por la Inclusi\u00f3n<\/strong><\/p>\n<p>Ante la negativa de la provincia de otorgarle el sistema necesario, nuestros asesores legales, Eugenio Biafore y Paloma Mu\u00f1oz, presentaron un recurso de amparo en defensa del compa\u00f1ero. Durante el proceso judicial, se llevaron a cabo varias audiencias con la Secretar\u00eda de Salud Mental, logrando finalmente un acuerdo que permiti\u00f3 que el trabajador no solo recibiera el sistema que requer\u00eda, sino que tambi\u00e9n fuera reubicado en una nueva dependencia donde puede desempe\u00f1ar un rol de supervisor.<\/p>\n<p><img loading=\"lazy\" decoding=\"async\" class=\"size-medium wp-image-45411 alignleft\" src=\"https:\/\/atecordoba.org\/wp-content\/uploads\/2024\/08\/eugenio-biafore-300x205.jpg\" alt=\"\" width=\"300\" height=\"205\" srcset=\"https:\/\/atecordoba.org\/wp-content\/uploads\/2024\/08\/eugenio-biafore-300x205.jpg 300w, https:\/\/atecordoba.org\/wp-content\/uploads\/2024\/08\/eugenio-biafore-750x513.jpg 750w, https:\/\/atecordoba.org\/wp-content\/uploads\/2024\/08\/eugenio-biafore.jpg 760w\" sizes=\"auto, (max-width: 300px) 100vw, 300px\" \/><\/p>\n<p>En una entrevista con nuestro abogado Eugenio Biafore, \u00e9l comparti\u00f3 detalles sobre el caso: <strong>&#8220;Pablo es un afiliado a ATE, empleado p\u00fablico con una especialidad en salud mental. Por su discapacidad visual, no pod\u00eda ejercer sus funciones porque la carga de las historias cl\u00ednicas en la provincia de C\u00f3rdoba no puede incorporar ning\u00fan tipo de equipamiento que permita a los no videntes saber qu\u00e9 es lo que est\u00e1n incorporando en las historias cl\u00ednicas del sistema. Nosotros peleamos con la administraci\u00f3n de salud para que le dieran esa herramienta, que parec\u00eda imposible de obtener.&#8221;<\/strong><\/p>\n<p>Biafore explic\u00f3 que la intervenci\u00f3n legal fue clave: <strong>&#8220;Fuimos a la C\u00e1mara Contenciosa Administrativa y logramos, mediante la intervenci\u00f3n de la c\u00e1mara, reunirnos con el secretario de Salud para buscar espacios adecuados para su discapacidad. Finalmente, se acord\u00f3 la entrega de un espacio adecuado para que Pablo pueda seguir trabajando en condiciones adaptadas a su capacidad particular, como lo exige la ley de discapacidad.&#8221;<\/strong><\/p>\n<p><strong>Una Victoria para Todos y Todas<\/strong><\/p>\n<p>Este acuerdo, aunque no se trat\u00f3 de una sentencia formal, represent\u00f3 una victoria significativa, ya que el juzgado tuvo una actitud positiva al exigir a la provincia que cumpliera con su obligaci\u00f3n de brindar los medios necesarios para que el compa\u00f1ero pudiera trabajar en condiciones dignas.<\/p>\n<p>El trabajador, quien ahora puede ejercer su profesi\u00f3n con el apoyo que necesita, est\u00e1 sumamente agradecido y contento con el resultado obtenido. Esta es una muestra m\u00e1s de que,<strong> incluso en tiempos de adversidad, la organizaci\u00f3n y la lucha colectiva pueden transformar realidades<\/strong> y hacer valer los derechos de quienes m\u00e1s lo necesitan.<\/p>\n<p>En ATE C\u00f3rdoba, <strong>seguimos comprometidos con la defensa de los derechos laborales y continuaremos trabajando para garantizar que todos y todas nuestras afiliadas y afiliados puedan desarrollar sus actividades en un entorno que respete su dignidad y sus capacidades.<\/strong> Esta victoria es un recordatorio de la importancia de no bajar los brazos y de seguir adelante, siempre unidos y unidas en la lucha.<\/p>\n<p><strong>\u00a1Por m\u00e1s logros como este, seguimos avanzando juntos y juntas!<\/strong><\/p>\n","protected":false},"excerpt":{"rendered":"<p>En tiempos dif\u00edciles, las buenas noticias son un aliento y reflejan el esfuerzo constante de nuestro sindicato en la defensa de los derechos de las y los trabajadores. Hoy queremos compartir una historia que destaca la importancia de nuestra lucha diaria. Recientemente, ATE C\u00f3rdoba logr\u00f3 un importante avance en favor de un compa\u00f1ero m\u00e9dico psiquiatra [&hellip;]<\/p>\n","protected":false},"author":3,"featured_media":45413,"comment_status":"open","ping_status":"open","sticky":false,"template":"","format":"standard","meta":{"_exactmetrics_skip_tracking":false,"_exactmetrics_sitenote_active":false,"_exactmetrics_sitenote_note":"","_exactmetrics_sitenote_category":0,"jnews-multi-image_gallery":[],"jnews_single_post":{"format":"standard","override":[{"template":"1","parallax":"1","fullscreen":"1","layout":"no-sidebar-narrow","sidebar":"default-sidebar","second_sidebar":"default-sidebar","sticky_sidebar":"1","share_position":"bottom","share_float_style":"share-monocrhome","show_share_counter":"1","show_view_counter":"1","show_post_meta":"1","show_post_author_image":"1","show_post_date":"1","post_date_format":"default","post_date_format_custom":"Y\/m\/d","show_post_category":"1","show_post_reading_time":"0","post_reading_time_wpm":"300","post_calculate_word_method":"str_word_count","show_zoom_button":"0","zoom_button_out_step":"2","zoom_button_in_step":"3","show_post_tag":"1","number_popup_post":"1","show_post_related":"1","show_inline_post_related":"0"}],"image_override":[{"single_post_thumbnail_size":"crop-500","single_post_gallery_size":"crop-500"}],"trending_post_position":"meta","trending_post_label":"Trending","sponsored_post_label":"Sponsored by","disable_ad":"0"},"jnews_primary_category":[],"jnews_social_meta":[],"jnews_review":[],"enable_review":"","type":"percentage","name":"","summary":"","brand":"","sku":"","good":[],"bad":[],"score_override":"","override_value":"","rating":[],"price":[],"jnews_override_counter":{"view_counter_number":"0","share_counter_number":"0","like_counter_number":"0","dislike_counter_number":"0"},"jnews_post_split":{"post_split":[{"template":"1","tag":"h2","numbering":"asc","mode":"normal","first":"0","enable_toc":"0","toc_type":"normal"}]},"footnotes":""},"categories":[8],"tags":[],"class_list":["post-45410","post","type-post","status-publish","format-standard","has-post-thumbnail","hentry","category-provinciales"],"jetpack_featured_media_url":"https:\/\/atecordoba.org\/wp-content\/uploads\/2024\/08\/discapacidad-derecho.webp","_links":{"self":[{"href":"https:\/\/atecordoba.org\/index.php?rest_route=\/wp\/v2\/posts\/45410","targetHints":{"allow":["GET"]}}],"collection":[{"href":"https:\/\/atecordoba.org\/index.php?rest_route=\/wp\/v2\/posts"}],"about":[{"href":"https:\/\/atecordoba.org\/index.php?rest_route=\/wp\/v2\/types\/post"}],"author":[{"embeddable":true,"href":"https:\/\/atecordoba.org\/index.php?rest_route=\/wp\/v2\/users\/3"}],"replies":[{"embeddable":true,"href":"https:\/\/atecordoba.org\/index.php?rest_route=%2Fwp%2Fv2%2Fcomments&post=45410"}],"version-history":[{"count":2,"href":"https:\/\/atecordoba.org\/index.php?rest_route=\/wp\/v2\/posts\/45410\/revisions"}],"predecessor-version":[{"id":45415,"href":"https:\/\/atecordoba.org\/index.php?rest_route=\/wp\/v2\/posts\/45410\/revisions\/45415"}],"wp:featuredmedia":[{"embeddable":true,"href":"https:\/\/atecordoba.org\/index.php?rest_route=\/wp\/v2\/media\/45413"}],"wp:attachment":[{"href":"https:\/\/atecordoba.org\/index.php?rest_route=%2Fwp%2Fv2%2Fmedia&parent=45410"}],"wp:term":[{"taxonomy":"category","embeddable":true,"href":"https:\/\/atecordoba.org\/index.php?rest_route=%2Fwp%2Fv2%2Fcategories&post=45410"},{"taxonomy":"post_tag","embeddable":true,"href":"https:\/\/atecordoba.org\/index.php?rest_route=%2Fwp%2Fv2%2Ftags&post=45410"}],"curies":[{"name":"wp","href":"https:\/\/api.w.org\/{rel}","templated":true}]}}