{"id":45407,"date":"2024-08-30T11:35:24","date_gmt":"2024-08-30T14:35:24","guid":{"rendered":"https:\/\/atecordoba.org\/?p=45407"},"modified":"2024-08-30T11:35:24","modified_gmt":"2024-08-30T14:35:24","slug":"jornada-de-visibilizacion-y-lucha-ate-cordoba-en-defensa-de-los-organismos-nacionale","status":"publish","type":"post","link":"https:\/\/atecordoba.org\/?p=45407","title":{"rendered":"Jornada de Visibilizaci\u00f3n y Lucha: ATE C\u00f3rdoba en Defensa de los Organismos Nacionale"},"content":{"rendered":"<p><img loading=\"lazy\" decoding=\"async\" class=\"alignnone wp-image-45408 size-large\" src=\"https:\/\/atecordoba.org\/wp-content\/uploads\/2024\/08\/WhatsApp-Image-2024-08-30-at-11.34.38-AM-1024x627.jpeg\" alt=\"\" width=\"1024\" height=\"627\" srcset=\"https:\/\/atecordoba.org\/wp-content\/uploads\/2024\/08\/WhatsApp-Image-2024-08-30-at-11.34.38-AM-1024x627.jpeg 1024w, https:\/\/atecordoba.org\/wp-content\/uploads\/2024\/08\/WhatsApp-Image-2024-08-30-at-11.34.38-AM-300x184.jpeg 300w, https:\/\/atecordoba.org\/wp-content\/uploads\/2024\/08\/WhatsApp-Image-2024-08-30-at-11.34.38-AM-768x470.jpeg 768w, https:\/\/atecordoba.org\/wp-content\/uploads\/2024\/08\/WhatsApp-Image-2024-08-30-at-11.34.38-AM-750x459.jpeg 750w, https:\/\/atecordoba.org\/wp-content\/uploads\/2024\/08\/WhatsApp-Image-2024-08-30-at-11.34.38-AM-1140x698.jpeg 1140w, https:\/\/atecordoba.org\/wp-content\/uploads\/2024\/08\/WhatsApp-Image-2024-08-30-at-11.34.38-AM.jpeg 1280w\" sizes=\"auto, (max-width: 1024px) 100vw, 1024px\" \/><\/p>\n<p>El pr\u00f3ximo 4 de septiembre a las 10:00 hs, ATE C\u00f3rdoba te invita a participar de una jornada de visibilizaci\u00f3n en la Plaza San Mart\u00edn, donde abordaremos la actual situaci\u00f3n de los organismos nacionales y su rol fundamental como garantes de derechos en nuestra sociedad.<\/p>\n<p><strong>Unidos y Unidas en Defensa de los Organismos Nacionales<\/strong><\/p>\n<p>En un contexto de ajuste y amenazas de privatizaci\u00f3n, es m\u00e1s importante que nunca alzar la voz en defensa de los organismos nacionales que garantizan derechos fundamentales para todas y todos los argentinos. Durante la jornada, se llevar\u00e1 a cabo una volanteada y una radio abierta con el objetivo de informar y concientizar a la ciudadan\u00eda sobre la importancia de estos organismos en nuestra vida cotidiana.<\/p>\n<p><strong>Federico Giuliani: &#8220;Estamos aqu\u00ed para visibilizar una problem\u00e1tica que afecta a toda la sociedad&#8221;<\/strong><\/p>\n<p>Nuestro Secretario General, Federico Giuliani, expres\u00f3 desde el plenario de delegados y delegadas nacionales la importancia de esta actividad. &#8220;Estamos aqu\u00ed para visibilizar una problem\u00e1tica que afecta no solo a las y los trabajadores de estos sectores, sino a toda la sociedad. Las f\u00e1bricas y organismos productivos del Estado son esenciales para la soberan\u00eda y el desarrollo del pa\u00eds, y no podemos permitir que sean desmantelados o privatizados&#8221;, afirm\u00f3 Giuliani.<\/p>\n<p>Esta jornada no es solo una protesta, es un acto de defensa y un llamado a la acci\u00f3n para todos aquellos que valoran el trabajo, la soberan\u00eda y el patrimonio nacional. La actividad del 4 de septiembre tambi\u00e9n respalda la labor de la Mesa de Sectores Productivos del Consejo Directivo Provincial (CDP), un espacio clave en la defensa de los derechos laborales y de nuestros sectores estrat\u00e9gicos.<\/p>\n<p><strong>La Unidad y la Organizaci\u00f3n: Nuestras Mejores Herramientas<\/strong><\/p>\n<p>En momentos de crisis y retrocesos, la unidad y la organizaci\u00f3n son nuestras mejores herramientas. ATE C\u00f3rdoba hace un llamado a todos y todas a sumarse a esta jornada de lucha en Plaza San Mart\u00edn. Tu participaci\u00f3n es clave para continuar defendiendo los derechos de las y los trabajadores y la soberan\u00eda de nuestro pa\u00eds.<\/p>\n<p><strong>\u00a1No Faltes!<\/strong><\/p>\n<p>El futuro de nuestras instituciones y el bienestar de nuestras comunidades dependen de nuestro compromiso colectivo. Nos vemos el 4 de septiembre a las 10:00 hs en Plaza San Mart\u00edn. \u00a1Sumate a la lucha por un futuro m\u00e1s justo para todas y todos!<\/p>\n","protected":false},"excerpt":{"rendered":"<p>El pr\u00f3ximo 4 de septiembre a las 10:00 hs, ATE C\u00f3rdoba te invita a participar de una jornada de visibilizaci\u00f3n en la Plaza San Mart\u00edn, donde abordaremos la actual situaci\u00f3n de los organismos nacionales y su rol fundamental como garantes de derechos en nuestra sociedad. Unidos y Unidas en Defensa de los Organismos Nacionales En [&hellip;]<\/p>\n","protected":false},"author":3,"featured_media":45408,"comment_status":"open","ping_status":"open","sticky":false,"template":"","format":"standard","meta":{"_exactmetrics_skip_tracking":false,"_exactmetrics_sitenote_active":false,"_exactmetrics_sitenote_note":"","_exactmetrics_sitenote_category":0,"jnews-multi-image_gallery":[],"jnews_single_post":{"format":"standard","override":[{"template":"1","parallax":"1","fullscreen":"1","layout":"no-sidebar-narrow","sidebar":"default-sidebar","second_sidebar":"default-sidebar","sticky_sidebar":"1","share_position":"bottom","share_float_style":"share-monocrhome","show_share_counter":"1","show_view_counter":"1","show_post_meta":"1","show_post_author_image":"1","show_post_date":"1","post_date_format":"default","post_date_format_custom":"Y\/m\/d","show_post_category":"1","show_post_reading_time":"0","post_reading_time_wpm":"300","post_calculate_word_method":"str_word_count","show_zoom_button":"0","zoom_button_out_step":"2","zoom_button_in_step":"3","show_post_tag":"1","number_popup_post":"1","show_post_related":"1","show_inline_post_related":"0"}],"image_override":[{"single_post_thumbnail_size":"crop-500","single_post_gallery_size":"crop-500"}],"trending_post_position":"meta","trending_post_label":"Trending","sponsored_post_label":"Sponsored by","disable_ad":"0"},"jnews_primary_category":[],"jnews_social_meta":[],"jnews_review":[],"enable_review":"","type":"percentage","name":"","summary":"","brand":"","sku":"","good":[],"bad":[],"score_override":"","override_value":"","rating":[],"price":[],"jnews_override_counter":{"view_counter_number":"0","share_counter_number":"0","like_counter_number":"0","dislike_counter_number":"0"},"jnews_post_split":{"post_split":[{"template":"1","tag":"h2","numbering":"asc","mode":"normal","first":"0","enable_toc":"0","toc_type":"normal"}]},"footnotes":""},"categories":[10,1384],"tags":[],"class_list":["post-45407","post","type-post","status-publish","format-standard","has-post-thumbnail","hentry","category-accion-politica","category-mesa-de-sectores-productivos-del-cdp"],"jetpack_featured_media_url":"https:\/\/atecordoba.org\/wp-content\/uploads\/2024\/08\/WhatsApp-Image-2024-08-30-at-11.34.38-AM.jpeg","_links":{"self":[{"href":"https:\/\/atecordoba.org\/index.php?rest_route=\/wp\/v2\/posts\/45407","targetHints":{"allow":["GET"]}}],"collection":[{"href":"https:\/\/atecordoba.org\/index.php?rest_route=\/wp\/v2\/posts"}],"about":[{"href":"https:\/\/atecordoba.org\/index.php?rest_route=\/wp\/v2\/types\/post"}],"author":[{"embeddable":true,"href":"https:\/\/atecordoba.org\/index.php?rest_route=\/wp\/v2\/users\/3"}],"replies":[{"embeddable":true,"href":"https:\/\/atecordoba.org\/index.php?rest_route=%2Fwp%2Fv2%2Fcomments&post=45407"}],"version-history":[{"count":1,"href":"https:\/\/atecordoba.org\/index.php?rest_route=\/wp\/v2\/posts\/45407\/revisions"}],"predecessor-version":[{"id":45409,"href":"https:\/\/atecordoba.org\/index.php?rest_route=\/wp\/v2\/posts\/45407\/revisions\/45409"}],"wp:featuredmedia":[{"embeddable":true,"href":"https:\/\/atecordoba.org\/index.php?rest_route=\/wp\/v2\/media\/45408"}],"wp:attachment":[{"href":"https:\/\/atecordoba.org\/index.php?rest_route=%2Fwp%2Fv2%2Fmedia&parent=45407"}],"wp:term":[{"taxonomy":"category","embeddable":true,"href":"https:\/\/atecordoba.org\/index.php?rest_route=%2Fwp%2Fv2%2Fcategories&post=45407"},{"taxonomy":"post_tag","embeddable":true,"href":"https:\/\/atecordoba.org\/index.php?rest_route=%2Fwp%2Fv2%2Ftags&post=45407"}],"curies":[{"name":"wp","href":"https:\/\/api.w.org\/{rel}","templated":true}]}}