{"id":45404,"date":"2024-08-30T11:11:38","date_gmt":"2024-08-30T14:11:38","guid":{"rendered":"https:\/\/atecordoba.org\/?p=45404"},"modified":"2024-08-30T11:11:38","modified_gmt":"2024-08-30T14:11:38","slug":"charla-debate-el-rol-del-sindicalismo-y-la-coyuntura-actual","status":"publish","type":"post","link":"https:\/\/atecordoba.org\/?p=45404","title":{"rendered":"Charla-Debate: &#8220;El Rol del Sindicalismo y la Coyuntura Actual&#8221;"},"content":{"rendered":"<p><img loading=\"lazy\" decoding=\"async\" class=\"alignnone size-medium wp-image-45405\" src=\"https:\/\/atecordoba.org\/wp-content\/uploads\/2024\/08\/WhatsApp-Image-2024-08-29-at-3.26.12-PM-300x300.jpeg\" alt=\"\" width=\"300\" height=\"300\" srcset=\"https:\/\/atecordoba.org\/wp-content\/uploads\/2024\/08\/WhatsApp-Image-2024-08-29-at-3.26.12-PM-300x300.jpeg 300w, https:\/\/atecordoba.org\/wp-content\/uploads\/2024\/08\/WhatsApp-Image-2024-08-29-at-3.26.12-PM-1024x1024.jpeg 1024w, https:\/\/atecordoba.org\/wp-content\/uploads\/2024\/08\/WhatsApp-Image-2024-08-29-at-3.26.12-PM-150x150.jpeg 150w, https:\/\/atecordoba.org\/wp-content\/uploads\/2024\/08\/WhatsApp-Image-2024-08-29-at-3.26.12-PM-768x768.jpeg 768w, https:\/\/atecordoba.org\/wp-content\/uploads\/2024\/08\/WhatsApp-Image-2024-08-29-at-3.26.12-PM-560x560.jpeg 560w, https:\/\/atecordoba.org\/wp-content\/uploads\/2024\/08\/WhatsApp-Image-2024-08-29-at-3.26.12-PM-75x75.jpeg 75w, https:\/\/atecordoba.org\/wp-content\/uploads\/2024\/08\/WhatsApp-Image-2024-08-29-at-3.26.12-PM-350x350.jpeg 350w, https:\/\/atecordoba.org\/wp-content\/uploads\/2024\/08\/WhatsApp-Image-2024-08-29-at-3.26.12-PM-750x750.jpeg 750w, https:\/\/atecordoba.org\/wp-content\/uploads\/2024\/08\/WhatsApp-Image-2024-08-29-at-3.26.12-PM.jpeg 1080w\" sizes=\"auto, (max-width: 300px) 100vw, 300px\" \/><\/p>\n<p>Este 3 de septiembre, te invitamos a participar de una charla-debate imprescindible para entender el presente y futuro del movimiento sindical en Argentina. La actividad se centrar\u00e1 en analizar el rol del sindicalismo en la actualidad, as\u00ed como en la coyuntura pol\u00edtica y social que atraviesa el pa\u00eds.<\/p>\n<p>Contaremos con la presencia de destacados referentes sindicales:<\/p>\n<p>Hugo Bellon: Paritario Nacional de ATE y Coordinador Nacional de Migraciones, integrante de la Agrupaci\u00f3n 17 de Octubre. Con una vasta experiencia en la defensa de los derechos de las y los trabajadores, Bellon ofrecer\u00e1 su perspectiva sobre los desaf\u00edos que enfrenta el sindicalismo en el contexto actual.<\/p>\n<p>Federico Giuliani: Secretario General de ATE y CTA C\u00f3rdoba, reconocido por su liderazgo y compromiso con las luchas obreras en la provincia. Giuliani compartir\u00e1 su visi\u00f3n sobre la importancia de la unidad sindical y las estrategias para enfrentar las adversidades en el escenario pol\u00edtico actual.<\/p>\n<p>La cita es a las 19:00 hs en Entre R\u00edos 450, donde tambi\u00e9n podr\u00e1s intercambiar ideas y experiencias con otros compa\u00f1eros y compa\u00f1eras. No te pierdas esta oportunidad de reflexionar y fortalecer nuestro compromiso con la lucha sindical.<\/p>\n<p>\u00a1Te esperamos!<\/p>\n","protected":false},"excerpt":{"rendered":"<p>Este 3 de septiembre, te invitamos a participar de una charla-debate imprescindible para entender el presente y futuro del movimiento sindical en Argentina. La actividad se centrar\u00e1 en analizar el rol del sindicalismo en la actualidad, as\u00ed como en la coyuntura pol\u00edtica y social que atraviesa el pa\u00eds. Contaremos con la presencia de destacados referentes [&hellip;]<\/p>\n","protected":false},"author":3,"featured_media":45405,"comment_status":"open","ping_status":"open","sticky":false,"template":"","format":"standard","meta":{"_exactmetrics_skip_tracking":false,"_exactmetrics_sitenote_active":false,"_exactmetrics_sitenote_note":"","_exactmetrics_sitenote_category":0,"jnews-multi-image_gallery":[],"jnews_single_post":{"format":"standard","override":[{"template":"1","parallax":"1","fullscreen":"1","layout":"no-sidebar-narrow","sidebar":"default-sidebar","second_sidebar":"default-sidebar","sticky_sidebar":"1","share_position":"bottom","share_float_style":"share-monocrhome","show_share_counter":"1","show_view_counter":"1","show_post_meta":"1","show_post_author_image":"1","show_post_date":"1","post_date_format":"default","post_date_format_custom":"Y\/m\/d","show_post_category":"1","show_post_reading_time":"0","post_reading_time_wpm":"300","post_calculate_word_method":"str_word_count","show_zoom_button":"0","zoom_button_out_step":"2","zoom_button_in_step":"3","show_post_tag":"1","number_popup_post":"1","show_post_related":"1","show_inline_post_related":"0"}],"image_override":[{"single_post_thumbnail_size":"crop-500","single_post_gallery_size":"crop-500"}],"trending_post_position":"meta","trending_post_label":"Trending","sponsored_post_label":"Sponsored by","disable_ad":"0"},"jnews_primary_category":[],"jnews_social_meta":[],"jnews_review":[],"enable_review":"","type":"percentage","name":"","summary":"","brand":"","sku":"","good":[],"bad":[],"score_override":"","override_value":"","rating":[],"price":[],"jnews_override_counter":{"view_counter_number":"0","share_counter_number":"0","like_counter_number":"0","dislike_counter_number":"0"},"jnews_post_split":{"post_split":[{"template":"1","tag":"h2","numbering":"asc","mode":"normal","first":"0","enable_toc":"0","toc_type":"normal"}]},"footnotes":""},"categories":[10],"tags":[],"class_list":["post-45404","post","type-post","status-publish","format-standard","has-post-thumbnail","hentry","category-accion-politica"],"jetpack_featured_media_url":"https:\/\/atecordoba.org\/wp-content\/uploads\/2024\/08\/WhatsApp-Image-2024-08-29-at-3.26.12-PM.jpeg","_links":{"self":[{"href":"https:\/\/atecordoba.org\/index.php?rest_route=\/wp\/v2\/posts\/45404","targetHints":{"allow":["GET"]}}],"collection":[{"href":"https:\/\/atecordoba.org\/index.php?rest_route=\/wp\/v2\/posts"}],"about":[{"href":"https:\/\/atecordoba.org\/index.php?rest_route=\/wp\/v2\/types\/post"}],"author":[{"embeddable":true,"href":"https:\/\/atecordoba.org\/index.php?rest_route=\/wp\/v2\/users\/3"}],"replies":[{"embeddable":true,"href":"https:\/\/atecordoba.org\/index.php?rest_route=%2Fwp%2Fv2%2Fcomments&post=45404"}],"version-history":[{"count":1,"href":"https:\/\/atecordoba.org\/index.php?rest_route=\/wp\/v2\/posts\/45404\/revisions"}],"predecessor-version":[{"id":45406,"href":"https:\/\/atecordoba.org\/index.php?rest_route=\/wp\/v2\/posts\/45404\/revisions\/45406"}],"wp:featuredmedia":[{"embeddable":true,"href":"https:\/\/atecordoba.org\/index.php?rest_route=\/wp\/v2\/media\/45405"}],"wp:attachment":[{"href":"https:\/\/atecordoba.org\/index.php?rest_route=%2Fwp%2Fv2%2Fmedia&parent=45404"}],"wp:term":[{"taxonomy":"category","embeddable":true,"href":"https:\/\/atecordoba.org\/index.php?rest_route=%2Fwp%2Fv2%2Fcategories&post=45404"},{"taxonomy":"post_tag","embeddable":true,"href":"https:\/\/atecordoba.org\/index.php?rest_route=%2Fwp%2Fv2%2Ftags&post=45404"}],"curies":[{"name":"wp","href":"https:\/\/api.w.org\/{rel}","templated":true}]}}