{"id":45394,"date":"2024-08-29T14:08:38","date_gmt":"2024-08-29T17:08:38","guid":{"rendered":"https:\/\/atecordoba.org\/?p=45394"},"modified":"2024-08-29T14:10:45","modified_gmt":"2024-08-29T17:10:45","slug":"actividades-en-villa-maria-de-la-mesa-de-sectores-productivos-estatales-en-cordoba","status":"publish","type":"post","link":"https:\/\/atecordoba.org\/?p=45394","title":{"rendered":"Actividades en Villa Mar\u00eda de la Mesa de Sectores Productivos Estatales de C\u00f3rdoba"},"content":{"rendered":"<p><img loading=\"lazy\" decoding=\"async\" class=\"alignnone wp-image-45395 size-large\" src=\"https:\/\/atecordoba.org\/wp-content\/uploads\/2024\/08\/WhatsApp-Image-2024-08-28-at-22.11.19-1024x627.jpeg\" alt=\"\" width=\"1024\" height=\"627\" srcset=\"https:\/\/atecordoba.org\/wp-content\/uploads\/2024\/08\/WhatsApp-Image-2024-08-28-at-22.11.19-1024x627.jpeg 1024w, https:\/\/atecordoba.org\/wp-content\/uploads\/2024\/08\/WhatsApp-Image-2024-08-28-at-22.11.19-300x184.jpeg 300w, https:\/\/atecordoba.org\/wp-content\/uploads\/2024\/08\/WhatsApp-Image-2024-08-28-at-22.11.19-768x470.jpeg 768w, https:\/\/atecordoba.org\/wp-content\/uploads\/2024\/08\/WhatsApp-Image-2024-08-28-at-22.11.19-750x459.jpeg 750w, https:\/\/atecordoba.org\/wp-content\/uploads\/2024\/08\/WhatsApp-Image-2024-08-28-at-22.11.19-1140x698.jpeg 1140w, https:\/\/atecordoba.org\/wp-content\/uploads\/2024\/08\/WhatsApp-Image-2024-08-28-at-22.11.19.jpeg 1280w\" sizes=\"auto, (max-width: 1024px) 100vw, 1024px\" \/><\/p>\n<p>En el marco de la Mesa de Sectores Productivos Estatales de la provincia de C\u00f3rdoba, se llev\u00f3 a cabo una nueva actividad de visibilizaci\u00f3n y concientizaci\u00f3n sobre la importancia de los organismos productivos del Estado y los riesgos que enfrentan ante posibles cierres y privatizaciones.<\/p>\n<p><img loading=\"lazy\" decoding=\"async\" class=\"size-medium wp-image-45398 alignleft\" src=\"https:\/\/atecordoba.org\/wp-content\/uploads\/2024\/08\/WhatsApp-Image-2024-08-28-at-22.18.05-259x300.jpeg\" alt=\"\" width=\"259\" height=\"300\" srcset=\"https:\/\/atecordoba.org\/wp-content\/uploads\/2024\/08\/WhatsApp-Image-2024-08-28-at-22.18.05-259x300.jpeg 259w, https:\/\/atecordoba.org\/wp-content\/uploads\/2024\/08\/WhatsApp-Image-2024-08-28-at-22.18.05-883x1024.jpeg 883w, https:\/\/atecordoba.org\/wp-content\/uploads\/2024\/08\/WhatsApp-Image-2024-08-28-at-22.18.05-768x890.jpeg 768w, https:\/\/atecordoba.org\/wp-content\/uploads\/2024\/08\/WhatsApp-Image-2024-08-28-at-22.18.05-1325x1536.jpeg 1325w, https:\/\/atecordoba.org\/wp-content\/uploads\/2024\/08\/WhatsApp-Image-2024-08-28-at-22.18.05-1767x2048.jpeg 1767w, https:\/\/atecordoba.org\/wp-content\/uploads\/2024\/08\/WhatsApp-Image-2024-08-28-at-22.18.05-750x869.jpeg 750w, https:\/\/atecordoba.org\/wp-content\/uploads\/2024\/08\/WhatsApp-Image-2024-08-28-at-22.18.05-1140x1321.jpeg 1140w\" sizes=\"auto, (max-width: 259px) 100vw, 259px\" \/><\/p>\n<p>La jornada, que tuvo lugar ayer en la Plaza Centenario de Villa Mar\u00eda, cont\u00f3 con la participaci\u00f3n de trabajadoras y trabajadores de las F\u00e1bricas Militares (FFMM), CONAE, DIOXITEK y el sector nuclear de Embalse. Esta acci\u00f3n, organizada por el Consejo Directivo Provincial (CDP) de ATE C\u00f3rdoba, se enmarca en una serie de actividades que buscan poner en conocimiento de la poblaci\u00f3n la gravedad de la situaci\u00f3n que enfrentan estos sectores estrat\u00e9gicos.<\/p>\n<p>La primera de estas actividades se hab\u00eda realizado en R\u00edo Tercero, y ahora, con el mismo compromiso, se replic\u00f3 en Villa Mar\u00eda. Durante la jornada, se volante\u00f3 en la plaza central para informar a las y los ciudadanos sobre las posibles consecuencias del cierre de las f\u00e1bricas y la privatizaci\u00f3n de sectores clave del Estado, y para invitar a la pr\u00f3xima gran actividad que se llevar\u00e1 a cabo el 4 de septiembre en la Plaza San Mart\u00edn de C\u00f3rdoba Capital.<\/p>\n<p>En representaci\u00f3n del CDP, participaron nuestro secretario general Federico Giuliani y nuestro secretario gremial Jorge Chalup, quienes destacaron la importancia de mantener activa la lucha y la organizaci\u00f3n en defensa de los derechos de las y los trabajadores, y de la soberan\u00eda nacional.<img loading=\"lazy\" decoding=\"async\" class=\"size-medium wp-image-45396 alignright\" src=\"https:\/\/atecordoba.org\/wp-content\/uploads\/2024\/08\/WhatsApp-Image-2024-08-28-at-22.14.17-300x225.jpeg\" alt=\"\" width=\"300\" height=\"225\" srcset=\"https:\/\/atecordoba.org\/wp-content\/uploads\/2024\/08\/WhatsApp-Image-2024-08-28-at-22.14.17-300x225.jpeg 300w, https:\/\/atecordoba.org\/wp-content\/uploads\/2024\/08\/WhatsApp-Image-2024-08-28-at-22.14.17-1024x768.jpeg 1024w, https:\/\/atecordoba.org\/wp-content\/uploads\/2024\/08\/WhatsApp-Image-2024-08-28-at-22.14.17-768x576.jpeg 768w, https:\/\/atecordoba.org\/wp-content\/uploads\/2024\/08\/WhatsApp-Image-2024-08-28-at-22.14.17-1536x1152.jpeg 1536w, https:\/\/atecordoba.org\/wp-content\/uploads\/2024\/08\/WhatsApp-Image-2024-08-28-at-22.14.17-2048x1536.jpeg 2048w, https:\/\/atecordoba.org\/wp-content\/uploads\/2024\/08\/WhatsApp-Image-2024-08-28-at-22.14.17-750x563.jpeg 750w, https:\/\/atecordoba.org\/wp-content\/uploads\/2024\/08\/WhatsApp-Image-2024-08-28-at-22.14.17-1140x855.jpeg 1140w\" sizes=\"auto, (max-width: 300px) 100vw, 300px\" \/><\/p>\n<p>\u201cEstamos aqu\u00ed para visibilizar una problem\u00e1tica que afecta no solo a las y los trabajadores de estos sectores, sino a toda la sociedad. Las f\u00e1bricas y organismos productivos del Estado son esenciales para la soberan\u00eda y el desarrollo del pa\u00eds, y no podemos permitir que sean desmantelados o privatizados,\u201d expres\u00f3 Federico Giuliani.<\/p>\n<p>La actividad del 4 de septiembre en C\u00f3rdoba ser\u00e1 un paso m\u00e1s en esta lucha. ATE C\u00f3rdoba invita a todas y todos a sumarse para seguir defendiendo el trabajo, la soberan\u00eda y el patrimonio de todas y todos los argentinos.<\/p>\n<p>\u00a1Nos vemos en la Plaza San Mart\u00edn, el 4 de septiembre!<\/p>\n<p><img loading=\"lazy\" decoding=\"async\" class=\"alignnone wp-image-45399 size-large\" src=\"https:\/\/atecordoba.org\/wp-content\/uploads\/2024\/08\/WhatsApp-Image-2024-08-28-at-22.14.10-1024x768.jpeg\" alt=\"\" width=\"1024\" height=\"768\" srcset=\"https:\/\/atecordoba.org\/wp-content\/uploads\/2024\/08\/WhatsApp-Image-2024-08-28-at-22.14.10-1024x768.jpeg 1024w, https:\/\/atecordoba.org\/wp-content\/uploads\/2024\/08\/WhatsApp-Image-2024-08-28-at-22.14.10-300x225.jpeg 300w, https:\/\/atecordoba.org\/wp-content\/uploads\/2024\/08\/WhatsApp-Image-2024-08-28-at-22.14.10-768x576.jpeg 768w, https:\/\/atecordoba.org\/wp-content\/uploads\/2024\/08\/WhatsApp-Image-2024-08-28-at-22.14.10-1536x1152.jpeg 1536w, https:\/\/atecordoba.org\/wp-content\/uploads\/2024\/08\/WhatsApp-Image-2024-08-28-at-22.14.10-750x563.jpeg 750w, https:\/\/atecordoba.org\/wp-content\/uploads\/2024\/08\/WhatsApp-Image-2024-08-28-at-22.14.10-1140x855.jpeg 1140w, https:\/\/atecordoba.org\/wp-content\/uploads\/2024\/08\/WhatsApp-Image-2024-08-28-at-22.14.10.jpeg 1600w\" sizes=\"auto, (max-width: 1024px) 100vw, 1024px\" \/><\/p>\n","protected":false},"excerpt":{"rendered":"<p>En el marco de la Mesa de Sectores Productivos Estatales de la provincia de C\u00f3rdoba, se llev\u00f3 a cabo una nueva actividad de visibilizaci\u00f3n y concientizaci\u00f3n sobre la importancia de los organismos productivos del Estado y los riesgos que enfrentan ante posibles cierres y privatizaciones. La jornada, que tuvo lugar ayer en la Plaza Centenario [&hellip;]<\/p>\n","protected":false},"author":3,"featured_media":45395,"comment_status":"open","ping_status":"open","sticky":false,"template":"","format":"standard","meta":{"_exactmetrics_skip_tracking":false,"_exactmetrics_sitenote_active":false,"_exactmetrics_sitenote_note":"","_exactmetrics_sitenote_category":0,"jnews-multi-image_gallery":[],"jnews_single_post":{"format":"standard","override":[{"template":"1","parallax":"1","fullscreen":"1","layout":"no-sidebar-narrow","sidebar":"default-sidebar","second_sidebar":"default-sidebar","sticky_sidebar":"1","share_position":"bottom","share_float_style":"share-monocrhome","show_share_counter":"1","show_view_counter":"1","show_post_meta":"1","show_post_author_image":"1","show_post_date":"1","post_date_format":"default","post_date_format_custom":"Y\/m\/d","show_post_category":"1","show_post_reading_time":"0","post_reading_time_wpm":"300","post_calculate_word_method":"str_word_count","show_zoom_button":"0","zoom_button_out_step":"2","zoom_button_in_step":"3","show_post_tag":"1","number_popup_post":"1","show_post_related":"1","show_inline_post_related":"0"}],"image_override":[{"single_post_thumbnail_size":"crop-500","single_post_gallery_size":"crop-500"}],"trending_post_position":"meta","trending_post_label":"Trending","sponsored_post_label":"Sponsored by","disable_ad":"0"},"jnews_primary_category":[],"jnews_social_meta":[],"jnews_review":[],"enable_review":"","type":"percentage","name":"","summary":"","brand":"","sku":"","good":[],"bad":[],"score_override":"","override_value":"","rating":[],"price":[],"jnews_override_counter":{"view_counter_number":"0","share_counter_number":"0","like_counter_number":"0","dislike_counter_number":"0"},"jnews_post_split":{"post_split":[{"template":"1","tag":"h2","numbering":"asc","mode":"normal","first":"0","enable_toc":"0","toc_type":"normal"}]},"footnotes":""},"categories":[10,1384],"tags":[],"class_list":["post-45394","post","type-post","status-publish","format-standard","has-post-thumbnail","hentry","category-accion-politica","category-mesa-de-sectores-productivos-del-cdp"],"jetpack_featured_media_url":"https:\/\/atecordoba.org\/wp-content\/uploads\/2024\/08\/WhatsApp-Image-2024-08-28-at-22.11.19.jpeg","_links":{"self":[{"href":"https:\/\/atecordoba.org\/index.php?rest_route=\/wp\/v2\/posts\/45394","targetHints":{"allow":["GET"]}}],"collection":[{"href":"https:\/\/atecordoba.org\/index.php?rest_route=\/wp\/v2\/posts"}],"about":[{"href":"https:\/\/atecordoba.org\/index.php?rest_route=\/wp\/v2\/types\/post"}],"author":[{"embeddable":true,"href":"https:\/\/atecordoba.org\/index.php?rest_route=\/wp\/v2\/users\/3"}],"replies":[{"embeddable":true,"href":"https:\/\/atecordoba.org\/index.php?rest_route=%2Fwp%2Fv2%2Fcomments&post=45394"}],"version-history":[{"count":2,"href":"https:\/\/atecordoba.org\/index.php?rest_route=\/wp\/v2\/posts\/45394\/revisions"}],"predecessor-version":[{"id":45401,"href":"https:\/\/atecordoba.org\/index.php?rest_route=\/wp\/v2\/posts\/45394\/revisions\/45401"}],"wp:featuredmedia":[{"embeddable":true,"href":"https:\/\/atecordoba.org\/index.php?rest_route=\/wp\/v2\/media\/45395"}],"wp:attachment":[{"href":"https:\/\/atecordoba.org\/index.php?rest_route=%2Fwp%2Fv2%2Fmedia&parent=45394"}],"wp:term":[{"taxonomy":"category","embeddable":true,"href":"https:\/\/atecordoba.org\/index.php?rest_route=%2Fwp%2Fv2%2Fcategories&post=45394"},{"taxonomy":"post_tag","embeddable":true,"href":"https:\/\/atecordoba.org\/index.php?rest_route=%2Fwp%2Fv2%2Ftags&post=45394"}],"curies":[{"name":"wp","href":"https:\/\/api.w.org\/{rel}","templated":true}]}}