{"id":45367,"date":"2024-08-29T13:00:18","date_gmt":"2024-08-29T16:00:18","guid":{"rendered":"https:\/\/atecordoba.org\/?p=45367"},"modified":"2024-08-30T14:30:36","modified_gmt":"2024-08-30T17:30:36","slug":"plenario-de-delegadas-y-delegados-nacionales-en-ate-cordoba-hacia-la-visibilizacion-de-la-lucha-y-la-defensa-de-nuestros-derechos","status":"publish","type":"post","link":"https:\/\/atecordoba.org\/?p=45367","title":{"rendered":"Plenario de Delegadas y Delegados Nacionales en ATE C\u00f3rdoba: Hacia la Visibilizaci\u00f3n de la Lucha y la Defensa de Nuestros Derechos"},"content":{"rendered":"<p><img loading=\"lazy\" decoding=\"async\" class=\"alignnone wp-image-45379 size-large\" src=\"https:\/\/atecordoba.org\/wp-content\/uploads\/2024\/08\/WhatsApp-Image-2024-08-29-at-12.50.04-1024x578.jpeg\" alt=\"\" width=\"1024\" height=\"578\" srcset=\"https:\/\/atecordoba.org\/wp-content\/uploads\/2024\/08\/WhatsApp-Image-2024-08-29-at-12.50.04-1024x578.jpeg 1024w, https:\/\/atecordoba.org\/wp-content\/uploads\/2024\/08\/WhatsApp-Image-2024-08-29-at-12.50.04-300x169.jpeg 300w, https:\/\/atecordoba.org\/wp-content\/uploads\/2024\/08\/WhatsApp-Image-2024-08-29-at-12.50.04-768x433.jpeg 768w, https:\/\/atecordoba.org\/wp-content\/uploads\/2024\/08\/WhatsApp-Image-2024-08-29-at-12.50.04-1536x867.jpeg 1536w, https:\/\/atecordoba.org\/wp-content\/uploads\/2024\/08\/WhatsApp-Image-2024-08-29-at-12.50.04-750x423.jpeg 750w, https:\/\/atecordoba.org\/wp-content\/uploads\/2024\/08\/WhatsApp-Image-2024-08-29-at-12.50.04-1140x643.jpeg 1140w, https:\/\/atecordoba.org\/wp-content\/uploads\/2024\/08\/WhatsApp-Image-2024-08-29-at-12.50.04.jpeg 1600w\" sizes=\"auto, (max-width: 1024px) 100vw, 1024px\" \/><\/p>\n<p>Este Jueves 29 de Agosto, se llev\u00f3 a cabo en la sede de ATE C\u00f3rdoba un <strong>plenario de delegadas y delegados nacionales<\/strong>, un encuentro clave para fortalecer la unidad y trazar las estrategias de lucha en defensa de los derechos de las y los trabajadores estatales. Conduciendo la mesa estuvieron el Secretario General Federico Giuliani, la Secretaria Administrativa Cintia Conesta, Secretario Gremial Jorge Chalup, Juan Baz\u00e1n Secretario Gremial de ATE Rio Tercero, Juan Fern\u00e1ndez Secretario Adjunto de la junta interna de la Fabrica Militar de Villa Mar\u00eda, representando a una gran variedad de sectores que dijeron presente en la jornada de hoy entre los que se encontraban: Agricultura Familiar, INTI, SENAF, CDR, Parques Nacionales, Superintendencia de Riesgo de Trabajo, Facultad de Psicolog\u00eda, Facultad de Filosof\u00eda, FAMAF, ANSES, IOSFA, PAMI, Unidad Tur\u00edstica Embalse, Trabajo, Cultura, SENASA, CONICET, RENAPER, Fabrica Militar de Rio Tercero y Civiles. Durante la asamblea, <strong>se decidi\u00f3 acompa\u00f1ar la jornada de lucha y visibilizaci\u00f3n de los organismos productivos, que se realizar\u00e1 el pr\u00f3ximo 4 de septiembre a las 10:00 hs en la Plaza San Mart\u00edn de C\u00f3rdoba Capital<\/strong>.<\/p>\n<p><img loading=\"lazy\" decoding=\"async\" class=\"size-medium wp-image-45375 alignleft\" src=\"https:\/\/atecordoba.org\/wp-content\/uploads\/2024\/08\/WhatsApp-Image-2024-08-29-at-12.50.01-300x169.jpeg\" alt=\"\" width=\"300\" height=\"169\" srcset=\"https:\/\/atecordoba.org\/wp-content\/uploads\/2024\/08\/WhatsApp-Image-2024-08-29-at-12.50.01-300x169.jpeg 300w, https:\/\/atecordoba.org\/wp-content\/uploads\/2024\/08\/WhatsApp-Image-2024-08-29-at-12.50.01-1024x578.jpeg 1024w, https:\/\/atecordoba.org\/wp-content\/uploads\/2024\/08\/WhatsApp-Image-2024-08-29-at-12.50.01-768x433.jpeg 768w, https:\/\/atecordoba.org\/wp-content\/uploads\/2024\/08\/WhatsApp-Image-2024-08-29-at-12.50.01-1536x867.jpeg 1536w, https:\/\/atecordoba.org\/wp-content\/uploads\/2024\/08\/WhatsApp-Image-2024-08-29-at-12.50.01-750x423.jpeg 750w, https:\/\/atecordoba.org\/wp-content\/uploads\/2024\/08\/WhatsApp-Image-2024-08-29-at-12.50.01-1140x643.jpeg 1140w, https:\/\/atecordoba.org\/wp-content\/uploads\/2024\/08\/WhatsApp-Image-2024-08-29-at-12.50.01.jpeg 1600w\" sizes=\"auto, (max-width: 300px) 100vw, 300px\" \/><\/p>\n<p>Nuestro secretario general, Federico Giuliani, brind\u00f3 un emotivo discurso durante el plenario, resaltando la importancia de este encuentro en un contexto marcado por la adversidad y los desaf\u00edos que enfrentan las y los trabajadores. Giuliani expres\u00f3:<\/p>\n<p>&#8220;La idea es escuchar c\u00f3mo vienen cada uno en sus sectores. Yo creo que lo primero que tenemos que saber es que venimos de una derrota importante, a partir de los despidos que hemos sufrido en las tres diferentes olas de despidos que tuvimos desde que asumi\u00f3 Javier Milei, una en enero, otra en abril y la \u00faltima que fue en julio. A nosotros nos dej\u00f3 aproximadamente 200 compa\u00f1eros y compa\u00f1eras en C\u00f3rdoba de distintos organismos nacionales despedidos.&#8221;<\/p>\n<p>En su discurso, Giuliani hizo hincapi\u00e9 en la necesidad de superar el sentimiento de derrota que se vive en<img loading=\"lazy\" decoding=\"async\" class=\"size-medium wp-image-45380 alignright\" src=\"https:\/\/atecordoba.org\/wp-content\/uploads\/2024\/08\/WhatsApp-Image-2024-08-29-at-12.50.03-1-300x169.jpeg\" alt=\"\" width=\"300\" height=\"169\" srcset=\"https:\/\/atecordoba.org\/wp-content\/uploads\/2024\/08\/WhatsApp-Image-2024-08-29-at-12.50.03-1-300x169.jpeg 300w, https:\/\/atecordoba.org\/wp-content\/uploads\/2024\/08\/WhatsApp-Image-2024-08-29-at-12.50.03-1-1024x578.jpeg 1024w, https:\/\/atecordoba.org\/wp-content\/uploads\/2024\/08\/WhatsApp-Image-2024-08-29-at-12.50.03-1-768x433.jpeg 768w, https:\/\/atecordoba.org\/wp-content\/uploads\/2024\/08\/WhatsApp-Image-2024-08-29-at-12.50.03-1-1536x867.jpeg 1536w, https:\/\/atecordoba.org\/wp-content\/uploads\/2024\/08\/WhatsApp-Image-2024-08-29-at-12.50.03-1-750x423.jpeg 750w, https:\/\/atecordoba.org\/wp-content\/uploads\/2024\/08\/WhatsApp-Image-2024-08-29-at-12.50.03-1-1140x643.jpeg 1140w, https:\/\/atecordoba.org\/wp-content\/uploads\/2024\/08\/WhatsApp-Image-2024-08-29-at-12.50.03-1.jpeg 1600w\" sizes=\"auto, (max-width: 300px) 100vw, 300px\" \/> muchos sectores de trabajo, recordando que la participaci\u00f3n y la lucha son esenciales para revertir esta situaci\u00f3n:<\/p>\n<p><strong>&#8220;Es importante que nosotros creamos en esta etapa conociendo c\u00f3mo est\u00e1n cada uno en sus lugares de trabajo, pero tambi\u00e9n entendiendo que hasta que no juntemos esa fuerza necesaria debemos reinventar las maneras tal vez de convocar y de salir a pelear.&#8221;<\/strong><\/p>\n<p>Adem\u00e1s, el secretario general resalt\u00f3 la gravedad de la situaci\u00f3n que enfrentan varios sectores estrat\u00e9gicos del Estado, como las f\u00e1bricas militares, CONAE, Dioxitek y las centrales de Embalse, que est\u00e1n en riesgo de ser privatizadas:<\/p>\n<p>&#8220;Lamentablemente los compa\u00f1eros de f\u00e1brica militar, los compa\u00f1eros de CONAE, compa\u00f1eros de Dioxitek, de las centrales de Embalse, fruto del DNU y de la ley bases, van camino a la probabilidad de ser sociedades an\u00f3nimas, y todos sabemos que las sociedades an\u00f3nimas buscan la privatizaci\u00f3n de \u00e1reas estrat\u00e9gicas del Estado con la gravedad de que aparte ser\u00edan privatizadas para empresas extranjeras.&#8221;<\/p>\n<p><img loading=\"lazy\" decoding=\"async\" class=\"alignnone wp-image-45372 size-large\" src=\"https:\/\/atecordoba.org\/wp-content\/uploads\/2024\/08\/WhatsApp-Image-2024-08-29-at-12.50.06-1-1024x578.jpeg\" alt=\"\" width=\"1024\" height=\"578\" srcset=\"https:\/\/atecordoba.org\/wp-content\/uploads\/2024\/08\/WhatsApp-Image-2024-08-29-at-12.50.06-1-1024x578.jpeg 1024w, https:\/\/atecordoba.org\/wp-content\/uploads\/2024\/08\/WhatsApp-Image-2024-08-29-at-12.50.06-1-300x169.jpeg 300w, https:\/\/atecordoba.org\/wp-content\/uploads\/2024\/08\/WhatsApp-Image-2024-08-29-at-12.50.06-1-768x433.jpeg 768w, https:\/\/atecordoba.org\/wp-content\/uploads\/2024\/08\/WhatsApp-Image-2024-08-29-at-12.50.06-1-1536x867.jpeg 1536w, https:\/\/atecordoba.org\/wp-content\/uploads\/2024\/08\/WhatsApp-Image-2024-08-29-at-12.50.06-1-750x423.jpeg 750w, https:\/\/atecordoba.org\/wp-content\/uploads\/2024\/08\/WhatsApp-Image-2024-08-29-at-12.50.06-1-1140x643.jpeg 1140w, https:\/\/atecordoba.org\/wp-content\/uploads\/2024\/08\/WhatsApp-Image-2024-08-29-at-12.50.06-1.jpeg 1600w\" sizes=\"auto, (max-width: 1024px) 100vw, 1024px\" \/><\/p>\n<p>El plenario culmin\u00f3 con el compromiso de seguir luchando y de participar masivamente en la jornada de visibilizaci\u00f3n del 4 de septiembre. Ser\u00e1 una oportunidad para mostrar a la sociedad la importancia de los organismos productivos del Estado y denunciar las pol\u00edticas de ajuste y privatizaci\u00f3n que ponen en riesgo nuestros derechos y la soberan\u00eda nacional.<\/p>\n<p><img loading=\"lazy\" decoding=\"async\" class=\"alignnone wp-image-45374 size-large\" src=\"https:\/\/atecordoba.org\/wp-content\/uploads\/2024\/08\/WhatsApp-Image-2024-08-29-at-12.50.05-1024x578.jpeg\" alt=\"\" width=\"1024\" height=\"578\" srcset=\"https:\/\/atecordoba.org\/wp-content\/uploads\/2024\/08\/WhatsApp-Image-2024-08-29-at-12.50.05-1024x578.jpeg 1024w, https:\/\/atecordoba.org\/wp-content\/uploads\/2024\/08\/WhatsApp-Image-2024-08-29-at-12.50.05-300x169.jpeg 300w, https:\/\/atecordoba.org\/wp-content\/uploads\/2024\/08\/WhatsApp-Image-2024-08-29-at-12.50.05-768x433.jpeg 768w, https:\/\/atecordoba.org\/wp-content\/uploads\/2024\/08\/WhatsApp-Image-2024-08-29-at-12.50.05-1536x867.jpeg 1536w, https:\/\/atecordoba.org\/wp-content\/uploads\/2024\/08\/WhatsApp-Image-2024-08-29-at-12.50.05-750x423.jpeg 750w, https:\/\/atecordoba.org\/wp-content\/uploads\/2024\/08\/WhatsApp-Image-2024-08-29-at-12.50.05-1140x643.jpeg 1140w, https:\/\/atecordoba.org\/wp-content\/uploads\/2024\/08\/WhatsApp-Image-2024-08-29-at-12.50.05.jpeg 1600w\" sizes=\"auto, (max-width: 1024px) 100vw, 1024px\" \/><\/p>\n<p>\u00a1Invitamos a todas y todos a sumarse a esta jornada de lucha en la Plaza San Mart\u00edn! Juntas y juntos, seguiremos defendiendo nuestros derechos y construyendo un futuro digno para las y los trabajadores estatales.<\/p>\n<p><img loading=\"lazy\" decoding=\"async\" class=\"alignnone wp-image-45373 size-large\" src=\"https:\/\/atecordoba.org\/wp-content\/uploads\/2024\/08\/WhatsApp-Image-2024-08-29-at-12.50.06-1024x578.jpeg\" alt=\"\" width=\"1024\" height=\"578\" srcset=\"https:\/\/atecordoba.org\/wp-content\/uploads\/2024\/08\/WhatsApp-Image-2024-08-29-at-12.50.06-1024x578.jpeg 1024w, https:\/\/atecordoba.org\/wp-content\/uploads\/2024\/08\/WhatsApp-Image-2024-08-29-at-12.50.06-300x169.jpeg 300w, https:\/\/atecordoba.org\/wp-content\/uploads\/2024\/08\/WhatsApp-Image-2024-08-29-at-12.50.06-768x433.jpeg 768w, https:\/\/atecordoba.org\/wp-content\/uploads\/2024\/08\/WhatsApp-Image-2024-08-29-at-12.50.06-1536x867.jpeg 1536w, https:\/\/atecordoba.org\/wp-content\/uploads\/2024\/08\/WhatsApp-Image-2024-08-29-at-12.50.06-750x423.jpeg 750w, https:\/\/atecordoba.org\/wp-content\/uploads\/2024\/08\/WhatsApp-Image-2024-08-29-at-12.50.06-1140x643.jpeg 1140w, https:\/\/atecordoba.org\/wp-content\/uploads\/2024\/08\/WhatsApp-Image-2024-08-29-at-12.50.06.jpeg 1600w\" sizes=\"auto, (max-width: 1024px) 100vw, 1024px\" \/><\/p>\n","protected":false},"excerpt":{"rendered":"<p>Este Jueves 29 de Agosto, se llev\u00f3 a cabo en la sede de ATE C\u00f3rdoba un plenario de delegadas y delegados nacionales, un encuentro clave para fortalecer la unidad y trazar las estrategias de lucha en defensa de los derechos de las y los trabajadores estatales. Conduciendo la mesa estuvieron el Secretario General Federico Giuliani, [&hellip;]<\/p>\n","protected":false},"author":3,"featured_media":45372,"comment_status":"open","ping_status":"open","sticky":false,"template":"","format":"standard","meta":{"_exactmetrics_skip_tracking":false,"_exactmetrics_sitenote_active":false,"_exactmetrics_sitenote_note":"","_exactmetrics_sitenote_category":0,"jnews-multi-image_gallery":[],"jnews_single_post":{"format":"standard","override":[{"template":"1","parallax":"1","fullscreen":"1","layout":"no-sidebar-narrow","sidebar":"default-sidebar","second_sidebar":"default-sidebar","sticky_sidebar":"1","share_position":"bottom","share_float_style":"share-monocrhome","show_share_counter":"1","show_view_counter":"1","show_post_meta":"1","show_post_author_image":"1","show_post_date":"1","post_date_format":"default","post_date_format_custom":"Y\/m\/d","show_post_category":"1","show_post_reading_time":"0","post_reading_time_wpm":"300","post_calculate_word_method":"str_word_count","show_zoom_button":"0","zoom_button_out_step":"2","zoom_button_in_step":"3","show_post_tag":"1","number_popup_post":"1","show_post_related":"1","show_inline_post_related":"0"}],"image_override":[{"single_post_thumbnail_size":"crop-500","single_post_gallery_size":"crop-500"}],"trending_post_position":"meta","trending_post_label":"Trending","sponsored_post_label":"Sponsored by","disable_ad":"0"},"jnews_primary_category":[],"jnews_social_meta":[],"jnews_review":[],"enable_review":"","type":"percentage","name":"","summary":"","brand":"","sku":"","good":[],"bad":[],"score_override":"","override_value":"","rating":[],"price":[],"jnews_override_counter":{"view_counter_number":"0","share_counter_number":"0","like_counter_number":"0","dislike_counter_number":"0"},"jnews_post_split":{"post_split":[{"template":"1","tag":"h2","numbering":"asc","mode":"normal","first":"0","enable_toc":"0","toc_type":"normal"}]},"footnotes":""},"categories":[18],"tags":[],"class_list":["post-45367","post","type-post","status-publish","format-standard","has-post-thumbnail","hentry","category-nacionales"],"jetpack_featured_media_url":"https:\/\/atecordoba.org\/wp-content\/uploads\/2024\/08\/WhatsApp-Image-2024-08-29-at-12.50.06-1.jpeg","_links":{"self":[{"href":"https:\/\/atecordoba.org\/index.php?rest_route=\/wp\/v2\/posts\/45367","targetHints":{"allow":["GET"]}}],"collection":[{"href":"https:\/\/atecordoba.org\/index.php?rest_route=\/wp\/v2\/posts"}],"about":[{"href":"https:\/\/atecordoba.org\/index.php?rest_route=\/wp\/v2\/types\/post"}],"author":[{"embeddable":true,"href":"https:\/\/atecordoba.org\/index.php?rest_route=\/wp\/v2\/users\/3"}],"replies":[{"embeddable":true,"href":"https:\/\/atecordoba.org\/index.php?rest_route=%2Fwp%2Fv2%2Fcomments&post=45367"}],"version-history":[{"count":5,"href":"https:\/\/atecordoba.org\/index.php?rest_route=\/wp\/v2\/posts\/45367\/revisions"}],"predecessor-version":[{"id":45424,"href":"https:\/\/atecordoba.org\/index.php?rest_route=\/wp\/v2\/posts\/45367\/revisions\/45424"}],"wp:featuredmedia":[{"embeddable":true,"href":"https:\/\/atecordoba.org\/index.php?rest_route=\/wp\/v2\/media\/45372"}],"wp:attachment":[{"href":"https:\/\/atecordoba.org\/index.php?rest_route=%2Fwp%2Fv2%2Fmedia&parent=45367"}],"wp:term":[{"taxonomy":"category","embeddable":true,"href":"https:\/\/atecordoba.org\/index.php?rest_route=%2Fwp%2Fv2%2Fcategories&post=45367"},{"taxonomy":"post_tag","embeddable":true,"href":"https:\/\/atecordoba.org\/index.php?rest_route=%2Fwp%2Fv2%2Ftags&post=45367"}],"curies":[{"name":"wp","href":"https:\/\/api.w.org\/{rel}","templated":true}]}}