{"id":45354,"date":"2024-08-28T16:15:07","date_gmt":"2024-08-28T19:15:07","guid":{"rendered":"https:\/\/atecordoba.org\/?p=45354"},"modified":"2024-08-29T10:42:24","modified_gmt":"2024-08-29T13:42:24","slug":"las-infancias-en-riesgo-ante-el-ajuste","status":"publish","type":"post","link":"https:\/\/atecordoba.org\/?p=45354","title":{"rendered":"Las infancias en riesgo ante el\u00a0ajuste"},"content":{"rendered":"<p style=\"text-align: center;\"><em>Los organismos estatales en la provincia est\u00e1n desfinanciados o en retirada directamente y los derechos de las infancias con graves incapacidades para hacer cumplir los derechos de los sectores vulnerados.\u00a0<\/em><\/p>\n<p><img loading=\"lazy\" decoding=\"async\" class=\"aligncenter wp-image-45355 \" src=\"https:\/\/atecordoba.org\/wp-content\/uploads\/2024\/08\/Imagen-de-WhatsApp-2024-08-28-a-las-16.02.10_a04bad31-scaled.jpg\" alt=\"\" width=\"600\" height=\"800\" srcset=\"https:\/\/atecordoba.org\/wp-content\/uploads\/2024\/08\/Imagen-de-WhatsApp-2024-08-28-a-las-16.02.10_a04bad31-scaled.jpg 1920w, https:\/\/atecordoba.org\/wp-content\/uploads\/2024\/08\/Imagen-de-WhatsApp-2024-08-28-a-las-16.02.10_a04bad31-225x300.jpg 225w, https:\/\/atecordoba.org\/wp-content\/uploads\/2024\/08\/Imagen-de-WhatsApp-2024-08-28-a-las-16.02.10_a04bad31-768x1024.jpg 768w, https:\/\/atecordoba.org\/wp-content\/uploads\/2024\/08\/Imagen-de-WhatsApp-2024-08-28-a-las-16.02.10_a04bad31-1152x1536.jpg 1152w, https:\/\/atecordoba.org\/wp-content\/uploads\/2024\/08\/Imagen-de-WhatsApp-2024-08-28-a-las-16.02.10_a04bad31-1536x2048.jpg 1536w, https:\/\/atecordoba.org\/wp-content\/uploads\/2024\/08\/Imagen-de-WhatsApp-2024-08-28-a-las-16.02.10_a04bad31-750x1000.jpg 750w, https:\/\/atecordoba.org\/wp-content\/uploads\/2024\/08\/Imagen-de-WhatsApp-2024-08-28-a-las-16.02.10_a04bad31-1140x1520.jpg 1140w\" sizes=\"auto, (max-width: 600px) 100vw, 600px\" \/><\/p>\n<p>Las infancias en Argentina atraviesan uno de los periodos de mayor vulnerabilidad que se registren desde la recuperaci\u00f3n del periodo democr\u00e1tico.<\/p>\n<p>El violento ajuste que pesa sobre el Estado, que impone el gobierno de Javier Milei y que derrama en provincias y municipios, tiene impacto directo en C\u00f3rdoba, donde diversos organismos del Estado nacional abandonaron su presencia en la provincia o se encuentran en franco proceso de vaciamiento.<\/p>\n<p>Al mismo tiempo, a nivel provincial el ajuste presupuestario en t\u00e9rminos reales impide que la dependencias dedicadas a la atenci\u00f3n de las infancias del Gobierno de C\u00f3rdoba puedan ocupar el espacio dejado ausente por el Estado nacional.<\/p>\n<p>Este proceso es simultaneo a la proliferaci\u00f3n de discursos estigmatizantes que menosprecian a la infancias vulneradas y las ubican en el lugar del delito como \u00fanica referencia presente en el discurso p\u00fablico.<\/p>\n<p>De esa manera se reproducen proyectos como la baja de la imputabilidad de los menores que impulsa el gobierno de Milei, a trav\u00e9s de una iniciativa parlamentaria que <a href=\"https:\/\/www.pagina12.com.ar\/747995-patricia-bullrich-presentara-un-proyecto-de-ley-para-bajar-l\">envi\u00f3 la ministra de Seguridad Patricia Bullrich.<\/a><\/p>\n<p>En tal sentido, la ex trabajadora de la SeNAF provincial e integrante del Consejo Directivo Provincial, Irina Silberman, afirma que \u201cdesde el CDP tomamos un posicionamiento claro en contra del proyecto para bajar la edad de imputabilidad de los ni\u00f1os y j\u00f3venes de Argentina.<\/p>\n<p>\u201cComo ex trabajadora de SeNAF, del \u00e1rea Penal Juvenil en contexto de encierro, entiendo que los hechos de inseguridad cometidos por j\u00f3venes no se combaten con penas, con un sistema que solo atienda el delito. Lo carcelario que es netamente punitivo y no socializador ni liberador ni empoderador de las personas para que puedan ser sujetos de derecho activos y con responsabilidad una vez liberados. Solo se centra en castigar\u201d,\u00a0 cuestion\u00f3 Silberman.<\/p>\n<p>Por su parte, J\u00e9sica Rojas, trabajadora despedida del mismo organismo dependiente de la Provincia, no duda en afirmar que \u201cen C\u00f3rdoba las ni\u00f1eces son las principales v\u00edctimas del ajuste real\u201d.<\/p>\n<p>\u201cEn los barrios populares se siente la crisis viven los j\u00f3venes, que hoy son trabajo principal de la SeNAF. All\u00ed es donde hay explotaci\u00f3n infantil, son ni\u00f1os sin voz que si no tienen al Estado detr\u00e1s haciendo respetar sus derechos porque est\u00e1n abandonados, est\u00e1n acallados y vulnerados en sus contextos familiares pero tambi\u00e9n son vulnerados por el Estado al incumplir la obligaci\u00f3n de hacer efectivos sus derechos\u201d, agrega Rojas.<\/p>\n<p>Silberman fustiga el proyecto de baja de la imputabilidad de las juventudes al se\u00f1alar que \u201cayer en todo el pa\u00eds nos manifestamos en contra del gatillo f\u00e1cil porque el destino de nuestros j\u00f3venes est\u00e1 marcado por el discurso hegem\u00f3nico a partir de las miradas estigmatizadoras de los pobres. Encima ahora se pretende encarcelarlos a temprana edad. No es la soluci\u00f3n, hay que pensar en un proyecto de pa\u00eds a futuro que contenga infancias y juventudes libres, con garant\u00eda de derechos\u201d.<\/p>\n<p>Silberman se\u00f1ala que \u201clos datos espec\u00edficos de la incidencia del delitos cometidos por menores son \u00ednfimos en relaci\u00f3n al delito en general, m\u00e1s aun cuando se trata de delitos cometidos por j\u00f3venes menores a 16 a\u00f1os, que actualmente es la edad l\u00edmite para la imputabilidad. En cifras, el 0,01% de los delitos cometido en la provincia fueron cometidos por menores de 16 a\u00f1os. Y el 0,1% por menores de edad\u201d.<\/p>\n<p>\u201cEstos n\u00fameros demuestran que el encierro no es la manera de abordar el problema ya que es irreal que los delitos son cometidos por los j\u00f3venes y mucho menos los delitos graves contra las personas, como el homicidio. Hasta los n\u00fameros dan cuenta de una realidad que se choca con la idea que pretenden hacernos creer desde el poder\u201d, sentencia la dirigente.<\/p>\n<p><strong>Crisis en los territorios<\/strong><\/p>\n<p>Desde la Secretar\u00eda Nacional de Ni\u00f1ez adolescencia y familia (ex Ministerio de Desarrollo Social), la trabajadora social Soledad Micoli denuncia &#8220;las pol\u00edticas de represi\u00f3n y persecuci\u00f3n policial a las adolescencias en C\u00f3rdoba. El gatillo f\u00e1cil, la detenci\u00f3n por portaci\u00f3n de rostro, se imponen frente a la necesidad de proteger y hacer cumplir derechos, todo en un contexto nacional de pol\u00edticas de crueldad hacen la punta. El proyecto de baja de la imputabilidad nos preocupa enormemente&#8221;.<\/p>\n<p>Y aclara que en C\u00f3rdoba &#8220;se siguen mirando las adolescencias como algo peligroso y no desde el lugar personas que necesitan estar protegidas y dejar de ser estigmatizadas. Sobre todo de los barrios perif\u00e9ricos&#8221;.<\/p>\n<p>Esta situaci\u00f3n genera rebotes concretos en los territorios donde las y los estatales dedicados, a hacer valer los derechos de infancias y juventudes vulneradas, cumplen funciones diariamente.<\/p>\n<p>En esa l\u00ednea, Ver\u00f3nica Delgado, coordinadora del Dispositivo Territorial Comunitario de Sedronar en Rio Cuarto, sostiene que &#8220;estamos viendo una situaci\u00f3n de mayor vulneraci\u00f3n de los derechos de ni\u00f1os y ni\u00f1as en varios aspectos como la incapacidad de garantizar el derecho a la educaci\u00f3n, a la alimentaci\u00f3n saludable en sus hogares. Muchas familias con sus ni\u00f1os y ni\u00f1as buscan espacios comunitarios para poder garantizar la comida diaria. Y todo lo que eso implica porque los merenderos y comedores sociales est\u00e1n cada d\u00eda con menos recursos, cuando la demanda es mayor&#8221;.<\/p>\n<p><img loading=\"lazy\" decoding=\"async\" class=\"aligncenter wp-image-45356 \" src=\"https:\/\/atecordoba.org\/wp-content\/uploads\/2024\/08\/Imagen-de-WhatsApp-2024-08-28-a-las-16.02.10_c0edf87f-scaled.jpg\" alt=\"\" width=\"602\" height=\"803\" \/><\/p>\n<p>Las trabajadoras sostienen que son postales diarias &#8220;ni\u00f1os saliendo a buscar un almuerzo, una merienda, una cena. Esto repercute en la salud integral de ni\u00f1os y ni\u00f1as. Este abandono va concatenando sobre el incumplimiento de sucesivos derechos. Se ve reflejado en el derecho a la educaci\u00f3n, que no est\u00e1 garantizado sin una alimentaci\u00f3n adecuada. Adem\u00e1s, est\u00e1 el malestar emocional de las familias, la inseguridad sobre el futuro, repercute directamente en las infancias&#8221;.<\/p>\n<p>Esto deriva tambi\u00e9n sobre los consumos problem\u00e1ticos.&#8221; En Sedronar no trabajamos exclusivamente el v\u00ednculo de la persona con una sustancia sino como se da el proceso de vida de esa persona y en la comunidad. Por eso vemos como aparecen riesgos de los consumos en edades cada vez m\u00e1s tempranas, de sustancias cada vez m\u00e1s da\u00f1inas para sus organismos. El impacto que generan a nivel cognitivo nos ocupan y nos preocupan mucho. Y la desintegraci\u00f3n de los organismos que nos tenemos que encargar de la protecci\u00f3n y de garantizar derechos. En tiempos de tanta crisis los emergentes (las necesidades y vulneraciones) son tantos que las articulaciones cuestan mucho m\u00e1s y nos queda menos tiempo para poder pensar en conjunto&#8221;.<\/p>\n<p>Delgado apunta tambi\u00e9n que &#8220;en Sedronar nos encontramos en situaci\u00f3n de extrema precarizaci\u00f3n laboral con reducci\u00f3n de horarios, que repercute en las actividades que vamos presentando. En los \u00faltimos tiempos debimos reorganizarnos para poder sostener actividades comunitarias, pero tambi\u00e9n para poder seguir manteni\u00e9ndonos con otros trabajos, y esto repercute sobre las posibilidades de acompa\u00f1amiento que brindamos&#8221;.<\/p>\n<p><strong>Alimentaci\u00f3n<\/strong><\/p>\n<p>La comida diaria es una de las cuestiones primordiales que las infancias ven en riesgo a ra\u00edz de la suba de los \u00edndices de pobreza, pero sobre todo de indigencia, que ponen en cuesti\u00f3n la capacidad de las familias de garantizar la nutrici\u00f3n cotidiana.<\/p>\n<p>Por eso es clave la mirada de las trabajadoras de PAICOR, principal programa social de provincial. La compa\u00f1era Anal\u00eda Georgieff afirma que &#8220;desde PAICOR cubrimos los tres niveles educativos y vemos el alto crecimiento de beneficiarios en este a\u00f1o tan ca\u00f3tico por la gran cantidad de desempleo sumado la inflaci\u00f3n que nos afecta a todos&#8221;.<\/p>\n<p>&#8220;Sabemos que para muchos de los ni\u00f1os y ni\u00f1as el PAICOR\u00a0 es el alimento seguro de la semana escolar. Los fin de semana acuden a los comedores comunitarios de los distintos barrios, los cuales son solventados por donaciones&#8221;, asegura.<\/p>\n<p>Y recuerda que &#8220;el d\u00eda de las infancias fue creado para conmemorar a las v\u00edctimas infantiles de la primera guerra mundial&#8221;.<\/p>\n<p>Hoy en Argentina, las infancias sufren una guerra sin declarar. Los estatales lo vemos cada d\u00eda.<\/p>\n","protected":false},"excerpt":{"rendered":"<p>Los organismos estatales en la provincia est\u00e1n desfinanciados o en retirada directamente y los derechos de las infancias con graves incapacidades para hacer cumplir los derechos de los sectores vulnerados.\u00a0 Las infancias en Argentina atraviesan uno de los periodos de mayor vulnerabilidad que se registren desde la recuperaci\u00f3n del periodo democr\u00e1tico. El violento ajuste que [&hellip;]<\/p>\n","protected":false},"author":7,"featured_media":45356,"comment_status":"open","ping_status":"open","sticky":false,"template":"","format":"standard","meta":{"_exactmetrics_skip_tracking":false,"_exactmetrics_sitenote_active":false,"_exactmetrics_sitenote_note":"","_exactmetrics_sitenote_category":0,"jnews-multi-image_gallery":[],"jnews_single_post":{"format":"standard","override":[{"template":"1","parallax":"1","fullscreen":"1","layout":"no-sidebar-narrow","sidebar":"default-sidebar","second_sidebar":"default-sidebar","sticky_sidebar":"1","share_position":"bottom","share_float_style":"share-monocrhome","show_share_counter":"1","show_view_counter":"1","show_post_meta":"1","show_post_author_image":"1","show_post_date":"1","post_date_format":"default","post_date_format_custom":"Y\/m\/d","show_post_category":"1","show_post_reading_time":"0","post_reading_time_wpm":"300","post_calculate_word_method":"str_word_count","show_zoom_button":"0","zoom_button_out_step":"2","zoom_button_in_step":"3","show_post_tag":"1","number_popup_post":"1","show_post_related":"1","show_inline_post_related":"0"}],"image_override":[{"single_post_thumbnail_size":"crop-500","single_post_gallery_size":"crop-500"}],"trending_post_position":"meta","trending_post_label":"Trending","sponsored_post_label":"Sponsored by","disable_ad":"0"},"jnews_primary_category":[],"jnews_social_meta":[],"jnews_review":[],"enable_review":"","type":"percentage","name":"","summary":"","brand":"","sku":"","good":[],"bad":[],"score_override":"","override_value":"","rating":[],"price":[],"jnews_override_counter":{"view_counter_number":"0","share_counter_number":"0","like_counter_number":"0","dislike_counter_number":"0"},"jnews_post_split":{"post_split":[{"template":"1","tag":"h2","numbering":"asc","mode":"normal","first":"0","enable_toc":"0","toc_type":"normal"}]},"footnotes":""},"categories":[341],"tags":[26,1160,1383],"class_list":["post-45354","post","type-post","status-publish","format-standard","has-post-thumbnail","hentry","category-cdp","tag-ate","tag-cordoba-2","tag-infancias"],"jetpack_featured_media_url":"https:\/\/atecordoba.org\/wp-content\/uploads\/2024\/08\/Imagen-de-WhatsApp-2024-08-28-a-las-16.02.10_c0edf87f-scaled-e1724872490658.jpg","_links":{"self":[{"href":"https:\/\/atecordoba.org\/index.php?rest_route=\/wp\/v2\/posts\/45354","targetHints":{"allow":["GET"]}}],"collection":[{"href":"https:\/\/atecordoba.org\/index.php?rest_route=\/wp\/v2\/posts"}],"about":[{"href":"https:\/\/atecordoba.org\/index.php?rest_route=\/wp\/v2\/types\/post"}],"author":[{"embeddable":true,"href":"https:\/\/atecordoba.org\/index.php?rest_route=\/wp\/v2\/users\/7"}],"replies":[{"embeddable":true,"href":"https:\/\/atecordoba.org\/index.php?rest_route=%2Fwp%2Fv2%2Fcomments&post=45354"}],"version-history":[{"count":4,"href":"https:\/\/atecordoba.org\/index.php?rest_route=\/wp\/v2\/posts\/45354\/revisions"}],"predecessor-version":[{"id":45361,"href":"https:\/\/atecordoba.org\/index.php?rest_route=\/wp\/v2\/posts\/45354\/revisions\/45361"}],"wp:featuredmedia":[{"embeddable":true,"href":"https:\/\/atecordoba.org\/index.php?rest_route=\/wp\/v2\/media\/45356"}],"wp:attachment":[{"href":"https:\/\/atecordoba.org\/index.php?rest_route=%2Fwp%2Fv2%2Fmedia&parent=45354"}],"wp:term":[{"taxonomy":"category","embeddable":true,"href":"https:\/\/atecordoba.org\/index.php?rest_route=%2Fwp%2Fv2%2Fcategories&post=45354"},{"taxonomy":"post_tag","embeddable":true,"href":"https:\/\/atecordoba.org\/index.php?rest_route=%2Fwp%2Fv2%2Ftags&post=45354"}],"curies":[{"name":"wp","href":"https:\/\/api.w.org\/{rel}","templated":true}]}}