{"id":45345,"date":"2024-08-28T14:18:13","date_gmt":"2024-08-28T17:18:13","guid":{"rendered":"https:\/\/atecordoba.org\/?p=45345"},"modified":"2024-08-28T14:18:34","modified_gmt":"2024-08-28T17:18:34","slug":"plenario-de-municipales-de-ate-en-el-norte-provincial-avanzo-en-la-organizacion-territorial","status":"publish","type":"post","link":"https:\/\/atecordoba.org\/?p=45345","title":{"rendered":"Plenario de municipales de ATE en el norte provincial avanz\u00f3 en la organizaci\u00f3n territorial"},"content":{"rendered":"<p style=\"text-align: center\"><em>La seccional Cruz del Eje realiz\u00f3 hoy una reuni\u00f3n con delegadas\/os y activistas de ATE de seis municipios de la regi\u00f3n.<\/em><\/p>\n<p><img loading=\"lazy\" decoding=\"async\" class=\"aligncenter wp-image-45346 \" src=\"https:\/\/atecordoba.org\/wp-content\/uploads\/2024\/08\/Imagen-de-WhatsApp-2024-08-28-a-las-12.57.31_49a24e74.jpg\" alt=\"\" width=\"604\" height=\"340\" \/><\/p>\n<p>A partir de una decisi\u00f3n del Consejo Directivo Provincial (CDP) para profundizar la organizaci\u00f3n de las y los municipales del interior cordob\u00e9s, hoy se llev\u00f3 adelante un Plenario de Municipales del norte provincial, convocado pro la seccional ATE Cruz del Eje, que cont\u00f3 con la presencia del secretario General de ATE C\u00f3rdoba, Federico Giuliani, y representaci\u00f3n de compa\u00f1eros y compa\u00f1eras de Cosqu\u00edn, Estancia Vieja, Capilla del Monte, Carlos Paz, Cruz del Eje y Salsacate.<\/p>\n<p>&#8220;Estamos dando el puntapi\u00e9 inicial para una serie de plenarios en las seccionales de las y los trabajadores municipales, el sector m\u00e1s castigado que tiene el empleo p\u00fablico&#8221;, dijo Giuliani.<\/p>\n<p>El dirigente explic\u00f3 que la conducci\u00f3n de ATE busca &#8220;desembocar en un plenario provincial que d\u00e9 cuenta de la realidad\u00a0 que viven los compa\u00f1eros con salarios bajo la l\u00ednea de la indigencia, con alt\u00edsima precarizaci\u00f3n laboral y con condiciones de trabajo nefastas&#8221;.<\/p>\n<p><img loading=\"lazy\" decoding=\"async\" class=\"aligncenter wp-image-45347 \" src=\"https:\/\/atecordoba.org\/wp-content\/uploads\/2024\/08\/Imagen-de-WhatsApp-2024-08-28-a-las-12.57.30_5fb992ab.jpg\" alt=\"\" width=\"608\" height=\"342\" srcset=\"https:\/\/atecordoba.org\/wp-content\/uploads\/2024\/08\/Imagen-de-WhatsApp-2024-08-28-a-las-12.57.30_5fb992ab.jpg 1600w, https:\/\/atecordoba.org\/wp-content\/uploads\/2024\/08\/Imagen-de-WhatsApp-2024-08-28-a-las-12.57.30_5fb992ab-300x169.jpg 300w, https:\/\/atecordoba.org\/wp-content\/uploads\/2024\/08\/Imagen-de-WhatsApp-2024-08-28-a-las-12.57.30_5fb992ab-1024x576.jpg 1024w, https:\/\/atecordoba.org\/wp-content\/uploads\/2024\/08\/Imagen-de-WhatsApp-2024-08-28-a-las-12.57.30_5fb992ab-768x432.jpg 768w, https:\/\/atecordoba.org\/wp-content\/uploads\/2024\/08\/Imagen-de-WhatsApp-2024-08-28-a-las-12.57.30_5fb992ab-1536x864.jpg 1536w, https:\/\/atecordoba.org\/wp-content\/uploads\/2024\/08\/Imagen-de-WhatsApp-2024-08-28-a-las-12.57.30_5fb992ab-750x422.jpg 750w, https:\/\/atecordoba.org\/wp-content\/uploads\/2024\/08\/Imagen-de-WhatsApp-2024-08-28-a-las-12.57.30_5fb992ab-1140x641.jpg 1140w\" sizes=\"auto, (max-width: 608px) 100vw, 608px\" \/><\/p>\n<p>Giuliani remarc\u00f3 que &#8220;ATE ya est\u00e1 siendo la alternativa para romper con la quietud y la burocracia sindical de la Federaci\u00f3n de Gremios Municipales, para construir un espacio de organizaci\u00f3n y contenci\u00f3n de este sector, que nos permita en alg\u00fan momento ser la representatividad del conjunto de los municipales en los 427 municipios y comunas que tiene la provincia&#8221;.<\/p>\n<p>Por su parte, el secretario General Adjunto de ATE Cruz del Eje, Juan Pablo Pozzi, apunt\u00f3 que &#8220;la jornada se realiz\u00f3 con asistencia total de aquellos de los sectores donde tenemos presencia organizativa.\u00a0 E incluso donde no tenemos delegados y delegadas pero estamos organiz\u00e1ndonos&#8221;.<\/p>\n<p><img loading=\"lazy\" decoding=\"async\" class=\"aligncenter wp-image-45348 \" src=\"https:\/\/atecordoba.org\/wp-content\/uploads\/2024\/08\/Imagen-de-WhatsApp-2024-08-28-a-las-11.56.07_2934a8e3.jpg\" alt=\"\" width=\"601\" height=\"338\" srcset=\"https:\/\/atecordoba.org\/wp-content\/uploads\/2024\/08\/Imagen-de-WhatsApp-2024-08-28-a-las-11.56.07_2934a8e3.jpg 1599w, https:\/\/atecordoba.org\/wp-content\/uploads\/2024\/08\/Imagen-de-WhatsApp-2024-08-28-a-las-11.56.07_2934a8e3-300x169.jpg 300w, https:\/\/atecordoba.org\/wp-content\/uploads\/2024\/08\/Imagen-de-WhatsApp-2024-08-28-a-las-11.56.07_2934a8e3-1024x576.jpg 1024w, https:\/\/atecordoba.org\/wp-content\/uploads\/2024\/08\/Imagen-de-WhatsApp-2024-08-28-a-las-11.56.07_2934a8e3-768x432.jpg 768w, https:\/\/atecordoba.org\/wp-content\/uploads\/2024\/08\/Imagen-de-WhatsApp-2024-08-28-a-las-11.56.07_2934a8e3-1536x864.jpg 1536w, https:\/\/atecordoba.org\/wp-content\/uploads\/2024\/08\/Imagen-de-WhatsApp-2024-08-28-a-las-11.56.07_2934a8e3-750x422.jpg 750w, https:\/\/atecordoba.org\/wp-content\/uploads\/2024\/08\/Imagen-de-WhatsApp-2024-08-28-a-las-11.56.07_2934a8e3-1140x641.jpg 1140w\" sizes=\"auto, (max-width: 601px) 100vw, 601px\" \/><\/p>\n<p>Pozzi insisti\u00f3 en la importancia de &#8220;elegir delegados por sector, de realizar asambleas y de llevar a cabo el mandato que tienen los delegados de sus compa\u00f1eros y compa\u00f1eras para organizar la lucha. Como nueva conducci\u00f3n hace ya un a\u00f1o trabajamos para seguir creciendo en los municipios que corresponden a la seccional y organizar donde no tenemos representaci\u00f3n formal&#8221;.<\/p>\n<p>Por \u00faltimo, el compa\u00f1ero\u00a0Ricardo &#8216;Visca&#8217; Rodr\u00edguez, referente del sector municipal en Cruz del Eje detall\u00f3 que &#8220;las problem\u00e1ticas son parecidas en las distintas municipalidades. Ac\u00e1 en Cruz del Eje sufrimos la persecuci\u00f3n del Departamento Ejecutivo, donde dieron de baja a un secretario y delegado. Si bien la situaci\u00f3n est\u00e1 judicializada y camino a resolverse, eso desat\u00f3 un conflicto donde vamos a seguir metiendo presi\u00f3n hasta que se resuelva. La lucha sigue para recuperar ese compa\u00f1ero. Esto se repite en muchas localidades donde ATE se est\u00e1 organizando y creemos que es necesario evaluarlo para dar una respuesta conjunta y organizada&#8221;, concluy\u00f3.<\/p>\n<p>En la ocasi\u00f3n estuvo, junto a Pozzi y Visca, el secretario Administrativo de la seccional, Leo Rueda.<\/p>\n<div id='gallery_1' class='gallery galleryid-45345 gallery-columns-2 gallery-size-large'><figure class='gallery-item'>\n                <div class='gallery-icon landscape'>\n                    <a href='https:\/\/atecordoba.org\/wp-content\/uploads\/2024\/08\/Imagen-de-WhatsApp-2024-08-28-a-las-12.57.30_fe31ba58.jpg'><img loading=\"lazy\" decoding=\"async\" width=\"1024\" height=\"576\" src=\"\" class=\"attachment-large size-large lazyload\" alt=\"\" data-src=\"https:\/\/atecordoba.org\/wp-content\/uploads\/2024\/08\/Imagen-de-WhatsApp-2024-08-28-a-las-12.57.30_fe31ba58-1024x576.jpg\" data-sizes=\"auto\" data-srcset=\"https:\/\/atecordoba.org\/wp-content\/uploads\/2024\/08\/Imagen-de-WhatsApp-2024-08-28-a-las-12.57.30_fe31ba58-1024x576.jpg 1024w, https:\/\/atecordoba.org\/wp-content\/uploads\/2024\/08\/Imagen-de-WhatsApp-2024-08-28-a-las-12.57.30_fe31ba58-300x169.jpg 300w, https:\/\/atecordoba.org\/wp-content\/uploads\/2024\/08\/Imagen-de-WhatsApp-2024-08-28-a-las-12.57.30_fe31ba58-768x432.jpg 768w, https:\/\/atecordoba.org\/wp-content\/uploads\/2024\/08\/Imagen-de-WhatsApp-2024-08-28-a-las-12.57.30_fe31ba58-750x422.jpg 750w, https:\/\/atecordoba.org\/wp-content\/uploads\/2024\/08\/Imagen-de-WhatsApp-2024-08-28-a-las-12.57.30_fe31ba58-1140x641.jpg 1140w, https:\/\/atecordoba.org\/wp-content\/uploads\/2024\/08\/Imagen-de-WhatsApp-2024-08-28-a-las-12.57.30_fe31ba58.jpg 1280w\" data-expand=\"700\" \/><\/a>\n                <\/div><\/figure><figure class='gallery-item'>\n                <div class='gallery-icon landscape'>\n                    <a href='https:\/\/atecordoba.org\/wp-content\/uploads\/2024\/08\/Imagen-de-WhatsApp-2024-08-28-a-las-11.56.07_bbfa30e1.jpg'><img loading=\"lazy\" decoding=\"async\" width=\"1024\" height=\"576\" src=\"\" class=\"attachment-large size-large lazyload\" alt=\"\" data-src=\"https:\/\/atecordoba.org\/wp-content\/uploads\/2024\/08\/Imagen-de-WhatsApp-2024-08-28-a-las-11.56.07_bbfa30e1-1024x576.jpg\" data-sizes=\"auto\" data-srcset=\"https:\/\/atecordoba.org\/wp-content\/uploads\/2024\/08\/Imagen-de-WhatsApp-2024-08-28-a-las-11.56.07_bbfa30e1-1024x576.jpg 1024w, https:\/\/atecordoba.org\/wp-content\/uploads\/2024\/08\/Imagen-de-WhatsApp-2024-08-28-a-las-11.56.07_bbfa30e1-300x169.jpg 300w, https:\/\/atecordoba.org\/wp-content\/uploads\/2024\/08\/Imagen-de-WhatsApp-2024-08-28-a-las-11.56.07_bbfa30e1-768x432.jpg 768w, https:\/\/atecordoba.org\/wp-content\/uploads\/2024\/08\/Imagen-de-WhatsApp-2024-08-28-a-las-11.56.07_bbfa30e1-1536x864.jpg 1536w, https:\/\/atecordoba.org\/wp-content\/uploads\/2024\/08\/Imagen-de-WhatsApp-2024-08-28-a-las-11.56.07_bbfa30e1-750x422.jpg 750w, https:\/\/atecordoba.org\/wp-content\/uploads\/2024\/08\/Imagen-de-WhatsApp-2024-08-28-a-las-11.56.07_bbfa30e1-1140x641.jpg 1140w, https:\/\/atecordoba.org\/wp-content\/uploads\/2024\/08\/Imagen-de-WhatsApp-2024-08-28-a-las-11.56.07_bbfa30e1.jpg 1599w\" data-expand=\"700\" \/><\/a>\n                <\/div><\/figure><br style=\"clear: both\" \/>\n            <\/div>\n\n<p>&nbsp;<\/p>\n","protected":false},"excerpt":{"rendered":"<p>La seccional Cruz del Eje realiz\u00f3 hoy una reuni\u00f3n con delegadas\/os y activistas de ATE de seis municipios de la regi\u00f3n. A partir de una decisi\u00f3n del Consejo Directivo Provincial (CDP) para profundizar la organizaci\u00f3n de las y los municipales del interior cordob\u00e9s, hoy se llev\u00f3 adelante un Plenario de Municipales del norte provincial, convocado [&hellip;]<\/p>\n","protected":false},"author":7,"featured_media":45346,"comment_status":"open","ping_status":"open","sticky":false,"template":"","format":"standard","meta":{"_exactmetrics_skip_tracking":false,"_exactmetrics_sitenote_active":false,"_exactmetrics_sitenote_note":"","_exactmetrics_sitenote_category":0,"jnews-multi-image_gallery":[],"jnews_single_post":{"format":"standard","override":[{"template":"1","parallax":"1","fullscreen":"1","layout":"no-sidebar-narrow","sidebar":"default-sidebar","second_sidebar":"default-sidebar","sticky_sidebar":"1","share_position":"bottom","share_float_style":"share-monocrhome","show_share_counter":"1","show_view_counter":"1","show_post_meta":"1","show_post_author_image":"1","show_post_date":"1","post_date_format":"default","post_date_format_custom":"Y\/m\/d","show_post_category":"1","show_post_reading_time":"0","post_reading_time_wpm":"300","post_calculate_word_method":"str_word_count","show_zoom_button":"0","zoom_button_out_step":"2","zoom_button_in_step":"3","show_post_tag":"1","number_popup_post":"1","show_post_related":"1","show_inline_post_related":"0"}],"image_override":[{"single_post_thumbnail_size":"crop-500","single_post_gallery_size":"crop-500"}],"trending_post_position":"meta","trending_post_label":"Trending","sponsored_post_label":"Sponsored by","disable_ad":"0"},"jnews_primary_category":[],"jnews_social_meta":[],"jnews_review":[],"enable_review":"","type":"percentage","name":"","summary":"","brand":"","sku":"","good":[],"bad":[],"score_override":"","override_value":"","rating":[],"price":[],"jnews_override_counter":{"view_counter_number":"0","share_counter_number":"0","like_counter_number":"0","dislike_counter_number":"0"},"jnews_post_split":{"post_split":[{"template":"1","tag":"h2","numbering":"asc","mode":"normal","first":"0","enable_toc":"0","toc_type":"normal"}]},"footnotes":""},"categories":[150],"tags":[26,1160,24],"class_list":["post-45345","post","type-post","status-publish","format-standard","has-post-thumbnail","hentry","category-cruz-del-eje","tag-ate","tag-cordoba-2","tag-municipales-2"],"jetpack_featured_media_url":"https:\/\/atecordoba.org\/wp-content\/uploads\/2024\/08\/Imagen-de-WhatsApp-2024-08-28-a-las-12.57.31_49a24e74-e1724865312257.jpg","_links":{"self":[{"href":"https:\/\/atecordoba.org\/index.php?rest_route=\/wp\/v2\/posts\/45345","targetHints":{"allow":["GET"]}}],"collection":[{"href":"https:\/\/atecordoba.org\/index.php?rest_route=\/wp\/v2\/posts"}],"about":[{"href":"https:\/\/atecordoba.org\/index.php?rest_route=\/wp\/v2\/types\/post"}],"author":[{"embeddable":true,"href":"https:\/\/atecordoba.org\/index.php?rest_route=\/wp\/v2\/users\/7"}],"replies":[{"embeddable":true,"href":"https:\/\/atecordoba.org\/index.php?rest_route=%2Fwp%2Fv2%2Fcomments&post=45345"}],"version-history":[{"count":2,"href":"https:\/\/atecordoba.org\/index.php?rest_route=\/wp\/v2\/posts\/45345\/revisions"}],"predecessor-version":[{"id":45352,"href":"https:\/\/atecordoba.org\/index.php?rest_route=\/wp\/v2\/posts\/45345\/revisions\/45352"}],"wp:featuredmedia":[{"embeddable":true,"href":"https:\/\/atecordoba.org\/index.php?rest_route=\/wp\/v2\/media\/45346"}],"wp:attachment":[{"href":"https:\/\/atecordoba.org\/index.php?rest_route=%2Fwp%2Fv2%2Fmedia&parent=45345"}],"wp:term":[{"taxonomy":"category","embeddable":true,"href":"https:\/\/atecordoba.org\/index.php?rest_route=%2Fwp%2Fv2%2Fcategories&post=45345"},{"taxonomy":"post_tag","embeddable":true,"href":"https:\/\/atecordoba.org\/index.php?rest_route=%2Fwp%2Fv2%2Ftags&post=45345"}],"curies":[{"name":"wp","href":"https:\/\/api.w.org\/{rel}","templated":true}]}}