{"id":45340,"date":"2024-08-28T10:03:40","date_gmt":"2024-08-28T13:03:40","guid":{"rendered":"https:\/\/atecordoba.org\/?p=45340"},"modified":"2024-08-28T10:04:03","modified_gmt":"2024-08-28T13:04:03","slug":"convenio-con-la-universidad-catolica-de-cordoba","status":"publish","type":"post","link":"https:\/\/atecordoba.org\/?p=45340","title":{"rendered":"Convenio con la Universidad Cat\u00f3lica de C\u00f3rdoba"},"content":{"rendered":"<p style=\"text-align: center\"><em>Se trata de numerosos cursos de posgrado con descuento para afiliados y afiliadas para la formaci\u00f3n del personal estatal.\u00a0<\/em><\/p>\n<p><img loading=\"lazy\" decoding=\"async\" class=\"aligncenter wp-image-45341 \" src=\"https:\/\/atecordoba.org\/wp-content\/uploads\/2024\/08\/UCC.png\" alt=\"\" width=\"601\" height=\"339\" \/><\/p>\n<p>El Consejo Directivo Provincial pone a disposici\u00f3n de las y los afiliados un convenio de capacitaci\u00f3n y formaci\u00f3n universitaria con <a href=\"https:\/\/fjs.ucc.edu.ar\/posgrado\" target=\"_blank\" rel=\"noopener\">formato de posgrado<\/a>, de especial inter\u00e9s para personal del Estado provincial.<\/p>\n<p>A trav\u00e9s del acuerdo interinstitucional, las y los interesados acceder\u00e1n a descuentos del 20% en el costo de cada curso. Para ello quien se inscriba por los canales pertinentes debe comunicar a su vez que es afiliado\/a y solicita que se le haga el descuento por convenio. All\u00ed le pedir\u00e1n el documento que acredite su afiliaci\u00f3n para proceder a realizar el descuento.<\/p>\n<p>Se puede ingresar <a href=\"https:\/\/fjs.ucc.edu.ar\/procedimiento-administrativo-provincial-2024-9\" target=\"_blank\" rel=\"noopener\">aqu\u00ed<\/a> para ver un caso pr\u00e1ctico de inscripci\u00f3n en uno de los cursos mencionados.<\/p>\n<p>En funci\u00f3n del convenio suscripto, la Universidad Cat\u00f3lica ofrece a las y los afiliados de ATE C\u00f3rdoba cursos de posgrado en:<\/p>\n<div class=\"h-100 d-flex flex-column rounded shadow-sm position-relative\">\n<div class=\"flex-grow-1 p-4 d-flex flex-column news-info\">\n<div class=\"h-100 d-flex flex-column rounded shadow-sm position-relative\">\n<div class=\"flex-grow-1 p-4 d-flex flex-column news-info\">\n<div class=\"h-100 d-flex flex-column rounded shadow-sm position-relative\">\n<div class=\"flex-grow-1 p-4 d-flex flex-column news-info\">\n<div class=\"h-100 d-flex flex-column rounded shadow-sm position-relative\">\n<div class=\"flex-grow-1 p-4 d-flex flex-column news-info\">\n<div class=\"h-100 d-flex flex-column rounded shadow-sm position-relative\">\n<div class=\"flex-grow-1 p-4 d-flex flex-column news-info\">\n<div class=\"h-100 d-flex flex-column rounded shadow-sm position-relative\">\n<div class=\"flex-grow-1 p-4 d-flex flex-column news-info\">\n<div class=\"h-100 d-flex flex-column rounded shadow-sm position-relative\">\n<div class=\"flex-grow-1 p-4 d-flex flex-column news-info\">\n<div class=\"h-100 d-flex flex-column rounded shadow-sm position-relative\">\n<div class=\"flex-grow-1 p-4 d-flex flex-column news-info\">\n<div class=\"h-100 d-flex flex-column rounded shadow-sm position-relative\">\n<div class=\"flex-grow-1 p-4 d-flex flex-column news-info\">\n<ul>\n<li><strong>PEDAGOG\u00cdA E INVESTIGACI\u00d3N EDUCATIVA<\/strong><\/li>\n<li><strong>DIRECCI\u00d3N T\u00c9CNICA EDIFICIOS EN ALTURA<\/strong><\/li>\n<li><strong>PROCEDIMIENTO ADMINISTRATIVO PROVINCIAL<\/strong><\/li>\n<li><strong>TEOR\u00cdAS DE LA EDUCACI\u00d3N<\/strong><\/li>\n<li><strong>EL DIDACTISMO VISUAL COMO RECURSO DE DISE\u00d1O PARA EL APRENDIZAJE<\/strong><\/li>\n<li><strong>ADOLESCENCIAS Y JUVENTUDES: PROCESOS DE APRENDIZAJE<\/strong><\/li>\n<li><strong>INVESTIGAR E INTERVENIR EN LOS ESPACIOS EDUCATIVOS ESCOLARES Y NO ESCOLARES<\/strong><\/li>\n<li><strong>EPISTEMOLOG\u00cdA E INVESTIGACI\u00d3N EDUCATIVA<\/strong><\/li>\n<li><strong>SOCIOLOG\u00cdA DE LA EDUCACI\u00d3N E INVESTIGACI\u00d3N EDUCATIVA<\/strong><\/li>\n<li><strong>FORMACI\u00d3N SUPERIOR EN NEURORADIOLOG\u00cdA DIAGN\u00d3STICA E INTERVENCIONISTA<\/strong><\/li>\n<li><strong>SEMINARIO DE FAMILIA, DISCAPACIDAD E INCLUSI\u00d3N<\/strong><\/li>\n<\/ul>\n<p>De esta manera, ATE contin\u00faa brindando herramientas de formaci\u00f3n para las y los afiliados, fundamentales para mejorar condiciones en la carrera administrativa.<\/p>\n<\/div>\n<\/div>\n<\/div>\n<\/div>\n<\/div>\n<\/div>\n<\/div>\n<\/div>\n<\/div>\n<\/div>\n<\/div>\n<\/div>\n<\/div>\n<\/div>\n<\/div>\n<\/div>\n<\/div>\n<\/div>\n","protected":false},"excerpt":{"rendered":"<p>Se trata de numerosos cursos de posgrado con descuento para afiliados y afiliadas para la formaci\u00f3n del personal estatal.\u00a0 El Consejo Directivo Provincial pone a disposici\u00f3n de las y los afiliados un convenio de capacitaci\u00f3n y formaci\u00f3n universitaria con formato de posgrado, de especial inter\u00e9s para personal del Estado provincial. A trav\u00e9s del acuerdo interinstitucional, [&hellip;]<\/p>\n","protected":false},"author":7,"featured_media":45341,"comment_status":"open","ping_status":"open","sticky":false,"template":"","format":"standard","meta":{"_exactmetrics_skip_tracking":false,"_exactmetrics_sitenote_active":false,"_exactmetrics_sitenote_note":"","_exactmetrics_sitenote_category":0,"jnews-multi-image_gallery":[],"jnews_single_post":{"format":"standard","override":[{"template":"1","parallax":"1","fullscreen":"1","layout":"no-sidebar-narrow","sidebar":"default-sidebar","second_sidebar":"default-sidebar","sticky_sidebar":"1","share_position":"bottom","share_float_style":"share-monocrhome","show_share_counter":"1","show_view_counter":"1","show_post_meta":"1","show_post_author_image":"1","show_post_date":"1","post_date_format":"default","post_date_format_custom":"Y\/m\/d","show_post_category":"1","show_post_reading_time":"0","post_reading_time_wpm":"300","post_calculate_word_method":"str_word_count","show_zoom_button":"0","zoom_button_out_step":"2","zoom_button_in_step":"3","show_post_tag":"1","number_popup_post":"1","show_post_related":"1","show_inline_post_related":"0"}],"image_override":[{"single_post_thumbnail_size":"crop-500","single_post_gallery_size":"crop-500"}],"trending_post_position":"meta","trending_post_label":"Trending","sponsored_post_label":"Sponsored by","disable_ad":"0"},"jnews_primary_category":[],"jnews_social_meta":[],"jnews_review":[],"enable_review":"","type":"percentage","name":"","summary":"","brand":"","sku":"","good":[],"bad":[],"score_override":"","override_value":"","rating":[],"price":[],"jnews_override_counter":{"view_counter_number":"0","share_counter_number":"0","like_counter_number":"0","dislike_counter_number":"0"},"jnews_post_split":{"post_split":[{"template":"1","tag":"h2","numbering":"asc","mode":"normal","first":"0","enable_toc":"0","toc_type":"normal"}]},"footnotes":""},"categories":[88],"tags":[395,551,912,1382],"class_list":["post-45340","post","type-post","status-publish","format-standard","has-post-thumbnail","hentry","category-formacion","tag-ate-cordoba","tag-capacitacion","tag-formacion-2","tag-universidad-catolica-de-cordoba"],"jetpack_featured_media_url":"https:\/\/atecordoba.org\/wp-content\/uploads\/2024\/08\/UCC-e1724850146679.png","_links":{"self":[{"href":"https:\/\/atecordoba.org\/index.php?rest_route=\/wp\/v2\/posts\/45340","targetHints":{"allow":["GET"]}}],"collection":[{"href":"https:\/\/atecordoba.org\/index.php?rest_route=\/wp\/v2\/posts"}],"about":[{"href":"https:\/\/atecordoba.org\/index.php?rest_route=\/wp\/v2\/types\/post"}],"author":[{"embeddable":true,"href":"https:\/\/atecordoba.org\/index.php?rest_route=\/wp\/v2\/users\/7"}],"replies":[{"embeddable":true,"href":"https:\/\/atecordoba.org\/index.php?rest_route=%2Fwp%2Fv2%2Fcomments&post=45340"}],"version-history":[{"count":2,"href":"https:\/\/atecordoba.org\/index.php?rest_route=\/wp\/v2\/posts\/45340\/revisions"}],"predecessor-version":[{"id":45343,"href":"https:\/\/atecordoba.org\/index.php?rest_route=\/wp\/v2\/posts\/45340\/revisions\/45343"}],"wp:featuredmedia":[{"embeddable":true,"href":"https:\/\/atecordoba.org\/index.php?rest_route=\/wp\/v2\/media\/45341"}],"wp:attachment":[{"href":"https:\/\/atecordoba.org\/index.php?rest_route=%2Fwp%2Fv2%2Fmedia&parent=45340"}],"wp:term":[{"taxonomy":"category","embeddable":true,"href":"https:\/\/atecordoba.org\/index.php?rest_route=%2Fwp%2Fv2%2Fcategories&post=45340"},{"taxonomy":"post_tag","embeddable":true,"href":"https:\/\/atecordoba.org\/index.php?rest_route=%2Fwp%2Fv2%2Ftags&post=45340"}],"curies":[{"name":"wp","href":"https:\/\/api.w.org\/{rel}","templated":true}]}}