{"id":4534,"date":"2014-09-24T17:21:49","date_gmt":"2014-09-24T20:21:49","guid":{"rendered":"http:\/\/www.atecordoba.org\/?p=4534"},"modified":"2020-08-10T11:02:26","modified_gmt":"2020-08-10T14:02:26","slug":"plenario-de-delegados-de-ate-salarios-y-precarizacion-laboral-son-las-prioridades-a-resolver","status":"publish","type":"post","link":"https:\/\/atecordoba.org\/?p=4534","title":{"rendered":"Plenario de delegados de ATE: salarios y precarizaci\u00f3n laboral son las prioridades a resolver"},"content":{"rendered":"<p><em>En un plenario de delegados, que incluy\u00f3 a representantes del Estado nacional y provincial, los compa\u00f1eros reclamaron que ambas jurisdicciones de reabran las paritarias para poner en discusi\u00f3n una recomposici\u00f3n salarial urgente y el pase a planta de los trabajadores precarizados.<\/em><\/p>\n<figure id=\"attachment_4535\" aria-describedby=\"caption-attachment-4535\" style=\"width: 563px\" class=\"wp-caption aligncenter\"><a href=\"http:\/\/www.atecordoba.org\/wp-content\/uploads\/2014\/09\/maria-teresa-archivo.jpg\"><img loading=\"lazy\" decoding=\"async\" class=\"wp-image-4535 \" src=\"http:\/\/www.atecordoba.org\/wp-content\/uploads\/2014\/09\/maria-teresa-archivo.jpg\" alt=\"maria teresa archivo\" width=\"563\" height=\"317\" \/><\/a><figcaption id=\"caption-attachment-4535\" class=\"wp-caption-text\">Imagen de archivo &#8211; prensa ATE<\/figcaption><\/figure>\n<p>En la oportunidad estuvieron presentes representantes de 13 hospitales provinciales y del Ministerio de Desarrollo Social de la Provincia, en tanto, por el Estado nacional, el plenario cont\u00f3 con la participaci\u00f3n de delegados de\u00a0Trabajadores\u00a0Civiles de las FF.AA., ANAC (Aeropuerto C\u00f3rdoba), Ministerio de Trabajo y PAMI. Los hospitales presentes fueron:\u00a0Misericordia, Neonatal, Rawson, San Roque, Ni\u00f1os, Neuropsiqui\u00e1trico, Instituto Provincial de Alcoholismo y Drogadicci\u00f3n (IPAD), Transito C\u00e1ceres, Casa del Joven, Oncol\u00f3gico, C\u00f3rdoba, Maternidad provincial y Santa Mar\u00eda de Punilla.<\/p>\n<p>Con la presencia de nuestra secretaria General del Concejo Directivo Provincial (CDP), Mar\u00eda Teresa Romero, los compa\u00f1eros concluyeron en reafirmar la necesidad de reclamar que tanto el ejecutivo nacional como el provincial convoquen a la reapertura de las paritarias, instancia donde acordar una urgente recomposici\u00f3n salarial, dada la escalada inflacionaria y su impacto en el poder adquisitivo de los estatales, asi como en iniciar el pase a planta permanente de los miles de compa\u00f1eros precarizados que sufren la inseguridad laboral bajo las figuras de los contratos a plazo o los monotributos.<\/p>\n<p>En ese marco, los nacionales realizar\u00e1n las gestiones necesarias para que las distintas instancias de organizaci\u00f3n nacional de nuestro gremio canalicen estos reclamos.<\/p>\n<p>En tanto, los provinciales, resolvieron continuar con el estado de alerta y movilizaci\u00f3n que determin\u00f3 el plan de lucha que se viene desarrollando, mientras se aguarda una respuesta al pedido de audiencia realizado al gobernador De la Sota. En consecuencia el cronograma de asambleas que se desarrollar\u00e1 en los hospitales provinciales es el siguiente:<\/p>\n<ul>\n<li>Neonatal: sigue de asamblea de una hora en cada servicio por d\u00eda. Ma\u00f1ana 10.30 horas, nueva asamblea.<\/li>\n<li>Misericordia: mi\u00e9rcoles 1\u00b0 de octubre 10 horas asamblea con corte de calle.<\/li>\n<li>Oncol\u00f3gico: asamblea todos los lunes, mi\u00e9rcoles y viernes a las 10 hs.<\/li>\n<li>Neuropsiqui\u00e1trico: todos los jueves 10 hs.<\/li>\n<li>Santa Mar\u00eda de Punilla: todos los jueves a las 12 y hasta las 14 hs.<\/li>\n<li>IPAD: 1\u00b0 de octubre, 10 horas, asamblea y corte de calle.<\/li>\n<\/ul>\n<p>&nbsp;<\/p>\n","protected":false},"excerpt":{"rendered":"<p>En un plenario de delegados, que incluy\u00f3 a representantes del Estado nacional y provincial, los compa\u00f1eros reclamaron que ambas jurisdicciones de reabran las paritarias para poner en discusi\u00f3n una recomposici\u00f3n salarial urgente y el pase a planta de los trabajadores precarizados. En la oportunidad estuvieron presentes representantes de 13 hospitales provinciales y del Ministerio de [&hellip;]<\/p>\n","protected":false},"author":1,"featured_media":19220,"comment_status":"open","ping_status":"open","sticky":false,"template":"","format":"standard","meta":{"_exactmetrics_skip_tracking":false,"_exactmetrics_sitenote_active":false,"_exactmetrics_sitenote_note":"","_exactmetrics_sitenote_category":0,"jnews-multi-image_gallery":[],"jnews_single_post":[],"jnews_primary_category":[],"jnews_social_meta":[],"jnews_review":[],"enable_review":"","type":"","name":"","summary":"","brand":"","sku":"","good":[],"bad":[],"score_override":"","override_value":"","rating":[],"price":[],"jnews_override_counter":[],"jnews_post_split":[],"footnotes":""},"categories":[7,107,18,8,102,9],"tags":[],"class_list":["post-4534","post","type-post","status-publish","format-standard","has-post-thumbnail","hentry","category-hospitales","category-ministerio-de-trabajo","category-nacionales","category-provinciales","category-salud-2","category-trabajadores-civiles-ff-aa"],"jetpack_featured_media_url":"https:\/\/atecordoba.org\/wp-content\/uploads\/2020\/05\/logo-nuevochico-e1561581322808.png","_links":{"self":[{"href":"https:\/\/atecordoba.org\/index.php?rest_route=\/wp\/v2\/posts\/4534","targetHints":{"allow":["GET"]}}],"collection":[{"href":"https:\/\/atecordoba.org\/index.php?rest_route=\/wp\/v2\/posts"}],"about":[{"href":"https:\/\/atecordoba.org\/index.php?rest_route=\/wp\/v2\/types\/post"}],"author":[{"embeddable":true,"href":"https:\/\/atecordoba.org\/index.php?rest_route=\/wp\/v2\/users\/1"}],"replies":[{"embeddable":true,"href":"https:\/\/atecordoba.org\/index.php?rest_route=%2Fwp%2Fv2%2Fcomments&post=4534"}],"version-history":[{"count":1,"href":"https:\/\/atecordoba.org\/index.php?rest_route=\/wp\/v2\/posts\/4534\/revisions"}],"predecessor-version":[{"id":21147,"href":"https:\/\/atecordoba.org\/index.php?rest_route=\/wp\/v2\/posts\/4534\/revisions\/21147"}],"wp:featuredmedia":[{"embeddable":true,"href":"https:\/\/atecordoba.org\/index.php?rest_route=\/wp\/v2\/media\/19220"}],"wp:attachment":[{"href":"https:\/\/atecordoba.org\/index.php?rest_route=%2Fwp%2Fv2%2Fmedia&parent=4534"}],"wp:term":[{"taxonomy":"category","embeddable":true,"href":"https:\/\/atecordoba.org\/index.php?rest_route=%2Fwp%2Fv2%2Fcategories&post=4534"},{"taxonomy":"post_tag","embeddable":true,"href":"https:\/\/atecordoba.org\/index.php?rest_route=%2Fwp%2Fv2%2Ftags&post=4534"}],"curies":[{"name":"wp","href":"https:\/\/api.w.org\/{rel}","templated":true}]}}