{"id":45331,"date":"2024-08-26T10:42:06","date_gmt":"2024-08-26T13:42:06","guid":{"rendered":"https:\/\/atecordoba.org\/?p=45331"},"modified":"2024-08-27T09:58:04","modified_gmt":"2024-08-27T12:58:04","slug":"ffmm-de-la-defensa-nacional-a-la-guerra-en-ucrania","status":"publish","type":"post","link":"https:\/\/atecordoba.org\/?p=45331","title":{"rendered":"FFMM: De la defensa nacional a la guerra en Ucrania"},"content":{"rendered":"<p><em>CSG Defence, compa\u00f1\u00eda checa que fabrica armas para pa\u00edses de la OTAN, podr\u00eda comprar acciones de la estatal Fabricaciones Militares. Ya visitaron la planta en R\u00edo Tercero con el objetivo de convertirla en Sociedad An\u00f3nima y fabricar armas para el enfrentamiento contra Rusia.<\/em><\/p>\n<p><img loading=\"lazy\" decoding=\"async\" class=\"aligncenter wp-image-45334 \" src=\"https:\/\/atecordoba.org\/wp-content\/uploads\/2024\/08\/FFMMrio3pasacalle.jpg\" alt=\"\" width=\"600\" height=\"280\" srcset=\"https:\/\/atecordoba.org\/wp-content\/uploads\/2024\/08\/FFMMrio3pasacalle.jpg 750w, https:\/\/atecordoba.org\/wp-content\/uploads\/2024\/08\/FFMMrio3pasacalle-300x140.jpg 300w\" sizes=\"auto, (max-width: 600px) 100vw, 600px\" \/><\/p>\n<p>La empresa p\u00fablica Fabricaciones Militares (FM), emblema de la industria de la defensa nacional, podr\u00eda fabricar balas y armamentos para Ucrania en la guerra contra Rusia.<\/p>\n<p>CSG Defence es un grupo industrial y tecnol\u00f3gico radicado en Rep\u00fablica Checa que fabrica y <a href=\"https:\/\/www.excaliburarmy.cz\/news\/excalibur-army-sternberk-was-visited-by-top-representatives-of-the-dutch-army-and-the-ministry-of-defence-84#\">abastece militarmente a pa\u00edses como Holanda<\/a>, que env\u00edan su ayuda a Ucrania en el marco de las pol\u00edticas de alianzas impulsadas por la Organizaci\u00f3n del Tratado del Atl\u00e1ntico Norte (OTAN).<\/p>\n<p>Miembros de esta empresa ya visitaron la ciudad de R\u00edo Tercero, donde est\u00e1 una de las plantas de FM, para convertirla en Sociedad An\u00f3nima (S.A) y comprar parte de sus acciones.<\/p>\n<p>\u201cTodo lo que se produzca ser\u00e1 para exportaci\u00f3n para la guerra en Ucrania. Nos dijeron que no ser\u00e1 para abastecer el mercado interno, dijeron que la Ley Savio es muy bonita pero es para otra \u00e9poca. Para esta \u00e9poca no sirve\u201d, explic\u00f3 David Salto, secretario general de ATE R\u00edo Tercero y trabajador de la planta de FM en el sector de mecanizado.<\/p>\n<p>Este a\u00f1o desfilaron por la ciudad cordobesa empresarios daneses, norteamericanos y espa\u00f1oles. Pero en estas semanas se cerrar\u00eda el acuerdo con la empresa <a href=\"https:\/\/defence.czechoslovakgroup.com\/en\">CSG Defence<\/a>. Dicha empresa tiene dentro de sus compa\u00f1\u00edas a Excalibur Army, fundada en 1995 y productora de tanques, obuses autopropulsados, lanzadores de cohetes, veh\u00edculos de ingenier\u00eda, armas y municiones.<\/p>\n<p>El esquema es el siguiente: convierten a FM en S.A y la empresa checa compra acciones y orienta la producci\u00f3n a la fabricaci\u00f3n de armamento con destino a Ucrania.<\/p>\n<p>Salto se\u00f1al\u00f3 que los directivos les informaron que no iban a \u201cpagar m\u00e1s sueldos. O aceptan la S.A o lamentablemente esto se cierra. Te ponen entre la espada y la pared\u201d.<\/p>\n<p><img loading=\"lazy\" decoding=\"async\" class=\"aligncenter wp-image-45332 \" src=\"https:\/\/atecordoba.org\/wp-content\/uploads\/2024\/08\/FFMMasambleario3.jpeg\" alt=\"\" width=\"601\" height=\"412\" srcset=\"https:\/\/atecordoba.org\/wp-content\/uploads\/2024\/08\/FFMMasambleario3.jpeg 623w, https:\/\/atecordoba.org\/wp-content\/uploads\/2024\/08\/FFMMasambleario3-300x206.jpeg 300w\" sizes=\"auto, (max-width: 601px) 100vw, 601px\" \/><\/p>\n<p><strong>Para la guerra de Ucrania<\/strong><\/p>\n<p>El pasado 24 de junio, el ministro de Defensa, Luis Petri firm\u00f3 con su par de Rep\u00fablica Checa, Jana \u010cernochov\u00e1, <a href=\"https:\/\/www.argentina.gob.ar\/noticias\/argentina-y-republica-checa-firmaron-un-acuerdo-de-cooperacion-tecnico-militar\">un memorando facilita una colaboraci\u00f3n m\u00e1s estrecha en el \u00e1mbito t\u00e9cnico-militar<\/a>.<\/p>\n<p>Ese es parte del realineamiento de Argentina en favor de producir armas, en este caso, para Ucrania.<\/p>\n<p>\u201cEntendemos que FM se cre\u00f3 para producir y abastecer al ej\u00e9rcito argentino, para garantizar soberan\u00eda, no para hacer negocios con potencias extranjeras sobre todo lo ligado a OTAN\u201d, indic\u00f3 Salto.<\/p>\n<p>La Organizaci\u00f3n del Tratado del Atl\u00e1ntico Norte (OTAN) es el <a href=\"https:\/\/elmegafono.net\/17903\/2022\/07\/08\/\">brazo armado de Occidente que tiene como enemigos tanto a Rusia como a China.<\/a><\/p>\n<p>En Argentina, tuvo su incursi\u00f3n en marzo de este a\u00f1o por el <a href=\"https:\/\/elmegafono.net\/23602\/2024\/03\/17\/\">control de la Hidrov\u00eda<\/a> Paran\u00e1 Paraguay.<\/p>\n<p>\u201cEs la misma OTAN la que nos quit\u00f3 las Islas Malvinas. Tenemos un debate y estamos a una d\u00e9cada del acuerdo ant\u00e1rtico y sabemos que los brit\u00e1nicos y chilenos se quieren quedar con la Ant\u00e1rtida, no tenemos armamento. \u00bfQu\u00e9 vamos a hacer?: \u00bfSeguir abasteciendo a la OTAN?\u201d, se pregunt\u00f3 Salto.<\/p>\n<p>Pero adem\u00e1s los trabajadores est\u00e1n preocupados por sus condiciones. No \u201csabemos qu\u00e9 legislaci\u00f3n nos vamos agarrar, cu\u00e1l convenio colectivo utilizar. Hay rumores que quieren desaparecer los gremios estatales tanto ATE como UPCN. Nos quieren sacar del medio. Quieren armar un convenio colectivo nuevo\u201d.<\/p>\n<p><strong>Un emblema de defensa nacional<\/strong><\/p>\n<p>FM se cre\u00f3 en 1941, tuvo decenas de plantas dedicadas al desarrollo de la industria nacional y la defensa y hasta inici\u00f3 la <a href=\"https:\/\/elmegafono.net\/21613\/2023\/07\/26\/\">explotaci\u00f3n del litio en el Salar del Hombre Muerto<\/a>.<\/p>\n<p>Si bien en los a\u00f1os noventa fue desmantelada por las pol\u00edticas neoliberales, en los \u00faltimos a\u00f1os produjo: vagones, radares de control de frontera y meteorol\u00f3gicos para INVAP, veh\u00edculo gaucho para el Ej\u00e9rcito Argentino, la modernizaci\u00f3n de los tanques, entre otras cosas.<\/p>\n<p><img loading=\"lazy\" decoding=\"async\" class=\"aligncenter wp-image-45333 \" src=\"https:\/\/atecordoba.org\/wp-content\/uploads\/2024\/08\/FFMMvagones.jpeg\" alt=\"\" width=\"600\" height=\"399\" srcset=\"https:\/\/atecordoba.org\/wp-content\/uploads\/2024\/08\/FFMMvagones.jpeg 1280w, https:\/\/atecordoba.org\/wp-content\/uploads\/2024\/08\/FFMMvagones-300x199.jpeg 300w, https:\/\/atecordoba.org\/wp-content\/uploads\/2024\/08\/FFMMvagones-1024x681.jpeg 1024w, https:\/\/atecordoba.org\/wp-content\/uploads\/2024\/08\/FFMMvagones-768x511.jpeg 768w, https:\/\/atecordoba.org\/wp-content\/uploads\/2024\/08\/FFMMvagones-750x499.jpeg 750w, https:\/\/atecordoba.org\/wp-content\/uploads\/2024\/08\/FFMMvagones-1140x758.jpeg 1140w\" sizes=\"auto, (max-width: 600px) 100vw, 600px\" \/><\/p>\n<p>Todo fronteras adentro. Es decir, para una pol\u00edtica de soberan\u00eda y defensa dentro del territorio nacional.<\/p>\n<p>\u201cTodo lo que se va a hacer ahora va a ser producci\u00f3n b\u00e9lica, nada civil. Estos inversores est\u00e1n viendo las plantas qu\u00edmicas porque quieren agrandar las plantas para llegar a lo que requiere Ucrania. Para poder abastecer la cantidad de toneladas de p\u00f3lvora que est\u00e1 pidiendo Ucrania. No para comercializar ac\u00e1\u201d, indic\u00f3 Salto.<\/p>\n<p>Adem\u00e1s, Salto indic\u00f3 que esta vez es diferente que en los a\u00f1os noventa. \u201cCuando nos hicieron volar la f\u00e1brica en 1995 se vend\u00eda producci\u00f3n b\u00e9lica pero era clandestino, pero ahora lo van a hacer de manera legal\u201d, plante\u00f3.<\/p>\n<p>FM no estaba dentro del paquete de privatizaciones aprobado en la Ley Bases. \u00bfEntonces? \u201cLo que pasa mientras siga vigente el DNU, ellos se agarran de ese decreto. Estamos en la campa\u00f1a del mill\u00f3n de firmas para derogar el DNU. Es m\u00e1s peligroso el DNU que la Ley Bases\u201d, concluy\u00f3 Salto.<\/p>\n","protected":false},"excerpt":{"rendered":"<p>CSG Defence, compa\u00f1\u00eda checa que fabrica armas para pa\u00edses de la OTAN, podr\u00eda comprar acciones de la estatal Fabricaciones Militares. Ya visitaron la planta en R\u00edo Tercero con el objetivo de convertirla en Sociedad An\u00f3nima y fabricar armas para el enfrentamiento contra Rusia. La empresa p\u00fablica Fabricaciones Militares (FM), emblema de la industria de la [&hellip;]<\/p>\n","protected":false},"author":7,"featured_media":45334,"comment_status":"open","ping_status":"open","sticky":false,"template":"","format":"standard","meta":{"_exactmetrics_skip_tracking":false,"_exactmetrics_sitenote_active":false,"_exactmetrics_sitenote_note":"","_exactmetrics_sitenote_category":0,"jnews-multi-image_gallery":[],"jnews_single_post":{"format":"standard","override":[{"template":"1","parallax":"1","fullscreen":"1","layout":"no-sidebar-narrow","sidebar":"default-sidebar","second_sidebar":"default-sidebar","sticky_sidebar":"1","share_position":"bottom","share_float_style":"share-monocrhome","show_share_counter":"1","show_view_counter":"1","show_post_meta":"1","show_post_author_image":"1","show_post_date":"1","post_date_format":"default","post_date_format_custom":"Y\/m\/d","show_post_category":"1","show_post_reading_time":"0","post_reading_time_wpm":"300","post_calculate_word_method":"str_word_count","show_zoom_button":"0","zoom_button_out_step":"2","zoom_button_in_step":"3","show_post_tag":"1","number_popup_post":"1","show_post_related":"1","show_inline_post_related":"0"}],"image_override":[{"single_post_thumbnail_size":"crop-500","single_post_gallery_size":"crop-500"}],"trending_post_position":"meta","trending_post_label":"Trending","sponsored_post_label":"Sponsored by","disable_ad":"0"},"jnews_primary_category":[],"jnews_social_meta":[],"jnews_review":[],"enable_review":"","type":"percentage","name":"","summary":"","brand":"","sku":"","good":[],"bad":[],"score_override":"","override_value":"","rating":[],"price":[],"jnews_override_counter":{"view_counter_number":"0","share_counter_number":"0","like_counter_number":"0","dislike_counter_number":"0"},"jnews_post_split":{"post_split":[{"template":"1","tag":"h2","numbering":"asc","mode":"normal","first":"0","enable_toc":"0","toc_type":"normal"}]},"footnotes":""},"categories":[18],"tags":[26,407,703,1380,1379,1381],"class_list":["post-45331","post","type-post","status-publish","format-standard","has-post-thumbnail","hentry","category-nacionales","tag-ate","tag-ate-rio-tercero","tag-ffmm","tag-otan","tag-soberania-argentina","tag-ucrania"],"jetpack_featured_media_url":"https:\/\/atecordoba.org\/wp-content\/uploads\/2024\/08\/FFMMrio3pasacalle.jpg","_links":{"self":[{"href":"https:\/\/atecordoba.org\/index.php?rest_route=\/wp\/v2\/posts\/45331","targetHints":{"allow":["GET"]}}],"collection":[{"href":"https:\/\/atecordoba.org\/index.php?rest_route=\/wp\/v2\/posts"}],"about":[{"href":"https:\/\/atecordoba.org\/index.php?rest_route=\/wp\/v2\/types\/post"}],"author":[{"embeddable":true,"href":"https:\/\/atecordoba.org\/index.php?rest_route=\/wp\/v2\/users\/7"}],"replies":[{"embeddable":true,"href":"https:\/\/atecordoba.org\/index.php?rest_route=%2Fwp%2Fv2%2Fcomments&post=45331"}],"version-history":[{"count":2,"href":"https:\/\/atecordoba.org\/index.php?rest_route=\/wp\/v2\/posts\/45331\/revisions"}],"predecessor-version":[{"id":45339,"href":"https:\/\/atecordoba.org\/index.php?rest_route=\/wp\/v2\/posts\/45331\/revisions\/45339"}],"wp:featuredmedia":[{"embeddable":true,"href":"https:\/\/atecordoba.org\/index.php?rest_route=\/wp\/v2\/media\/45334"}],"wp:attachment":[{"href":"https:\/\/atecordoba.org\/index.php?rest_route=%2Fwp%2Fv2%2Fmedia&parent=45331"}],"wp:term":[{"taxonomy":"category","embeddable":true,"href":"https:\/\/atecordoba.org\/index.php?rest_route=%2Fwp%2Fv2%2Fcategories&post=45331"},{"taxonomy":"post_tag","embeddable":true,"href":"https:\/\/atecordoba.org\/index.php?rest_route=%2Fwp%2Fv2%2Ftags&post=45331"}],"curies":[{"name":"wp","href":"https:\/\/api.w.org\/{rel}","templated":true}]}}