{"id":45319,"date":"2024-08-26T10:16:56","date_gmt":"2024-08-26T13:16:56","guid":{"rendered":"https:\/\/atecordoba.org\/?p=45319"},"modified":"2024-08-27T09:57:13","modified_gmt":"2024-08-27T12:57:13","slug":"la-fuerza-espacial-de-eeuu-piso-el-pais-para-realinearlo-en-su-politica-exterior","status":"publish","type":"post","link":"https:\/\/atecordoba.org\/?p=45319","title":{"rendered":"CONAE: La fuerza espacial de EEUU pis\u00f3 el pa\u00eds para realinearlo en su pol\u00edtica exterior"},"content":{"rendered":"<p><em>El jefe norteamericano estuvo con el jefe de la Fuerza A\u00e9rea Argentina y con la entidad espacial nacional CONAE. Su intenci\u00f3n es fortalecer los lazos porque su preocupaci\u00f3n es Rusia y China.<\/em><\/p>\n<p><img loading=\"lazy\" decoding=\"async\" class=\"aligncenter wp-image-45320 \" src=\"https:\/\/atecordoba.org\/wp-content\/uploads\/2024\/08\/conae_yanquis.jpg\" alt=\"\" width=\"603\" height=\"479\" \/><\/p>\n<p>Stephen Whiting, jefe del Comando Espacial de EEUU, estuvo recientemente en Argentina. En una entrevista a Infobae , se\u00f1al\u00f3 a <a href=\"https:\/\/www.infobae.com\/def\/2024\/08\/10\/general-stephen-whiting-comandante-espacial-de-ee-uu-no-creemos-que-una-guerra-en-el-espacio-sea-inevitable\/\">Rusia y China<\/a> como las principales preocupaciones en el campo de la seguridad espacial y plante\u00f3 que no quieren una \u201cuna guerra en el espacio porque, si la hubiera, ser\u00eda en detrimento de toda la humanidad\u201d.<\/p>\n<p>Antes, el 1 de agosto, el jefe norteamericano <a href=\"https:\/\/x.com\/FuerzaAerea_Arg\/status\/1819125128254435567\">se reuni\u00f3<\/a> con el brigadier argentino Fernando Mengo, jefe del Estado Mayor General de la Fuerza A\u00e9rea Argentina.<\/p>\n<div id='gallery_1' class='gallery galleryid-45319 gallery-columns-2 gallery-size-thumbnail'><figure class='gallery-item'>\n                <div class='gallery-icon landscape'>\n                    <a href='https:\/\/atecordoba.org\/wp-content\/uploads\/2024\/08\/GT7UpqdXsAEirmH.jpeg'><img loading=\"lazy\" decoding=\"async\" width=\"150\" height=\"150\" src=\"\" class=\"attachment-thumbnail size-thumbnail lazyload\" alt=\"\" data-src=\"https:\/\/atecordoba.org\/wp-content\/uploads\/2024\/08\/GT7UpqdXsAEirmH-150x150.jpeg\" data-sizes=\"auto\" data-srcset=\"https:\/\/atecordoba.org\/wp-content\/uploads\/2024\/08\/GT7UpqdXsAEirmH-150x150.jpeg 150w, https:\/\/atecordoba.org\/wp-content\/uploads\/2024\/08\/GT7UpqdXsAEirmH-560x560.jpeg 560w, https:\/\/atecordoba.org\/wp-content\/uploads\/2024\/08\/GT7UpqdXsAEirmH-75x75.jpeg 75w, https:\/\/atecordoba.org\/wp-content\/uploads\/2024\/08\/GT7UpqdXsAEirmH-350x350.jpeg 350w\" data-expand=\"700\" \/><\/a>\n                <\/div><\/figure><figure class='gallery-item'>\n                <div class='gallery-icon landscape'>\n                    <a href='https:\/\/atecordoba.org\/wp-content\/uploads\/2024\/08\/GT7UpukXcAEiGRa.jpeg'><img loading=\"lazy\" decoding=\"async\" width=\"150\" height=\"150\" src=\"\" class=\"attachment-thumbnail size-thumbnail lazyload\" alt=\"\" data-src=\"https:\/\/atecordoba.org\/wp-content\/uploads\/2024\/08\/GT7UpukXcAEiGRa-150x150.jpeg\" data-sizes=\"auto\" data-srcset=\"https:\/\/atecordoba.org\/wp-content\/uploads\/2024\/08\/GT7UpukXcAEiGRa-150x150.jpeg 150w, https:\/\/atecordoba.org\/wp-content\/uploads\/2024\/08\/GT7UpukXcAEiGRa-560x560.jpeg 560w, https:\/\/atecordoba.org\/wp-content\/uploads\/2024\/08\/GT7UpukXcAEiGRa-75x75.jpeg 75w, https:\/\/atecordoba.org\/wp-content\/uploads\/2024\/08\/GT7UpukXcAEiGRa-350x350.jpeg 350w\" data-expand=\"700\" \/><\/a>\n                <\/div><\/figure><br style=\"clear: both\" \/><figure class='gallery-item'>\n                <div class='gallery-icon landscape'>\n                    <a href='https:\/\/atecordoba.org\/wp-content\/uploads\/2024\/08\/GT7Uqb3XsAAZ4EE-e1724678714589.jpeg'><img loading=\"lazy\" decoding=\"async\" width=\"150\" height=\"150\" src=\"\" class=\"attachment-thumbnail size-thumbnail lazyload\" alt=\"\" data-src=\"https:\/\/atecordoba.org\/wp-content\/uploads\/2024\/08\/GT7Uqb3XsAAZ4EE-150x150.jpeg\" data-sizes=\"auto\" data-srcset=\"https:\/\/atecordoba.org\/wp-content\/uploads\/2024\/08\/GT7Uqb3XsAAZ4EE-150x150.jpeg 150w, https:\/\/atecordoba.org\/wp-content\/uploads\/2024\/08\/GT7Uqb3XsAAZ4EE-560x560.jpeg 560w, https:\/\/atecordoba.org\/wp-content\/uploads\/2024\/08\/GT7Uqb3XsAAZ4EE-75x75.jpeg 75w, https:\/\/atecordoba.org\/wp-content\/uploads\/2024\/08\/GT7Uqb3XsAAZ4EE-350x350.jpeg 350w\" data-expand=\"700\" \/><\/a>\n                <\/div><\/figure><figure class='gallery-item'>\n                <div class='gallery-icon landscape'>\n                    <a href='https:\/\/atecordoba.org\/wp-content\/uploads\/2024\/08\/GT7Up9JWYAA6Jz3.jpeg'><img loading=\"lazy\" decoding=\"async\" width=\"150\" height=\"150\" src=\"\" class=\"attachment-thumbnail size-thumbnail lazyload\" alt=\"\" data-src=\"https:\/\/atecordoba.org\/wp-content\/uploads\/2024\/08\/GT7Up9JWYAA6Jz3-150x150.jpeg\" data-sizes=\"auto\" data-srcset=\"https:\/\/atecordoba.org\/wp-content\/uploads\/2024\/08\/GT7Up9JWYAA6Jz3-150x150.jpeg 150w, https:\/\/atecordoba.org\/wp-content\/uploads\/2024\/08\/GT7Up9JWYAA6Jz3-560x560.jpeg 560w, https:\/\/atecordoba.org\/wp-content\/uploads\/2024\/08\/GT7Up9JWYAA6Jz3-75x75.jpeg 75w, https:\/\/atecordoba.org\/wp-content\/uploads\/2024\/08\/GT7Up9JWYAA6Jz3-350x350.jpeg 350w\" data-expand=\"700\" \/><\/a>\n                <\/div><\/figure><br style=\"clear: both\" \/>\n            <\/div>\n\n<p><a href=\"https:\/\/x.com\/FuerzaAerea_Arg\/status\/1819125128254435567\">Al d\u00eda siguiente,<\/a> el militar norteamericano se reuni\u00f3 con el Director Ejecutivo y T\u00e9cnico de la Comisi\u00f3n Nacional de Actividades Espaciales (CONAE), agencia p\u00fablica nacional dedicada a la actividad espacial.<\/p>\n<p>Esto gener\u00f3 el repudio de los trabajadores del organismo. \u201cRepudiamos y denunciamos cualquier acercamiento que implique colaborar en alg\u00fan tipo de actividad con las fuerzas armadas de un pa\u00eds extranjero, situaci\u00f3n que se acent\u00faa en el caso de los EEUU dado su historial promoviendo golpes de estado e invasiones militares alrededor del mundo\u201d, indicaron los trabajadores de ATE en un comunicado.<\/p>\n<p>\u201cLos norteamericanos cada vez que en el \u00e1mbito espacial Argentina quer\u00eda desarrollar algo vinculado a la defensa han puesto el grito en el cielo porque ellos son proveedores de los insumos necesarios para el sector espacial\u201d, dijo Emiliano Baum, trabajador de CONAE en Falda del Ca\u00f1ete y delegado de ATE.<\/p>\n<p><img loading=\"lazy\" decoding=\"async\" class=\"aligncenter wp-image-45328 \" src=\"https:\/\/atecordoba.org\/wp-content\/uploads\/2024\/08\/GUOQ8y1WEAArq8n.jpeg\" alt=\"\" width=\"603\" height=\"603\" srcset=\"https:\/\/atecordoba.org\/wp-content\/uploads\/2024\/08\/GUOQ8y1WEAArq8n.jpeg 1080w, https:\/\/atecordoba.org\/wp-content\/uploads\/2024\/08\/GUOQ8y1WEAArq8n-300x300.jpeg 300w, https:\/\/atecordoba.org\/wp-content\/uploads\/2024\/08\/GUOQ8y1WEAArq8n-1024x1024.jpeg 1024w, https:\/\/atecordoba.org\/wp-content\/uploads\/2024\/08\/GUOQ8y1WEAArq8n-150x150.jpeg 150w, https:\/\/atecordoba.org\/wp-content\/uploads\/2024\/08\/GUOQ8y1WEAArq8n-768x768.jpeg 768w, https:\/\/atecordoba.org\/wp-content\/uploads\/2024\/08\/GUOQ8y1WEAArq8n-560x560.jpeg 560w, https:\/\/atecordoba.org\/wp-content\/uploads\/2024\/08\/GUOQ8y1WEAArq8n-75x75.jpeg 75w, https:\/\/atecordoba.org\/wp-content\/uploads\/2024\/08\/GUOQ8y1WEAArq8n-350x350.jpeg 350w, https:\/\/atecordoba.org\/wp-content\/uploads\/2024\/08\/GUOQ8y1WEAArq8n-750x750.jpeg 750w\" sizes=\"auto, (max-width: 603px) 100vw, 603px\" \/><\/p>\n<p>Baum atribuye estas visitas al contexto geopol\u00edtico: \u201cEs parte de esa reversi\u00f3n de las relaciones carnales del menemismo\u201d, porque en realidad \u201cel origen de la CONAE tiene que ver con la destrucci\u00f3n del proyecto C\u00f3ndor (proyecto misil\u00edstico impulsado en los a\u00f1os setenta)\u201d.<\/p>\n<p>El dirigente reconoce que EEUU tiene supremac\u00eda en el \u00e1rea espacial. Entonces el inter\u00e9s del pa\u00eds norteamericano puede ser la bajada de informaci\u00f3n satelital. \u201cTrabajo en el sector de estaciones terrenas (bajada de informaci\u00f3n) tenemos una estaci\u00f3n muy bien ubicada en Tolhuin, Tierra de Fuego. Por su ubicaci\u00f3n puede bajar informaci\u00f3n muchas m\u00e1s veces al d\u00eda que la estaci\u00f3n de C\u00f3rdoba\u201d, se\u00f1al\u00f3.<\/p>\n<p>Adem\u00e1s del contexto geopol\u00edtico, \u201cla preocupaci\u00f3n principal entonces est\u00e1 pasando por la baja de los sueldos y del desfinanciamiento\u201d.<\/p>\n","protected":false},"excerpt":{"rendered":"<p>El jefe norteamericano estuvo con el jefe de la Fuerza A\u00e9rea Argentina y con la entidad espacial nacional CONAE. Su intenci\u00f3n es fortalecer los lazos porque su preocupaci\u00f3n es Rusia y China. Stephen Whiting, jefe del Comando Espacial de EEUU, estuvo recientemente en Argentina. En una entrevista a Infobae , se\u00f1al\u00f3 a Rusia y China [&hellip;]<\/p>\n","protected":false},"author":7,"featured_media":45326,"comment_status":"open","ping_status":"open","sticky":false,"template":"","format":"standard","meta":{"_exactmetrics_skip_tracking":false,"_exactmetrics_sitenote_active":false,"_exactmetrics_sitenote_note":"","_exactmetrics_sitenote_category":0,"jnews-multi-image_gallery":[],"jnews_single_post":{"format":"standard","override":[{"template":"1","parallax":"1","fullscreen":"1","layout":"no-sidebar-narrow","sidebar":"default-sidebar","second_sidebar":"default-sidebar","sticky_sidebar":"1","share_position":"bottom","share_float_style":"share-monocrhome","show_share_counter":"1","show_view_counter":"1","show_post_meta":"1","show_post_author_image":"1","show_post_date":"1","post_date_format":"default","post_date_format_custom":"Y\/m\/d","show_post_category":"1","show_post_reading_time":"0","post_reading_time_wpm":"300","post_calculate_word_method":"str_word_count","show_zoom_button":"0","zoom_button_out_step":"2","zoom_button_in_step":"3","show_post_tag":"1","number_popup_post":"1","show_post_related":"1","show_inline_post_related":"0"}],"image_override":[{"single_post_thumbnail_size":"crop-500","single_post_gallery_size":"crop-500"}],"trending_post_position":"meta","trending_post_label":"Trending","sponsored_post_label":"Sponsored by","disable_ad":"0"},"jnews_primary_category":[],"jnews_social_meta":[],"jnews_review":[],"enable_review":"","type":"percentage","name":"","summary":"","brand":"","sku":"","good":[],"bad":[],"score_override":"","override_value":"","rating":[],"price":[],"jnews_override_counter":{"view_counter_number":"0","share_counter_number":"0","like_counter_number":"0","dislike_counter_number":"0"},"jnews_post_split":{"post_split":[{"template":"1","tag":"h2","numbering":"asc","mode":"normal","first":"0","enable_toc":"0","toc_type":"normal"}]},"footnotes":""},"categories":[18],"tags":[1349,463,1348,1379],"class_list":["post-45319","post","type-post","status-publish","format-standard","has-post-thumbnail","hentry","category-nacionales","tag-ate-conae","tag-conae","tag-eeuu","tag-soberania-argentina"],"jetpack_featured_media_url":"https:\/\/atecordoba.org\/wp-content\/uploads\/2024\/08\/GT7Uqb3XsAAZ4EE-e1724678714589.jpeg","_links":{"self":[{"href":"https:\/\/atecordoba.org\/index.php?rest_route=\/wp\/v2\/posts\/45319","targetHints":{"allow":["GET"]}}],"collection":[{"href":"https:\/\/atecordoba.org\/index.php?rest_route=\/wp\/v2\/posts"}],"about":[{"href":"https:\/\/atecordoba.org\/index.php?rest_route=\/wp\/v2\/types\/post"}],"author":[{"embeddable":true,"href":"https:\/\/atecordoba.org\/index.php?rest_route=\/wp\/v2\/users\/7"}],"replies":[{"embeddable":true,"href":"https:\/\/atecordoba.org\/index.php?rest_route=%2Fwp%2Fv2%2Fcomments&post=45319"}],"version-history":[{"count":4,"href":"https:\/\/atecordoba.org\/index.php?rest_route=\/wp\/v2\/posts\/45319\/revisions"}],"predecessor-version":[{"id":45338,"href":"https:\/\/atecordoba.org\/index.php?rest_route=\/wp\/v2\/posts\/45319\/revisions\/45338"}],"wp:featuredmedia":[{"embeddable":true,"href":"https:\/\/atecordoba.org\/index.php?rest_route=\/wp\/v2\/media\/45326"}],"wp:attachment":[{"href":"https:\/\/atecordoba.org\/index.php?rest_route=%2Fwp%2Fv2%2Fmedia&parent=45319"}],"wp:term":[{"taxonomy":"category","embeddable":true,"href":"https:\/\/atecordoba.org\/index.php?rest_route=%2Fwp%2Fv2%2Fcategories&post=45319"},{"taxonomy":"post_tag","embeddable":true,"href":"https:\/\/atecordoba.org\/index.php?rest_route=%2Fwp%2Fv2%2Ftags&post=45319"}],"curies":[{"name":"wp","href":"https:\/\/api.w.org\/{rel}","templated":true}]}}