{"id":45313,"date":"2024-08-26T09:56:01","date_gmt":"2024-08-26T12:56:01","guid":{"rendered":"https:\/\/atecordoba.org\/?p=45313"},"modified":"2024-08-26T09:56:01","modified_gmt":"2024-08-26T12:56:01","slug":"ate-exige-paritarias-urgentes-y-acusa-al-gobierno-de-dilatar-las-negociaciones-destruyendo-el-27-del-poder-adquisitivo-de-los-estatales","status":"publish","type":"post","link":"https:\/\/atecordoba.org\/?p=45313","title":{"rendered":"ATE exige paritarias urgentes y acusa al Gobierno de dilatar las negociaciones destruyendo el 27% del poder adquisitivo de los estatales"},"content":{"rendered":"<p><em>\u201cLos estatales somos el sector laboral registrado m\u00e1s castigado en estos \u00faltimos 8 meses. El \u00fanico techo en la Argentina en este momento es para las paritarias y las jubilaciones\u201d, sentenci\u00f3 el secretario General de ATE nacional, Rodolfo Aguiar.<\/em><\/p>\n<p><img loading=\"lazy\" decoding=\"async\" class=\"aligncenter wp-image-45315 \" src=\"https:\/\/atecordoba.org\/wp-content\/uploads\/2024\/08\/aguiarmicrofonos.jpg\" alt=\"\" width=\"601\" height=\"469\" \/><\/p>\n<p>La Asociaci\u00f3n Trabajadores del Estado (ATE) exigi\u00f3 el urgente llamado a paritarias en la administraci\u00f3n p\u00fablica nacional y rechaz\u00f3 la decisi\u00f3n del Ministerio de Econom\u00eda de ponerle un techo del 2% a los entendimientos a partir de octubre.<\/p>\n<p>\u201cLas negociaciones salariales deben retomarse de manera inmediata y el Gobierno debe garantizar paritarias sin techo. Rechazamos el intento autoritario del Ministerio de Econom\u00eda de imponer un tope del 2%, negando la homologaci\u00f3n de acuerdos que superen ese porcentaje. El \u00fanico techo en la Argentina en este momento es para las paritarias y las jubilaciones\u201d, apunt\u00f3 Rodolfo Aguiar, Secretario General de ATE Nacional.<\/p>\n<p>En este marco, detall\u00f3 la notable p\u00e9rdida del poder de compra de los estatales en lo que va del a\u00f1o: \u201cEl recorte salarial aplicado al sector p\u00fablico desde el mes de diciembre nos hizo perder hasta ahora un 27% de nuestro poder adquisitivo. Los estatales somos el sector laboral registrado m\u00e1s castigado en estos \u00faltimos 8 meses\u201d.<\/p>\n<p>Seg\u00fan el \u00faltimo relevamiento realizado por la junta interna de ATE en INDEC, el cual utiliza la misma base de medici\u00f3n que el propio organismo, detall\u00f3 que una familia necesita $1.412.647 por mes para no ser pobre.<\/p>\n<p>\u201cOtorgar incrementos por debajo de la inflaci\u00f3n se ha convertido en una pr\u00e1ctica sistem\u00e1tica de la gesti\u00f3n que encabeza el presidente Milei. Nuestros ingresos se encuentran completamente licuados. Adem\u00e1s de un ofrecimiento porcentual que garantice la recuperaci\u00f3n real de los salarios, se debe incorporar una suma fija que permita la inmediata mejora de los ingresos m\u00e1s bajos\u201d, agreg\u00f3 el Secretario General de ATE.<\/p>\n<p>\u201cEn los pr\u00f3ximos d\u00edas vamos a convocar a todas las provincias y en ese \u00e1mbito definiremos qu\u00e9 medidas de acci\u00f3n directa se llevar\u00e1n adelante. La completa destrucci\u00f3n de los salarios y el ajuste sobre los presupuestos de todas las \u00e1reas deterioran las prestaciones que brinda el Estado a lo largo y ancho del pa\u00eds\u201d, concluy\u00f3\u00a0Rodolfo\u00a0Aguiar.<\/p>\n","protected":false},"excerpt":{"rendered":"<p>\u201cLos estatales somos el sector laboral registrado m\u00e1s castigado en estos \u00faltimos 8 meses. El \u00fanico techo en la Argentina en este momento es para las paritarias y las jubilaciones\u201d, sentenci\u00f3 el secretario General de ATE nacional, Rodolfo Aguiar. La Asociaci\u00f3n Trabajadores del Estado (ATE) exigi\u00f3 el urgente llamado a paritarias en la administraci\u00f3n p\u00fablica [&hellip;]<\/p>\n","protected":false},"author":7,"featured_media":45315,"comment_status":"open","ping_status":"open","sticky":false,"template":"","format":"standard","meta":{"_exactmetrics_skip_tracking":false,"_exactmetrics_sitenote_active":false,"_exactmetrics_sitenote_note":"","_exactmetrics_sitenote_category":0,"jnews-multi-image_gallery":[],"jnews_single_post":{"format":"standard","override":[{"template":"1","parallax":"1","fullscreen":"1","layout":"no-sidebar-narrow","sidebar":"default-sidebar","second_sidebar":"default-sidebar","sticky_sidebar":"1","share_position":"bottom","share_float_style":"share-monocrhome","show_share_counter":"1","show_view_counter":"1","show_post_meta":"1","show_post_author_image":"1","show_post_date":"1","post_date_format":"default","post_date_format_custom":"Y\/m\/d","show_post_category":"1","show_post_reading_time":"0","post_reading_time_wpm":"300","post_calculate_word_method":"str_word_count","show_zoom_button":"0","zoom_button_out_step":"2","zoom_button_in_step":"3","show_post_tag":"1","number_popup_post":"1","show_post_related":"1","show_inline_post_related":"0"}],"image_override":[{"single_post_thumbnail_size":"crop-500","single_post_gallery_size":"crop-500"}],"trending_post_position":"meta","trending_post_label":"Trending","sponsored_post_label":"Sponsored by","disable_ad":"0"},"jnews_primary_category":[],"jnews_social_meta":[],"jnews_review":[],"enable_review":"","type":"percentage","name":"","summary":"","brand":"","sku":"","good":[],"bad":[],"score_override":"","override_value":"","rating":[],"price":[],"jnews_override_counter":{"view_counter_number":"0","share_counter_number":"0","like_counter_number":"0","dislike_counter_number":"0"},"jnews_post_split":{"post_split":[{"template":"1","tag":"h2","numbering":"asc","mode":"normal","first":"0","enable_toc":"0","toc_type":"normal"}]},"footnotes":""},"categories":[756],"tags":[417,26,383,414],"class_list":["post-45313","post","type-post","status-publish","format-standard","has-post-thumbnail","hentry","category-consejo-directivo-nacional-cdn","tag-ajuste","tag-ate","tag-paritarias","tag-salarios-dignos"],"jetpack_featured_media_url":"https:\/\/atecordoba.org\/wp-content\/uploads\/2024\/08\/aguiarmicrofonos-e1724676951157.jpg","_links":{"self":[{"href":"https:\/\/atecordoba.org\/index.php?rest_route=\/wp\/v2\/posts\/45313","targetHints":{"allow":["GET"]}}],"collection":[{"href":"https:\/\/atecordoba.org\/index.php?rest_route=\/wp\/v2\/posts"}],"about":[{"href":"https:\/\/atecordoba.org\/index.php?rest_route=\/wp\/v2\/types\/post"}],"author":[{"embeddable":true,"href":"https:\/\/atecordoba.org\/index.php?rest_route=\/wp\/v2\/users\/7"}],"replies":[{"embeddable":true,"href":"https:\/\/atecordoba.org\/index.php?rest_route=%2Fwp%2Fv2%2Fcomments&post=45313"}],"version-history":[{"count":1,"href":"https:\/\/atecordoba.org\/index.php?rest_route=\/wp\/v2\/posts\/45313\/revisions"}],"predecessor-version":[{"id":45316,"href":"https:\/\/atecordoba.org\/index.php?rest_route=\/wp\/v2\/posts\/45313\/revisions\/45316"}],"wp:featuredmedia":[{"embeddable":true,"href":"https:\/\/atecordoba.org\/index.php?rest_route=\/wp\/v2\/media\/45315"}],"wp:attachment":[{"href":"https:\/\/atecordoba.org\/index.php?rest_route=%2Fwp%2Fv2%2Fmedia&parent=45313"}],"wp:term":[{"taxonomy":"category","embeddable":true,"href":"https:\/\/atecordoba.org\/index.php?rest_route=%2Fwp%2Fv2%2Fcategories&post=45313"},{"taxonomy":"post_tag","embeddable":true,"href":"https:\/\/atecordoba.org\/index.php?rest_route=%2Fwp%2Fv2%2Ftags&post=45313"}],"curies":[{"name":"wp","href":"https:\/\/api.w.org\/{rel}","templated":true}]}}