{"id":45309,"date":"2024-08-26T09:45:48","date_gmt":"2024-08-26T12:45:48","guid":{"rendered":"https:\/\/atecordoba.org\/?p=45309"},"modified":"2024-08-26T09:52:44","modified_gmt":"2024-08-26T12:52:44","slug":"criminalizacion-de-la-protesta-solidaridad-con-ate-mendoza-y-sus-maximos-dirigentes-basta-de-persecucion-judicial","status":"publish","type":"post","link":"https:\/\/atecordoba.org\/?p=45309","title":{"rendered":"Criminalizaci\u00f3n de la protesta: Solidaridad con ATE Mendoza y sus m\u00e1ximos dirigentes. Basta de persecuci\u00f3n judicial"},"content":{"rendered":"<p><em>El Consejo Directivo Provincial (CDP) de ATE C\u00f3rdoba expresa toda su solidaridad y apoyo a las y los compa\u00f1eros de ATE Mendoza, a su secretario General, Roberto Macho, y la secretaria General Adjunta, Adriana Iranzo, <a href=\"https:\/\/www.atemendoza.org.ar\/el-gobierno-nos-lleva-a-la-justicia-no-vamos-a-arrodillarnos-frente-a-nadie\/\">hostigados y perseguidos por el Poder Judicial provincial<\/a> con causas penales por ejercer el leg\u00edtimo y legal derecho a la protesta.<\/em><\/p>\n<p><img loading=\"lazy\" decoding=\"async\" class=\"aligncenter wp-image-45310 \" src=\"https:\/\/atecordoba.org\/wp-content\/uploads\/2024\/08\/atemendoza_macho_irunza.jpg\" alt=\"\" width=\"601\" height=\"337\" \/><\/p>\n<p>Se trata de un Poder Judicial lacayo del poder pol\u00edtico provincial, a su vez fuertemente aliado del gobierno nacional de Javier Milei.<\/p>\n<p>No llama la atenci\u00f3n se les aplique a los dirigentes la figura del art\u00edculo 194 del C\u00f3digo Penal, que castiga el corte del tr\u00e1nsito, en estos hechos aplicada por encabezar una protesta.\u00a0 Es la misma figura legal aplicada en el caso de la judicializaci\u00f3n de nuestro secretario General, Federico Giuliani, y da cuenta que ese trata de una estrategia nacional para reprimir la protesta social, pilar b\u00e1sico de una convivencia democr\u00e1tica, reconocida por la Constituci\u00f3n Nacional, los tratados internacionales que la Argentina ha suscripto con rango constitucional y toda la jurisprudencia de la Corte Suprema de Justicia de la Naci\u00f3n.<\/p>\n<p>En ese marco, y frente a la abierta ilegalidad del acoso judicial contra los dirigentes de ATE, el CDP C\u00f3rdoba exhorta al Poder Judicial mendocino que abandone su postura sumisa con los gobiernos y abandone el hostigamiento a nuestros dirigentes provinciales porque no lograr\u00e1n impedir que ATE siga ejerciendo la representaci\u00f3n sindical y los derechos de las y los estatales.<\/p>\n","protected":false},"excerpt":{"rendered":"<p>El Consejo Directivo Provincial (CDP) de ATE C\u00f3rdoba expresa toda su solidaridad y apoyo a las y los compa\u00f1eros de ATE Mendoza, a su secretario General, Roberto Macho, y la secretaria General Adjunta, Adriana Iranzo, hostigados y perseguidos por el Poder Judicial provincial con causas penales por ejercer el leg\u00edtimo y legal derecho a la [&hellip;]<\/p>\n","protected":false},"author":7,"featured_media":45310,"comment_status":"open","ping_status":"open","sticky":false,"template":"","format":"standard","meta":{"_exactmetrics_skip_tracking":false,"_exactmetrics_sitenote_active":false,"_exactmetrics_sitenote_note":"","_exactmetrics_sitenote_category":0,"jnews-multi-image_gallery":[],"jnews_single_post":{"format":"standard","override":[{"template":"1","parallax":"1","fullscreen":"1","layout":"no-sidebar-narrow","sidebar":"default-sidebar","second_sidebar":"default-sidebar","sticky_sidebar":"1","share_position":"bottom","share_float_style":"share-monocrhome","show_share_counter":"1","show_view_counter":"1","show_post_meta":"1","show_post_author_image":"1","show_post_date":"1","post_date_format":"default","post_date_format_custom":"Y\/m\/d","show_post_category":"1","show_post_reading_time":"0","post_reading_time_wpm":"300","post_calculate_word_method":"str_word_count","show_zoom_button":"0","zoom_button_out_step":"2","zoom_button_in_step":"3","show_post_tag":"1","number_popup_post":"1","show_post_related":"1","show_inline_post_related":"0"}],"image_override":[{"single_post_thumbnail_size":"crop-500","single_post_gallery_size":"crop-500"}],"trending_post_position":"meta","trending_post_label":"Trending","sponsored_post_label":"Sponsored by","disable_ad":"0"},"jnews_primary_category":[],"jnews_social_meta":[],"jnews_review":[],"enable_review":"","type":"percentage","name":"","summary":"","brand":"","sku":"","good":[],"bad":[],"score_override":"","override_value":"","rating":[],"price":[],"jnews_override_counter":{"view_counter_number":"0","share_counter_number":"0","like_counter_number":"0","dislike_counter_number":"0"},"jnews_post_split":{"post_split":[{"template":"1","tag":"h2","numbering":"asc","mode":"normal","first":"0","enable_toc":"0","toc_type":"normal"}]},"footnotes":""},"categories":[341],"tags":[1344,395,1378,1320,1307],"class_list":["post-45309","post","type-post","status-publish","format-standard","has-post-thumbnail","hentry","category-cdp","tag-acoso-judicial","tag-ate-cordoba","tag-ate-mendoza","tag-criminalizacion-de-la-protesta","tag-estatales"],"jetpack_featured_media_url":"https:\/\/atecordoba.org\/wp-content\/uploads\/2024\/08\/atemendoza_macho_irunza-e1724676308695.jpg","_links":{"self":[{"href":"https:\/\/atecordoba.org\/index.php?rest_route=\/wp\/v2\/posts\/45309","targetHints":{"allow":["GET"]}}],"collection":[{"href":"https:\/\/atecordoba.org\/index.php?rest_route=\/wp\/v2\/posts"}],"about":[{"href":"https:\/\/atecordoba.org\/index.php?rest_route=\/wp\/v2\/types\/post"}],"author":[{"embeddable":true,"href":"https:\/\/atecordoba.org\/index.php?rest_route=\/wp\/v2\/users\/7"}],"replies":[{"embeddable":true,"href":"https:\/\/atecordoba.org\/index.php?rest_route=%2Fwp%2Fv2%2Fcomments&post=45309"}],"version-history":[{"count":2,"href":"https:\/\/atecordoba.org\/index.php?rest_route=\/wp\/v2\/posts\/45309\/revisions"}],"predecessor-version":[{"id":45314,"href":"https:\/\/atecordoba.org\/index.php?rest_route=\/wp\/v2\/posts\/45309\/revisions\/45314"}],"wp:featuredmedia":[{"embeddable":true,"href":"https:\/\/atecordoba.org\/index.php?rest_route=\/wp\/v2\/media\/45310"}],"wp:attachment":[{"href":"https:\/\/atecordoba.org\/index.php?rest_route=%2Fwp%2Fv2%2Fmedia&parent=45309"}],"wp:term":[{"taxonomy":"category","embeddable":true,"href":"https:\/\/atecordoba.org\/index.php?rest_route=%2Fwp%2Fv2%2Fcategories&post=45309"},{"taxonomy":"post_tag","embeddable":true,"href":"https:\/\/atecordoba.org\/index.php?rest_route=%2Fwp%2Fv2%2Ftags&post=45309"}],"curies":[{"name":"wp","href":"https:\/\/api.w.org\/{rel}","templated":true}]}}