{"id":45283,"date":"2024-08-23T13:48:58","date_gmt":"2024-08-23T16:48:58","guid":{"rendered":"https:\/\/atecordoba.org\/?p=45283"},"modified":"2024-08-24T11:18:40","modified_gmt":"2024-08-24T14:18:40","slug":"plenario-de-provinciales-definio-realizar-una-jornada-de-lucha-frente-a-la-apross-en-repudio-al-aumento-de-los-aportes","status":"publish","type":"post","link":"https:\/\/atecordoba.org\/?p=45283","title":{"rendered":"Plenario de provinciales defini\u00f3 realizar una jornada de lucha frente a la APROSS en repudio al aumento de los aportes"},"content":{"rendered":"<p><em>La medida de fuerza se llevar\u00e1 a cabo el 18 de septiembre. Encuentro organizativo previo definir\u00e1 aspectos operativos. Fuerte presencia de hospitales provinciales.\u00a0<\/em><\/p>\n<p>&nbsp;<\/p>\n<p><img loading=\"lazy\" decoding=\"async\" class=\"aligncenter wp-image-45285 \" src=\"https:\/\/atecordoba.org\/wp-content\/uploads\/2024\/08\/IMG-20240823-WA0266-scaled.jpg\" alt=\"\" width=\"603\" height=\"453\" \/><\/p>\n<p>En la sede del Consejo Directivo Provincial (CDP) hoy por la ma\u00f1ana se realiz\u00f3 un Plenario de Delegadas y Delegados provinciales de ATE, con fuerte presencia del sector salud.<\/p>\n<p>Hubo representantes de los hospitales Neonatal, Maternidad Provincial, C\u00f3rdoba, Rawson, De Ni\u00f1os, San Roque Viejo, Misericordia y Santa Mar\u00eda de Punilla. Tambi\u00e9n participaron sectores de la Administraci\u00f3n como el \u00e1rea de Educaci\u00f3n Central y SeNAF.<\/p>\n<p><img loading=\"lazy\" decoding=\"async\" class=\"aligncenter wp-image-45284 \" src=\"https:\/\/atecordoba.org\/wp-content\/uploads\/2024\/08\/IMG-20240823-WA0246-scaled.jpg\" alt=\"\" width=\"599\" height=\"449\" srcset=\"https:\/\/atecordoba.org\/wp-content\/uploads\/2024\/08\/IMG-20240823-WA0246-scaled.jpg 2560w, https:\/\/atecordoba.org\/wp-content\/uploads\/2024\/08\/IMG-20240823-WA0246-300x225.jpg 300w, https:\/\/atecordoba.org\/wp-content\/uploads\/2024\/08\/IMG-20240823-WA0246-1024x768.jpg 1024w, https:\/\/atecordoba.org\/wp-content\/uploads\/2024\/08\/IMG-20240823-WA0246-768x576.jpg 768w, https:\/\/atecordoba.org\/wp-content\/uploads\/2024\/08\/IMG-20240823-WA0246-1536x1152.jpg 1536w, https:\/\/atecordoba.org\/wp-content\/uploads\/2024\/08\/IMG-20240823-WA0246-2048x1536.jpg 2048w, https:\/\/atecordoba.org\/wp-content\/uploads\/2024\/08\/IMG-20240823-WA0246-750x563.jpg 750w, https:\/\/atecordoba.org\/wp-content\/uploads\/2024\/08\/IMG-20240823-WA0246-1140x855.jpg 1140w\" sizes=\"auto, (max-width: 599px) 100vw, 599px\" \/><\/p>\n<p>El Plenario resolvi\u00f3 llevar a las puertas de la APROSS el repudio por los aumentos de los aportes, en una Jornada de Lucha que se llevar\u00e1 a cabo el 18 de septiembre.<\/p>\n<p>&#8220;A su vez, y previo a esto, nos comprometimos a realizar una juntada de firmas para presentar ese d\u00eda junto con un petitorio que se le entregar\u00e1 a las autoridades del organismo, para mostrar el posicionamiento de ATE respecto al tema&#8221;, explic\u00f3 Irina Silberman, integrante del CDP y trabajadora de la SeNAF.<\/p>\n<p><img loading=\"lazy\" decoding=\"async\" class=\"aligncenter wp-image-45286 \" src=\"https:\/\/atecordoba.org\/wp-content\/uploads\/2024\/08\/IMG-20240823-WA0249-scaled.jpg\" alt=\"\" width=\"599\" height=\"450\" srcset=\"https:\/\/atecordoba.org\/wp-content\/uploads\/2024\/08\/IMG-20240823-WA0249-scaled.jpg 2560w, https:\/\/atecordoba.org\/wp-content\/uploads\/2024\/08\/IMG-20240823-WA0249-300x225.jpg 300w, https:\/\/atecordoba.org\/wp-content\/uploads\/2024\/08\/IMG-20240823-WA0249-1024x769.jpg 1024w, https:\/\/atecordoba.org\/wp-content\/uploads\/2024\/08\/IMG-20240823-WA0249-768x577.jpg 768w, https:\/\/atecordoba.org\/wp-content\/uploads\/2024\/08\/IMG-20240823-WA0249-1536x1153.jpg 1536w, https:\/\/atecordoba.org\/wp-content\/uploads\/2024\/08\/IMG-20240823-WA0249-2048x1537.jpg 2048w, https:\/\/atecordoba.org\/wp-content\/uploads\/2024\/08\/IMG-20240823-WA0249-750x563.jpg 750w, https:\/\/atecordoba.org\/wp-content\/uploads\/2024\/08\/IMG-20240823-WA0249-1140x856.jpg 1140w\" sizes=\"auto, (max-width: 599px) 100vw, 599px\" \/><\/p>\n<p>El abordaje de la situaci\u00f3n de la APROSS cont\u00f3 con el aporte y asesor\u00eda del abogado de ATE Eugenio Biafore, ex trabajador del organismo, con una charla formativa que permite pensar las formas de organizaci\u00f3n necesaria para hacer frente al ajuste.<\/p>\n<p><img loading=\"lazy\" decoding=\"async\" class=\"aligncenter wp-image-45288 \" src=\"https:\/\/atecordoba.org\/wp-content\/uploads\/2024\/08\/IMG-20240823-WA0267-scaled.jpg\" alt=\"\" width=\"602\" height=\"452\" srcset=\"https:\/\/atecordoba.org\/wp-content\/uploads\/2024\/08\/IMG-20240823-WA0267-scaled.jpg 2560w, https:\/\/atecordoba.org\/wp-content\/uploads\/2024\/08\/IMG-20240823-WA0267-300x225.jpg 300w, https:\/\/atecordoba.org\/wp-content\/uploads\/2024\/08\/IMG-20240823-WA0267-1024x769.jpg 1024w, https:\/\/atecordoba.org\/wp-content\/uploads\/2024\/08\/IMG-20240823-WA0267-768x577.jpg 768w, https:\/\/atecordoba.org\/wp-content\/uploads\/2024\/08\/IMG-20240823-WA0267-1536x1153.jpg 1536w, https:\/\/atecordoba.org\/wp-content\/uploads\/2024\/08\/IMG-20240823-WA0267-2048x1537.jpg 2048w, https:\/\/atecordoba.org\/wp-content\/uploads\/2024\/08\/IMG-20240823-WA0267-750x563.jpg 750w, https:\/\/atecordoba.org\/wp-content\/uploads\/2024\/08\/IMG-20240823-WA0267-1140x856.jpg 1140w\" sizes=\"auto, (max-width: 602px) 100vw, 602px\" \/><\/p>\n<p>Previo a la Jornada de Lucha, el 16 de septiembre los cuerpo de delegados provinciales realizar\u00e1n un encuentro para definir aspectos operativos de la medida de fuerza, a las 10 horas.<\/p>\n<p>El Consejo directivo Provincial estuvo representado por la secretaria Adjunta Gabriela Alcoba, el gremial, Jorge Chalup, de Organizaci\u00f3n, Javier Bracamonte, de interior, Diego Ch\u00e1vez, e Irina Silberman.<\/p>\n<p><strong>Temario<\/strong><\/p>\n<p>Adem\u00e1s, el plenario defini\u00f3 realizar una campa\u00f1a de afiliaciones en los \u00e1mbitos del Estado provincial. En tanto, las y los delegados realizar\u00e1n asambleas en su sectores de trabajo para seguir creciendo, debatiendo y fortaleciendo la presencia de ATE en el sector p\u00fablico provincial.<\/p>\n<p>Y qued\u00f3 programado, con fecha a definir, una jornada de capacitaci\u00f3n sobre los problemas legales y el rol del delegado y la delegada.<\/p>\n<p>&nbsp;<\/p>\n","protected":false},"excerpt":{"rendered":"<p>La medida de fuerza se llevar\u00e1 a cabo el 18 de septiembre. Encuentro organizativo previo definir\u00e1 aspectos operativos. Fuerte presencia de hospitales provinciales.\u00a0 &nbsp; En la sede del Consejo Directivo Provincial (CDP) hoy por la ma\u00f1ana se realiz\u00f3 un Plenario de Delegadas y Delegados provinciales de ATE, con fuerte presencia del sector salud. Hubo representantes [&hellip;]<\/p>\n","protected":false},"author":7,"featured_media":45285,"comment_status":"open","ping_status":"open","sticky":false,"template":"","format":"standard","meta":{"_exactmetrics_skip_tracking":false,"_exactmetrics_sitenote_active":false,"_exactmetrics_sitenote_note":"","_exactmetrics_sitenote_category":0,"jnews-multi-image_gallery":[],"jnews_single_post":{"format":"standard","override":[{"template":"1","parallax":"1","fullscreen":"1","layout":"no-sidebar-narrow","sidebar":"default-sidebar","second_sidebar":"default-sidebar","sticky_sidebar":"1","share_position":"bottom","share_float_style":"share-monocrhome","show_share_counter":"1","show_view_counter":"1","show_post_meta":"1","show_post_author_image":"1","show_post_date":"1","post_date_format":"default","post_date_format_custom":"Y\/m\/d","show_post_category":"1","show_post_reading_time":"0","post_reading_time_wpm":"300","post_calculate_word_method":"str_word_count","show_zoom_button":"0","zoom_button_out_step":"2","zoom_button_in_step":"3","show_post_tag":"1","number_popup_post":"1","show_post_related":"1","show_inline_post_related":"0"}],"image_override":[{"single_post_thumbnail_size":"crop-500","single_post_gallery_size":"crop-500"}],"trending_post_position":"meta","trending_post_label":"Trending","sponsored_post_label":"Sponsored by","disable_ad":"0"},"jnews_primary_category":[],"jnews_social_meta":[],"jnews_review":[],"enable_review":"","type":"percentage","name":"","summary":"","brand":"","sku":"","good":[],"bad":[],"score_override":"","override_value":"","rating":[],"price":[],"jnews_override_counter":{"view_counter_number":"0","share_counter_number":"0","like_counter_number":"0","dislike_counter_number":"0"},"jnews_post_split":{"post_split":[{"template":"1","tag":"h2","numbering":"asc","mode":"normal","first":"0","enable_toc":"0","toc_type":"normal"}]},"footnotes":""},"categories":[8],"tags":[1377,26,1359,657,352],"class_list":["post-45283","post","type-post","status-publish","format-standard","has-post-thumbnail","hentry","category-provinciales","tag-apross","tag-ate","tag-empleados-provinciales","tag-hospitales-provinciales","tag-jornada-de-lucha"],"jetpack_featured_media_url":"https:\/\/atecordoba.org\/wp-content\/uploads\/2024\/08\/IMG-20240823-WA0266-scaled-e1724431732664.jpg","_links":{"self":[{"href":"https:\/\/atecordoba.org\/index.php?rest_route=\/wp\/v2\/posts\/45283","targetHints":{"allow":["GET"]}}],"collection":[{"href":"https:\/\/atecordoba.org\/index.php?rest_route=\/wp\/v2\/posts"}],"about":[{"href":"https:\/\/atecordoba.org\/index.php?rest_route=\/wp\/v2\/types\/post"}],"author":[{"embeddable":true,"href":"https:\/\/atecordoba.org\/index.php?rest_route=\/wp\/v2\/users\/7"}],"replies":[{"embeddable":true,"href":"https:\/\/atecordoba.org\/index.php?rest_route=%2Fwp%2Fv2%2Fcomments&post=45283"}],"version-history":[{"count":2,"href":"https:\/\/atecordoba.org\/index.php?rest_route=\/wp\/v2\/posts\/45283\/revisions"}],"predecessor-version":[{"id":45308,"href":"https:\/\/atecordoba.org\/index.php?rest_route=\/wp\/v2\/posts\/45283\/revisions\/45308"}],"wp:featuredmedia":[{"embeddable":true,"href":"https:\/\/atecordoba.org\/index.php?rest_route=\/wp\/v2\/media\/45285"}],"wp:attachment":[{"href":"https:\/\/atecordoba.org\/index.php?rest_route=%2Fwp%2Fv2%2Fmedia&parent=45283"}],"wp:term":[{"taxonomy":"category","embeddable":true,"href":"https:\/\/atecordoba.org\/index.php?rest_route=%2Fwp%2Fv2%2Fcategories&post=45283"},{"taxonomy":"post_tag","embeddable":true,"href":"https:\/\/atecordoba.org\/index.php?rest_route=%2Fwp%2Fv2%2Ftags&post=45283"}],"curies":[{"name":"wp","href":"https:\/\/api.w.org\/{rel}","templated":true}]}}