{"id":45276,"date":"2024-08-22T14:54:57","date_gmt":"2024-08-22T17:54:57","guid":{"rendered":"https:\/\/atecordoba.org\/?p=45276"},"modified":"2024-08-22T14:55:33","modified_gmt":"2024-08-22T17:55:33","slug":"plenario-de-delegadas-os-nacionales-de-ate-el-29-de-agosto","status":"publish","type":"post","link":"https:\/\/atecordoba.org\/?p=45276","title":{"rendered":"Plenario de Delegadas\/os Nacionales de ATE el 29 de agosto"},"content":{"rendered":"<p style=\"text-align: center\"><em>Frente al brutal ajuste de Milei, fortalecer la organizaci\u00f3n y planificar la lucha.\u00a0<\/em><\/p>\n<p><img loading=\"lazy\" decoding=\"async\" class=\"aligncenter wp-image-45277 \" src=\"https:\/\/atecordoba.org\/wp-content\/uploads\/2024\/08\/Imagen-de-WhatsApp-2024-06-11-a-las-14.21.29_ffa993bd.jpg\" alt=\"\" width=\"604\" height=\"340\" \/><\/p>\n<p>El Consejo Directivo Provincial convoca a las y los delegados de ATE en los organismos nacionales de C\u00f3rdoba a participar del Plenario General que se llevar\u00e1 a cabo en la sede de ATE C\u00f3rdoba, Entre R\u00edos 450, el pr\u00f3ximo jueves 29 de agosto, a las 10 horas.<\/p>\n<p>\u201cEs fundamental contar con la participaci\u00f3n de todas y todos para discutir y coordinar las acciones futuras de nuestro sindicato\u201d, reza la convocatoria de nuestra conducci\u00f3n provincial.<\/p>\n","protected":false},"excerpt":{"rendered":"<p>Frente al brutal ajuste de Milei, fortalecer la organizaci\u00f3n y planificar la lucha.\u00a0 El Consejo Directivo Provincial convoca a las y los delegados de ATE en los organismos nacionales de C\u00f3rdoba a participar del Plenario General que se llevar\u00e1 a cabo en la sede de ATE C\u00f3rdoba, Entre R\u00edos 450, el pr\u00f3ximo jueves 29 de [&hellip;]<\/p>\n","protected":false},"author":7,"featured_media":45277,"comment_status":"open","ping_status":"open","sticky":false,"template":"","format":"standard","meta":{"_exactmetrics_skip_tracking":false,"_exactmetrics_sitenote_active":false,"_exactmetrics_sitenote_note":"","_exactmetrics_sitenote_category":0,"jnews-multi-image_gallery":[],"jnews_single_post":{"format":"standard","override":[{"template":"1","parallax":"1","fullscreen":"1","layout":"no-sidebar-narrow","sidebar":"default-sidebar","second_sidebar":"default-sidebar","sticky_sidebar":"1","share_position":"bottom","share_float_style":"share-monocrhome","show_share_counter":"1","show_view_counter":"1","show_post_meta":"1","show_post_author_image":"1","show_post_date":"1","post_date_format":"default","post_date_format_custom":"Y\/m\/d","show_post_category":"1","show_post_reading_time":"0","post_reading_time_wpm":"300","post_calculate_word_method":"str_word_count","show_zoom_button":"0","zoom_button_out_step":"2","zoom_button_in_step":"3","show_post_tag":"1","number_popup_post":"1","show_post_related":"1","show_inline_post_related":"0"}],"image_override":[{"single_post_thumbnail_size":"crop-500","single_post_gallery_size":"crop-500"}],"trending_post_position":"meta","trending_post_label":"Trending","sponsored_post_label":"Sponsored by","disable_ad":"0"},"jnews_primary_category":[],"jnews_social_meta":[],"jnews_review":[],"enable_review":"","type":"percentage","name":"","summary":"","brand":"","sku":"","good":[],"bad":[],"score_override":"","override_value":"","rating":[],"price":[],"jnews_override_counter":{"view_counter_number":"0","share_counter_number":"0","like_counter_number":"0","dislike_counter_number":"0"},"jnews_post_split":{"post_split":[{"template":"1","tag":"h2","numbering":"asc","mode":"normal","first":"0","enable_toc":"0","toc_type":"normal"}]},"footnotes":""},"categories":[18],"tags":[1307,1376,39,1275],"class_list":["post-45276","post","type-post","status-publish","format-standard","has-post-thumbnail","hentry","category-nacionales","tag-estatales","tag-estatales-nacionales","tag-plenario","tag-plenario-organismos-estado-nacional"],"jetpack_featured_media_url":"https:\/\/atecordoba.org\/wp-content\/uploads\/2024\/08\/Imagen-de-WhatsApp-2024-06-11-a-las-14.21.29_ffa993bd-e1724349292794.jpg","_links":{"self":[{"href":"https:\/\/atecordoba.org\/index.php?rest_route=\/wp\/v2\/posts\/45276","targetHints":{"allow":["GET"]}}],"collection":[{"href":"https:\/\/atecordoba.org\/index.php?rest_route=\/wp\/v2\/posts"}],"about":[{"href":"https:\/\/atecordoba.org\/index.php?rest_route=\/wp\/v2\/types\/post"}],"author":[{"embeddable":true,"href":"https:\/\/atecordoba.org\/index.php?rest_route=\/wp\/v2\/users\/7"}],"replies":[{"embeddable":true,"href":"https:\/\/atecordoba.org\/index.php?rest_route=%2Fwp%2Fv2%2Fcomments&post=45276"}],"version-history":[{"count":2,"href":"https:\/\/atecordoba.org\/index.php?rest_route=\/wp\/v2\/posts\/45276\/revisions"}],"predecessor-version":[{"id":45280,"href":"https:\/\/atecordoba.org\/index.php?rest_route=\/wp\/v2\/posts\/45276\/revisions\/45280"}],"wp:featuredmedia":[{"embeddable":true,"href":"https:\/\/atecordoba.org\/index.php?rest_route=\/wp\/v2\/media\/45277"}],"wp:attachment":[{"href":"https:\/\/atecordoba.org\/index.php?rest_route=%2Fwp%2Fv2%2Fmedia&parent=45276"}],"wp:term":[{"taxonomy":"category","embeddable":true,"href":"https:\/\/atecordoba.org\/index.php?rest_route=%2Fwp%2Fv2%2Fcategories&post=45276"},{"taxonomy":"post_tag","embeddable":true,"href":"https:\/\/atecordoba.org\/index.php?rest_route=%2Fwp%2Fv2%2Ftags&post=45276"}],"curies":[{"name":"wp","href":"https:\/\/api.w.org\/{rel}","templated":true}]}}