{"id":45272,"date":"2024-08-22T14:41:08","date_gmt":"2024-08-22T17:41:08","guid":{"rendered":"https:\/\/atecordoba.org\/?p=45272"},"modified":"2024-08-22T14:41:08","modified_gmt":"2024-08-22T17:41:08","slug":"ate-se-reunio-con-el-colegio-profesional-de-trabajadores-sociales","status":"publish","type":"post","link":"https:\/\/atecordoba.org\/?p=45272","title":{"rendered":"ATE se reuni\u00f3 con el colegio profesional de trabajadores sociales"},"content":{"rendered":"<p><em>Nuestro gremio mantiene y ampl\u00eda la red de v\u00ednculos institucionales que permiten dar una mejor respuesta a nuestros afiliados\/as, muchas de las cuales son trabajadoras sociales.\u00a0<\/em><\/p>\n<p><img loading=\"lazy\" decoding=\"async\" class=\"aligncenter wp-image-45273 \" src=\"https:\/\/atecordoba.org\/wp-content\/uploads\/2024\/08\/trabajadores-sociales.jpg\" alt=\"\" width=\"598\" height=\"449\" \/><\/p>\n<p>La conducci\u00f3n provincial de ATE mantuvo hoy una reuni\u00f3n de car\u00e1cter institucional con el Colegio de Profesionales de Servicio Social de la Provincia de C\u00f3rdoba donde se trat\u00f3 la agenda en com\u00fan que tiene nuestra organizaci\u00f3n con esta destacada instituci\u00f3n, que agrupa a profesionales dedicados al abordaje de la realidad de los sectores m\u00e1s vulnerables de la sociedad cordobesa.<\/p>\n<p>El encuentro estuvo encabezado por nuestro secretario General, Federico Giuliani, junto al secretario Gremial, Jorge Chalup, y su par de G\u00e9nero, Mar\u00eda Spaventa.<\/p>\n<p>En tanto, por el Colegio Profesional participaron su presidenta, Celeste Bertona, y la coordinadora de la comisi\u00f3n de condiciones laborales, Lucrecia Meossi Luj\u00e1n.<\/p>\n<p>No escapa al tratamiento de la agenda la grav\u00edsima condici\u00f3n que sufren muchas y muchos trabajadores sociales que cumplen funciones como trabajadores estatales en la Provincia, v\u00edctimas de penosas condiciones de trabajo y de salarios por debajo de la l\u00ednea de la pobreza.<\/p>\n<p>&nbsp;<\/p>\n","protected":false},"excerpt":{"rendered":"<p>Nuestro gremio mantiene y ampl\u00eda la red de v\u00ednculos institucionales que permiten dar una mejor respuesta a nuestros afiliados\/as, muchas de las cuales son trabajadoras sociales.\u00a0 La conducci\u00f3n provincial de ATE mantuvo hoy una reuni\u00f3n de car\u00e1cter institucional con el Colegio de Profesionales de Servicio Social de la Provincia de C\u00f3rdoba donde se trat\u00f3 la [&hellip;]<\/p>\n","protected":false},"author":7,"featured_media":45273,"comment_status":"open","ping_status":"open","sticky":false,"template":"","format":"standard","meta":{"_exactmetrics_skip_tracking":false,"_exactmetrics_sitenote_active":false,"_exactmetrics_sitenote_note":"","_exactmetrics_sitenote_category":0,"jnews-multi-image_gallery":[],"jnews_single_post":{"format":"standard","override":[{"template":"1","parallax":"1","fullscreen":"1","layout":"no-sidebar-narrow","sidebar":"default-sidebar","second_sidebar":"default-sidebar","sticky_sidebar":"1","share_position":"bottom","share_float_style":"share-monocrhome","show_share_counter":"1","show_view_counter":"1","show_post_meta":"1","show_post_author_image":"1","show_post_date":"1","post_date_format":"default","post_date_format_custom":"Y\/m\/d","show_post_category":"1","show_post_reading_time":"0","post_reading_time_wpm":"300","post_calculate_word_method":"str_word_count","show_zoom_button":"0","zoom_button_out_step":"2","zoom_button_in_step":"3","show_post_tag":"1","number_popup_post":"1","show_post_related":"1","show_inline_post_related":"0"}],"image_override":[{"single_post_thumbnail_size":"crop-500","single_post_gallery_size":"crop-500"}],"trending_post_position":"meta","trending_post_label":"Trending","sponsored_post_label":"Sponsored by","disable_ad":"0"},"jnews_primary_category":[],"jnews_social_meta":[],"jnews_review":[],"enable_review":"","type":"percentage","name":"","summary":"","brand":"","sku":"","good":[],"bad":[],"score_override":"","override_value":"","rating":[],"price":[],"jnews_override_counter":{"view_counter_number":"0","share_counter_number":"0","like_counter_number":"0","dislike_counter_number":"0"},"jnews_post_split":{"post_split":[{"template":"1","tag":"h2","numbering":"asc","mode":"normal","first":"0","enable_toc":"0","toc_type":"normal"}]},"footnotes":""},"categories":[341],"tags":[395,1160,1375],"class_list":["post-45272","post","type-post","status-publish","format-standard","has-post-thumbnail","hentry","category-cdp","tag-ate-cordoba","tag-cordoba-2","tag-trabajadores-sociales"],"jetpack_featured_media_url":"https:\/\/atecordoba.org\/wp-content\/uploads\/2024\/08\/trabajadores-sociales-e1724348440174.jpg","_links":{"self":[{"href":"https:\/\/atecordoba.org\/index.php?rest_route=\/wp\/v2\/posts\/45272","targetHints":{"allow":["GET"]}}],"collection":[{"href":"https:\/\/atecordoba.org\/index.php?rest_route=\/wp\/v2\/posts"}],"about":[{"href":"https:\/\/atecordoba.org\/index.php?rest_route=\/wp\/v2\/types\/post"}],"author":[{"embeddable":true,"href":"https:\/\/atecordoba.org\/index.php?rest_route=\/wp\/v2\/users\/7"}],"replies":[{"embeddable":true,"href":"https:\/\/atecordoba.org\/index.php?rest_route=%2Fwp%2Fv2%2Fcomments&post=45272"}],"version-history":[{"count":1,"href":"https:\/\/atecordoba.org\/index.php?rest_route=\/wp\/v2\/posts\/45272\/revisions"}],"predecessor-version":[{"id":45274,"href":"https:\/\/atecordoba.org\/index.php?rest_route=\/wp\/v2\/posts\/45272\/revisions\/45274"}],"wp:featuredmedia":[{"embeddable":true,"href":"https:\/\/atecordoba.org\/index.php?rest_route=\/wp\/v2\/media\/45273"}],"wp:attachment":[{"href":"https:\/\/atecordoba.org\/index.php?rest_route=%2Fwp%2Fv2%2Fmedia&parent=45272"}],"wp:term":[{"taxonomy":"category","embeddable":true,"href":"https:\/\/atecordoba.org\/index.php?rest_route=%2Fwp%2Fv2%2Fcategories&post=45272"},{"taxonomy":"post_tag","embeddable":true,"href":"https:\/\/atecordoba.org\/index.php?rest_route=%2Fwp%2Fv2%2Ftags&post=45272"}],"curies":[{"name":"wp","href":"https:\/\/api.w.org\/{rel}","templated":true}]}}