{"id":45267,"date":"2024-08-22T14:00:00","date_gmt":"2024-08-22T17:00:00","guid":{"rendered":"https:\/\/atecordoba.org\/?p=45267"},"modified":"2024-08-22T14:27:35","modified_gmt":"2024-08-22T17:27:35","slug":"criminalizacion-de-la-protesta-confederacion-intersindical-gallega-solidarizo-con-federico-giuliani-por-la-persecucion-judicial","status":"publish","type":"post","link":"https:\/\/atecordoba.org\/?p=45267","title":{"rendered":"Criminalizaci\u00f3n de la Protesta: La Confederaci\u00f3n Intersindical Gallega se solidariz\u00f3 con Federico Giuliani por la persecuci\u00f3n judicial"},"content":{"rendered":"<p><em>La Confederaci\u00f3n Intersindical Gallega (CIG) <a href=\"https:\/\/www.cig.gal\/nova\/a-cig-solidarizase-coa-asociacion-de-trabajadores-del-estado-de-cordoba.html\">expres\u00f3 hoy todo su apoyo y solidaridad<\/a> con ATE C\u00f3rdoba y con nuestro secretario General, Federico Giuliani, ante &#8220;las \u00faltimas agresiones, persecuciones y acoso del que son v\u00edctimas los compa\u00f1eros de esta organizaci\u00f3n sindical, quienes est\u00e1n sufriendo las consecuencias de las pol\u00edticas fascistas del Gobierno de Milei y las medidas represivas que las acompa\u00f1an&#8221;.<\/em><\/p>\n<p><img loading=\"lazy\" decoding=\"async\" class=\"aligncenter wp-image-45268 \" src=\"https:\/\/atecordoba.org\/wp-content\/uploads\/2024\/08\/cig.png\" alt=\"\" width=\"597\" height=\"398\" \/><\/p>\n<p>Desde la central sindical nacionalista gallega, a trav\u00e9s de su jefe de Relaciones Internacionales Xos\u00e9 Lois Rivera, condenaron las recientes violaciones, represi\u00f3n, acusaciones penales y acoso judicial a los que est\u00e1n siendo sometidos diferentes integrantes de ATE de C\u00f3rdoba, de manera especial, su secretario general. &#8220;Perseguido por la justicia provincial e imputado en cuatro causas penales por acciones sindicales totalmente legales&#8221;.<\/p>\n<p>Para la CIG se trata de una pol\u00edtica de intimidaci\u00f3n y amenazas que &#8220;no tiene otro objetivo que imponer miedo y criminalizar las protestas leg\u00edtimas en defensa de los puestos de trabajo del personal p\u00fablico, el derecho a las prestaciones sociales y a una jubilaci\u00f3n digna y, en general, los derechos laborales y salarios de una clase trabajadora argentina que ve sus condiciones empeoradas y sus derechos robados con las pol\u00edticas neoliberales y de extrema derecha que est\u00e1 aplicando el Gobierno de Milei\/Macri&#8221;.<\/p>\n<p>La central sindical gallega,<a href=\"https:\/\/www.publico.es\/economia\/sindicalismo-modelo-combativo-llevado-cig-primer-sindicato-galicia.html\"> mayoritaria<\/a> en la representaci\u00f3n sindical en Galicia, alienta y apoya todas las movilizaciones sociales que se desarrollan en Argentina contra estas pol\u00edticas exigen la liberaci\u00f3n inmediata de las personas detenidas en la protestas y respeto a los derechos sindicales, laborales, c\u00edvicos y democr\u00e1ticos. Al mismo tiempo, ofrece a los compa\u00f1eros de la ATE C\u00f3rdoba toda su colaboraci\u00f3n, &#8220;y la voluntad de unirnos en la defensa de sus demandas en todas las instituciones y foros internacionales en los que participamos&#8221;, dijo Rivera.<\/p>\n","protected":false},"excerpt":{"rendered":"<p>La Confederaci\u00f3n Intersindical Gallega (CIG) expres\u00f3 hoy todo su apoyo y solidaridad con ATE C\u00f3rdoba y con nuestro secretario General, Federico Giuliani, ante &#8220;las \u00faltimas agresiones, persecuciones y acoso del que son v\u00edctimas los compa\u00f1eros de esta organizaci\u00f3n sindical, quienes est\u00e1n sufriendo las consecuencias de las pol\u00edticas fascistas del Gobierno de Milei y las medidas [&hellip;]<\/p>\n","protected":false},"author":7,"featured_media":45268,"comment_status":"open","ping_status":"open","sticky":false,"template":"","format":"standard","meta":{"_exactmetrics_skip_tracking":false,"_exactmetrics_sitenote_active":false,"_exactmetrics_sitenote_note":"","_exactmetrics_sitenote_category":0,"jnews-multi-image_gallery":[],"jnews_single_post":{"format":"standard","override":[{"template":"1","parallax":"1","fullscreen":"1","layout":"no-sidebar-narrow","sidebar":"default-sidebar","second_sidebar":"default-sidebar","sticky_sidebar":"1","share_position":"bottom","share_float_style":"share-monocrhome","show_share_counter":"1","show_view_counter":"1","show_post_meta":"1","show_post_author_image":"1","show_post_date":"1","post_date_format":"default","post_date_format_custom":"Y\/m\/d","show_post_category":"1","show_post_reading_time":"0","post_reading_time_wpm":"300","post_calculate_word_method":"str_word_count","show_zoom_button":"0","zoom_button_out_step":"2","zoom_button_in_step":"3","show_post_tag":"1","number_popup_post":"1","show_post_related":"1","show_inline_post_related":"0"}],"image_override":[{"single_post_thumbnail_size":"crop-500","single_post_gallery_size":"crop-500"}],"trending_post_position":"meta","trending_post_label":"Trending","sponsored_post_label":"Sponsored by","disable_ad":"0"},"jnews_primary_category":[],"jnews_social_meta":[],"jnews_review":[],"enable_review":"","type":"percentage","name":"","summary":"","brand":"","sku":"","good":[],"bad":[],"score_override":"","override_value":"","rating":[],"price":[],"jnews_override_counter":{"view_counter_number":"0","share_counter_number":"0","like_counter_number":"0","dislike_counter_number":"0"},"jnews_post_split":{"post_split":[{"template":"1","tag":"h2","numbering":"asc","mode":"normal","first":"0","enable_toc":"0","toc_type":"normal"}]},"footnotes":""},"categories":[108],"tags":[395,1320,759,1374],"class_list":["post-45267","post","type-post","status-publish","format-standard","has-post-thumbnail","hentry","category-internacional","tag-ate-cordoba","tag-criminalizacion-de-la-protesta","tag-federico-giuliani","tag-solidaridad-internacional"],"jetpack_featured_media_url":"https:\/\/atecordoba.org\/wp-content\/uploads\/2024\/08\/cig-e1724345988726.png","_links":{"self":[{"href":"https:\/\/atecordoba.org\/index.php?rest_route=\/wp\/v2\/posts\/45267","targetHints":{"allow":["GET"]}}],"collection":[{"href":"https:\/\/atecordoba.org\/index.php?rest_route=\/wp\/v2\/posts"}],"about":[{"href":"https:\/\/atecordoba.org\/index.php?rest_route=\/wp\/v2\/types\/post"}],"author":[{"embeddable":true,"href":"https:\/\/atecordoba.org\/index.php?rest_route=\/wp\/v2\/users\/7"}],"replies":[{"embeddable":true,"href":"https:\/\/atecordoba.org\/index.php?rest_route=%2Fwp%2Fv2%2Fcomments&post=45267"}],"version-history":[{"count":2,"href":"https:\/\/atecordoba.org\/index.php?rest_route=\/wp\/v2\/posts\/45267\/revisions"}],"predecessor-version":[{"id":45270,"href":"https:\/\/atecordoba.org\/index.php?rest_route=\/wp\/v2\/posts\/45267\/revisions\/45270"}],"wp:featuredmedia":[{"embeddable":true,"href":"https:\/\/atecordoba.org\/index.php?rest_route=\/wp\/v2\/media\/45268"}],"wp:attachment":[{"href":"https:\/\/atecordoba.org\/index.php?rest_route=%2Fwp%2Fv2%2Fmedia&parent=45267"}],"wp:term":[{"taxonomy":"category","embeddable":true,"href":"https:\/\/atecordoba.org\/index.php?rest_route=%2Fwp%2Fv2%2Fcategories&post=45267"},{"taxonomy":"post_tag","embeddable":true,"href":"https:\/\/atecordoba.org\/index.php?rest_route=%2Fwp%2Fv2%2Ftags&post=45267"}],"curies":[{"name":"wp","href":"https:\/\/api.w.org\/{rel}","templated":true}]}}