{"id":45254,"date":"2024-08-22T11:17:57","date_gmt":"2024-08-22T14:17:57","guid":{"rendered":"https:\/\/atecordoba.org\/?p=45254"},"modified":"2024-08-22T11:17:57","modified_gmt":"2024-08-22T14:17:57","slug":"plenario-de-delegadas-os-provinciales-define-manana-la-agenda-de-ate-frente-al-ajuste-de-llaryora","status":"publish","type":"post","link":"https:\/\/atecordoba.org\/?p=45254","title":{"rendered":"Plenario de delegadas\/os provinciales define ma\u00f1ana la agenda de ATE frente al ajuste de Llaryora"},"content":{"rendered":"<p><em>El encuentro de representantes en todo el territorio cordob\u00e9s comienza a las 10 horas en la sede del Consejo Directivo Provincial, Entre R\u00edos 450, C\u00f3rdoba Capital.<\/em><\/p>\n<p><img loading=\"lazy\" decoding=\"async\" class=\"aligncenter wp-image-45256 \" src=\"https:\/\/atecordoba.org\/wp-content\/uploads\/2024\/08\/flyer-plenario-provnicales-23-8.jpg\" alt=\"\" width=\"527\" height=\"527\" srcset=\"https:\/\/atecordoba.org\/wp-content\/uploads\/2024\/08\/flyer-plenario-provnicales-23-8.jpg 526w, https:\/\/atecordoba.org\/wp-content\/uploads\/2024\/08\/flyer-plenario-provnicales-23-8-300x300.jpg 300w, https:\/\/atecordoba.org\/wp-content\/uploads\/2024\/08\/flyer-plenario-provnicales-23-8-150x150.jpg 150w, https:\/\/atecordoba.org\/wp-content\/uploads\/2024\/08\/flyer-plenario-provnicales-23-8-75x75.jpg 75w, https:\/\/atecordoba.org\/wp-content\/uploads\/2024\/08\/flyer-plenario-provnicales-23-8-350x350.jpg 350w\" sizes=\"auto, (max-width: 527px) 100vw, 527px\" \/><\/p>\n<p>El Consejo Directivo Provincial (CDP) convoc\u00f3 a todas y todos los delegados de ATE del Estado provincial a participar del Plenario que se llevar\u00e1 a cabo ma\u00f1ana viernes 23 de agosto a las 10:00 horas.<\/p>\n<p>\u201cEs fundamental contar con la participaci\u00f3n de todas y todos para discutir y coordinar las acciones futuras de nuestro sindicato\u201d, afirma reza la convocatoria.<\/p>\n<p>El temario abierto contiene <a href=\"https:\/\/atecordoba.org\/?p=45128\">una gu\u00eda de reclamos<\/a> que fueron expresados en las distintas asambleas sectoriales realizadas en las \u00faltimas semanas.<\/p>\n<p>El c\u00f3nclave estar\u00e1 encabezado por el secretario General de ATE C\u00f3rdoba, Federico Giuliani, acompa\u00f1ado la conducci\u00f3n provincial.<\/p>\n<p><strong>Temario<\/strong>:<\/p>\n<ul>\n<li><strong>Gremial:\u00a0<\/strong>Respecto a la actuaci\u00f3n gremial en el \u00e1mbito p\u00fablico provincial el CDP plantea \u201cque ATE-C\u00d3RDOBA sea reconocido por el gobierno de la provincia como gremio paritario en igual condiciones que el SEP y ATSA y que sus delegados puedan realizar su actividad gremial sin ning\u00fan tipo de discriminaci\u00f3n o persecuci\u00f3n sindical\u201d.<\/li>\n<li><strong>Salarial:\u00a0<\/strong>Sobre los ingresos de las y los estatales provinciales ATE plantea que \u201cque ning\u00fan trabajador de la administraci\u00f3n p\u00fablica provincial gane por debajo de la canasta b\u00e1sica total que hoy est\u00e1 en pesos 900 mil\u201d.<\/li>\n<li>Adem\u00e1s, plante\u00f3 que \u201cdeje de ser usado el IPC de C\u00f3rdoba como referencia para la recomposici\u00f3n salarial ya que es manipulado por el Ejecutivo Provincial para pagar incrementos menores a la inflaci\u00f3n y que en su lugar se utilice el elaborado por el INDEC\u201d.<\/li>\n<li><strong>APROSS:\u00a0<\/strong>Sobre la obra social provincial, el CDP exige la \u201celiminaci\u00f3n del FEC y Fosaet.\u00a0Que los descuentos por afiliados voluntarios se realicen por c\u00f3digo de descuento figurando de esa manera en el recibo de sueldo y su incremento no pueda ser superior al porcentaje de recomposici\u00f3n salarial\u201d.<\/li>\n<li><strong>R\u00e9gimen previsional:\u00a0<\/strong>Sobre las condiciones que el Gobierno establece para el funcionamiento de la Caja de Jubilaciones, ATE expres\u00f3 la necesidad que \u201ccese de la intervenci\u00f3n, que el Estado asegure que los haberes jubilatorios sean el 82% m\u00f3vil del salario de los activos y que no haya m\u00e1s diferimiento\u201d<\/li>\n<li><strong>Condiciones de trabajo:\u00a0<\/strong>En este plano, el CDP postula el fin de la \u201cprecarizaci\u00f3n laboral, ning\u00fan trabajador del estado bajo la modalidad de monotributo, becario etc, que todos los empleados p\u00fablicos ingresemos a la administraci\u00f3n p\u00fablica como lo establecen las leyes 7233 y 7625 y se cubran las altas por bajas. \u00a1Pase a planta permanente ya!\u201d<\/li>\n<li><strong>SeNAF:\u00a0<\/strong>La SeNAF es uno de los organismos de peor gesti\u00f3n cordobesista. Frente al vaciamiento evidente, ATE reclama la \u201creincorporaci\u00f3n de las y los compa\u00f1eros despedidos\u201d<\/li>\n<li><strong>Salud:\u00a0<\/strong>\u201cPara ATE el abordaje de la salud provincial, ATE plantea Recomposici\u00f3n salarial ya, la \u201cimplementaci\u00f3n de la ley 10889 que establece el r\u00e9gimen del personal que integra el Equipo de Salud, la unificaci\u00f3n de las Leyes 7233 y 7625, con migraci\u00f3n voluntaria, respetando los derechos adquiridos de las\/los trabajadores de la Ley 7233 y los cambios de grupo ocupacional; as\u00ed como la derogaci\u00f3n del ART 107 bis de la citada norma que deja abierta las puertas a la flexibilizaci\u00f3n laboral y la privatizaci\u00f3n de la salud p\u00fablica\u201d.\u00a0Por eso, plantea tambi\u00e9n \u201cno al vaciamiento y a los traslados compulsivos en el Neuropsiqui\u00e1trico bajo la excusa de la aplicaci\u00f3n de la ley nacional de salud mental\u201d<\/li>\n<li><strong>Educaci\u00f3n:\u00a0<\/strong>Por \u00faltimo, frente al largo conflicto salarial que envuelve a las y los docentes provinciales debido a las magras ofertas salariales de Llaryora, ATE se manifiesta \u201cen contra del proyecto de declaraci\u00f3n de esencialidad de la educaci\u00f3n ya que su \u00fanica finalidad es limitar el derecho de protesta y huelga de los y las docentes\u201d.<\/li>\n<\/ul>\n","protected":false},"excerpt":{"rendered":"<p>El encuentro de representantes en todo el territorio cordob\u00e9s comienza a las 10 horas en la sede del Consejo Directivo Provincial, Entre R\u00edos 450, C\u00f3rdoba Capital. El Consejo Directivo Provincial (CDP) convoc\u00f3 a todas y todos los delegados de ATE del Estado provincial a participar del Plenario que se llevar\u00e1 a cabo ma\u00f1ana viernes 23 [&hellip;]<\/p>\n","protected":false},"author":7,"featured_media":45257,"comment_status":"open","ping_status":"open","sticky":false,"template":"","format":"standard","meta":{"_exactmetrics_skip_tracking":false,"_exactmetrics_sitenote_active":false,"_exactmetrics_sitenote_note":"","_exactmetrics_sitenote_category":0,"jnews-multi-image_gallery":[],"jnews_single_post":{"format":"standard","override":[{"template":"1","parallax":"1","fullscreen":"1","layout":"no-sidebar-narrow","sidebar":"default-sidebar","second_sidebar":"default-sidebar","sticky_sidebar":"1","share_position":"bottom","share_float_style":"share-monocrhome","show_share_counter":"1","show_view_counter":"1","show_post_meta":"1","show_post_author_image":"1","show_post_date":"1","post_date_format":"default","post_date_format_custom":"Y\/m\/d","show_post_category":"1","show_post_reading_time":"0","post_reading_time_wpm":"300","post_calculate_word_method":"str_word_count","show_zoom_button":"0","zoom_button_out_step":"2","zoom_button_in_step":"3","show_post_tag":"1","number_popup_post":"1","show_post_related":"1","show_inline_post_related":"0"}],"image_override":[{"single_post_thumbnail_size":"crop-500","single_post_gallery_size":"crop-500"}],"trending_post_position":"meta","trending_post_label":"Trending","sponsored_post_label":"Sponsored by","disable_ad":"0"},"jnews_primary_category":[],"jnews_social_meta":[],"jnews_review":[],"enable_review":"","type":"percentage","name":"","summary":"","brand":"","sku":"","good":[],"bad":[],"score_override":"","override_value":"","rating":[],"price":[],"jnews_override_counter":{"view_counter_number":"0","share_counter_number":"0","like_counter_number":"0","dislike_counter_number":"0"},"jnews_post_split":{"post_split":[{"template":"1","tag":"h2","numbering":"asc","mode":"normal","first":"0","enable_toc":"0","toc_type":"normal"}]},"footnotes":""},"categories":[8],"tags":[417,395,1361,31],"class_list":["post-45254","post","type-post","status-publish","format-standard","has-post-thumbnail","hentry","category-provinciales","tag-ajuste","tag-ate-cordoba","tag-martin-llaryora","tag-provinciales-2"],"jetpack_featured_media_url":"https:\/\/atecordoba.org\/wp-content\/uploads\/2024\/08\/flyer-plenario-provnicales-23-8-1.jpg","_links":{"self":[{"href":"https:\/\/atecordoba.org\/index.php?rest_route=\/wp\/v2\/posts\/45254","targetHints":{"allow":["GET"]}}],"collection":[{"href":"https:\/\/atecordoba.org\/index.php?rest_route=\/wp\/v2\/posts"}],"about":[{"href":"https:\/\/atecordoba.org\/index.php?rest_route=\/wp\/v2\/types\/post"}],"author":[{"embeddable":true,"href":"https:\/\/atecordoba.org\/index.php?rest_route=\/wp\/v2\/users\/7"}],"replies":[{"embeddable":true,"href":"https:\/\/atecordoba.org\/index.php?rest_route=%2Fwp%2Fv2%2Fcomments&post=45254"}],"version-history":[{"count":1,"href":"https:\/\/atecordoba.org\/index.php?rest_route=\/wp\/v2\/posts\/45254\/revisions"}],"predecessor-version":[{"id":45258,"href":"https:\/\/atecordoba.org\/index.php?rest_route=\/wp\/v2\/posts\/45254\/revisions\/45258"}],"wp:featuredmedia":[{"embeddable":true,"href":"https:\/\/atecordoba.org\/index.php?rest_route=\/wp\/v2\/media\/45257"}],"wp:attachment":[{"href":"https:\/\/atecordoba.org\/index.php?rest_route=%2Fwp%2Fv2%2Fmedia&parent=45254"}],"wp:term":[{"taxonomy":"category","embeddable":true,"href":"https:\/\/atecordoba.org\/index.php?rest_route=%2Fwp%2Fv2%2Fcategories&post=45254"},{"taxonomy":"post_tag","embeddable":true,"href":"https:\/\/atecordoba.org\/index.php?rest_route=%2Fwp%2Fv2%2Ftags&post=45254"}],"curies":[{"name":"wp","href":"https:\/\/api.w.org\/{rel}","templated":true}]}}