{"id":45239,"date":"2024-08-21T15:15:46","date_gmt":"2024-08-21T18:15:46","guid":{"rendered":"https:\/\/atecordoba.org\/?p=45239"},"modified":"2024-08-21T15:17:23","modified_gmt":"2024-08-21T18:17:23","slug":"territorios-encuentra-de-militancia-reuniones-institucionales-y-visitas-a-organismos-en-la-segunda-jornada-de-recorrida-en-traslasierra","status":"publish","type":"post","link":"https:\/\/atecordoba.org\/?p=45239","title":{"rendered":"Territorios: reuniones institucionales, visitas a organismos y asamblea en el Hospital de Villa Dolores en la segunda jornada de recorrida del CDP en Traslasierra"},"content":{"rendered":"<p><em>En la segunda jornada de la recorrida que el Consejo Directivo Provincial (CDP) realiza\u00a0 en el Valle de Traslasierra, ATE C\u00f3rdoba visit\u00f3 hoy las localidades de Villa Dolores, Los Hornillos y La Paz.<\/em><\/p>\n<p><img loading=\"lazy\" decoding=\"async\" class=\"aligncenter wp-image-45240 \" src=\"https:\/\/atecordoba.org\/wp-content\/uploads\/2024\/08\/hospital-villa-dolores.jpg\" alt=\"\" width=\"603\" height=\"654\" srcset=\"https:\/\/atecordoba.org\/wp-content\/uploads\/2024\/08\/hospital-villa-dolores.jpg 1932w, https:\/\/atecordoba.org\/wp-content\/uploads\/2024\/08\/hospital-villa-dolores-277x300.jpg 277w, https:\/\/atecordoba.org\/wp-content\/uploads\/2024\/08\/hospital-villa-dolores-945x1024.jpg 945w, https:\/\/atecordoba.org\/wp-content\/uploads\/2024\/08\/hospital-villa-dolores-768x832.jpg 768w, https:\/\/atecordoba.org\/wp-content\/uploads\/2024\/08\/hospital-villa-dolores-1418x1536.jpg 1418w, https:\/\/atecordoba.org\/wp-content\/uploads\/2024\/08\/hospital-villa-dolores-1890x2048.jpg 1890w, https:\/\/atecordoba.org\/wp-content\/uploads\/2024\/08\/hospital-villa-dolores-750x813.jpg 750w, https:\/\/atecordoba.org\/wp-content\/uploads\/2024\/08\/hospital-villa-dolores-1140x1235.jpg 1140w\" sizes=\"auto, (max-width: 603px) 100vw, 603px\" \/><\/p>\n<p>La comitiva gremial estuvo integrada por nuestro secretario General, Federico Giuliani, junto al secretario Gremial, Jorge Chalup, la responsable de Prensa, Julia Giuliani, y sus pares de Finanzas, Ricardo Reyna, y Administrativa, Cintia Conesta.<\/p>\n<p>En primer t\u00e9rmino, se llev\u00f3 a cabo una visita institucional en la comuna Los Hornillos, donde la delegaci\u00f3n estatal\u00a0 fue recibida por la jefa comunal Carolina Caballero. En la audiencia se alcanz\u00f3 un acuerdo que incluye el reconocimiento institucional de ATE como representantes de las y los trabajadores municipales de la localidad.<\/p>\n<figure id=\"attachment_45241\" aria-describedby=\"caption-attachment-45241\" style=\"width: 598px\" class=\"wp-caption aligncenter\"><img loading=\"lazy\" decoding=\"async\" class=\"wp-image-45241 \" src=\"https:\/\/atecordoba.org\/wp-content\/uploads\/2024\/08\/IMG-20240821-WA0039-1024x768.jpg\" alt=\"\" width=\"598\" height=\"449\" srcset=\"https:\/\/atecordoba.org\/wp-content\/uploads\/2024\/08\/IMG-20240821-WA0039-1024x768.jpg 1024w, https:\/\/atecordoba.org\/wp-content\/uploads\/2024\/08\/IMG-20240821-WA0039-300x225.jpg 300w, https:\/\/atecordoba.org\/wp-content\/uploads\/2024\/08\/IMG-20240821-WA0039-768x576.jpg 768w, https:\/\/atecordoba.org\/wp-content\/uploads\/2024\/08\/IMG-20240821-WA0039-1536x1152.jpg 1536w, https:\/\/atecordoba.org\/wp-content\/uploads\/2024\/08\/IMG-20240821-WA0039-2048x1536.jpg 2048w, https:\/\/atecordoba.org\/wp-content\/uploads\/2024\/08\/IMG-20240821-WA0039-750x563.jpg 750w, https:\/\/atecordoba.org\/wp-content\/uploads\/2024\/08\/IMG-20240821-WA0039-1140x855.jpg 1140w\" sizes=\"auto, (max-width: 598px) 100vw, 598px\" \/><figcaption id=\"caption-attachment-45241\" class=\"wp-caption-text\">Asamblea en el Hospital Villa Dolores.<\/figcaption><\/figure>\n<p>Posteriormente, la comitiva se traslad\u00f3 a la UDAI de ANSES Villa Dolores. All\u00ed recibi\u00f3 a los dirigentes el delegado de ATE Nicol\u00e1s Gonz\u00e1lez, para luego mantener una reuni\u00f3n con la jefa de la agencia Laura Oliva.<\/p>\n<figure id=\"attachment_45242\" aria-describedby=\"caption-attachment-45242\" style=\"width: 599px\" class=\"wp-caption aligncenter\"><img loading=\"lazy\" decoding=\"async\" class=\"wp-image-45242\" src=\"https:\/\/atecordoba.org\/wp-content\/uploads\/2024\/08\/los-hornillos-scaled.jpg\" alt=\"\" width=\"599\" height=\"799\" srcset=\"https:\/\/atecordoba.org\/wp-content\/uploads\/2024\/08\/los-hornillos-scaled.jpg 1920w, https:\/\/atecordoba.org\/wp-content\/uploads\/2024\/08\/los-hornillos-225x300.jpg 225w, https:\/\/atecordoba.org\/wp-content\/uploads\/2024\/08\/los-hornillos-768x1024.jpg 768w, https:\/\/atecordoba.org\/wp-content\/uploads\/2024\/08\/los-hornillos-1152x1536.jpg 1152w, https:\/\/atecordoba.org\/wp-content\/uploads\/2024\/08\/los-hornillos-1536x2048.jpg 1536w, https:\/\/atecordoba.org\/wp-content\/uploads\/2024\/08\/los-hornillos-750x1000.jpg 750w, https:\/\/atecordoba.org\/wp-content\/uploads\/2024\/08\/los-hornillos-1140x1520.jpg 1140w\" sizes=\"auto, (max-width: 599px) 100vw, 599px\" \/><figcaption id=\"caption-attachment-45242\" class=\"wp-caption-text\">Comuna Los Hornillos.<\/figcaption><\/figure>\n<p>Seguidamente, las y los integrantes del CDP se hicieron presentes en el Hospital Villa Dolores. Los delegados de ATE Claudio Ortega y Hugo Galaburri organizaron una reuni\u00f3n con trabajadoras y trabajadores del centro de salud, donde se abordaron las necesidades del sector y la necesidad de recuperar salarios. en la oportunidad, dos trabajadoras optaron por afiliarse a nuestro gremio.<\/p>\n<figure id=\"attachment_45244\" aria-describedby=\"caption-attachment-45244\" style=\"width: 618px\" class=\"wp-caption aligncenter\"><img loading=\"lazy\" decoding=\"async\" class=\"wp-image-45244\" src=\"https:\/\/atecordoba.org\/wp-content\/uploads\/2024\/08\/anses-villa-dolores-laura-oliva-1-scaled.jpg\" alt=\"\" width=\"618\" height=\"359\" \/><figcaption id=\"caption-attachment-45244\" class=\"wp-caption-text\">La jefa de ANSES Villa Dolores, Laura Oliva, recibi\u00f3 a ATE.<\/figcaption><\/figure>\n<p>Finalmente, en la Comuna de La Paz se realiz\u00f3 la presentaci\u00f3n ante el Departamento Ejecutivo del proyecto de ATE para la carrera administrativa del personal de salud. Seguidamente se realiz\u00f3 una audiencia con el intendente Ram\u00f3n Funes.<\/p>\n<p>As\u00ed, ATE consolida el crecimiento organizativo y territorial en el Valle de Traslasierra.<\/p>\n<div id='gallery_1' class='gallery galleryid-45239 gallery-columns-3 gallery-size-large'><figure class='gallery-item'>\n                <div class='gallery-icon landscape'>\n                    <a href='https:\/\/atecordoba.org\/wp-content\/uploads\/2024\/08\/IMG-20240821-WA0041-scaled.jpg'><img loading=\"lazy\" decoding=\"async\" width=\"1024\" height=\"768\" src=\"\" class=\"attachment-large size-large lazyload\" alt=\"\" data-src=\"https:\/\/atecordoba.org\/wp-content\/uploads\/2024\/08\/IMG-20240821-WA0041-1024x768.jpg\" data-sizes=\"auto\" data-srcset=\"https:\/\/atecordoba.org\/wp-content\/uploads\/2024\/08\/IMG-20240821-WA0041-1024x768.jpg 1024w, https:\/\/atecordoba.org\/wp-content\/uploads\/2024\/08\/IMG-20240821-WA0041-300x225.jpg 300w, https:\/\/atecordoba.org\/wp-content\/uploads\/2024\/08\/IMG-20240821-WA0041-768x576.jpg 768w, https:\/\/atecordoba.org\/wp-content\/uploads\/2024\/08\/IMG-20240821-WA0041-1536x1152.jpg 1536w, https:\/\/atecordoba.org\/wp-content\/uploads\/2024\/08\/IMG-20240821-WA0041-2048x1536.jpg 2048w, https:\/\/atecordoba.org\/wp-content\/uploads\/2024\/08\/IMG-20240821-WA0041-750x563.jpg 750w, https:\/\/atecordoba.org\/wp-content\/uploads\/2024\/08\/IMG-20240821-WA0041-1140x855.jpg 1140w\" data-expand=\"700\" \/><\/a>\n                <\/div><\/figure><figure class='gallery-item'>\n                <div class='gallery-icon landscape'>\n                    <a href='https:\/\/atecordoba.org\/wp-content\/uploads\/2024\/08\/IMG-20240821-WA0042-scaled.jpg'><img loading=\"lazy\" decoding=\"async\" width=\"1024\" height=\"768\" src=\"\" class=\"attachment-large size-large lazyload\" alt=\"\" data-src=\"https:\/\/atecordoba.org\/wp-content\/uploads\/2024\/08\/IMG-20240821-WA0042-1024x768.jpg\" data-sizes=\"auto\" data-srcset=\"https:\/\/atecordoba.org\/wp-content\/uploads\/2024\/08\/IMG-20240821-WA0042-1024x768.jpg 1024w, https:\/\/atecordoba.org\/wp-content\/uploads\/2024\/08\/IMG-20240821-WA0042-300x225.jpg 300w, https:\/\/atecordoba.org\/wp-content\/uploads\/2024\/08\/IMG-20240821-WA0042-768x576.jpg 768w, https:\/\/atecordoba.org\/wp-content\/uploads\/2024\/08\/IMG-20240821-WA0042-1536x1152.jpg 1536w, https:\/\/atecordoba.org\/wp-content\/uploads\/2024\/08\/IMG-20240821-WA0042-2048x1536.jpg 2048w, https:\/\/atecordoba.org\/wp-content\/uploads\/2024\/08\/IMG-20240821-WA0042-750x563.jpg 750w, https:\/\/atecordoba.org\/wp-content\/uploads\/2024\/08\/IMG-20240821-WA0042-1140x855.jpg 1140w\" data-expand=\"700\" \/><\/a>\n                <\/div><\/figure><figure class='gallery-item'>\n                <div class='gallery-icon portrait'>\n                    <a href='https:\/\/atecordoba.org\/wp-content\/uploads\/2024\/08\/IMG-20240821-WA0043-scaled.jpg'><img loading=\"lazy\" decoding=\"async\" width=\"768\" height=\"1024\" src=\"\" class=\"attachment-large size-large lazyload\" alt=\"\" data-src=\"https:\/\/atecordoba.org\/wp-content\/uploads\/2024\/08\/IMG-20240821-WA0043-768x1024.jpg\" data-sizes=\"auto\" data-srcset=\"https:\/\/atecordoba.org\/wp-content\/uploads\/2024\/08\/IMG-20240821-WA0043-768x1024.jpg 768w, https:\/\/atecordoba.org\/wp-content\/uploads\/2024\/08\/IMG-20240821-WA0043-225x300.jpg 225w, https:\/\/atecordoba.org\/wp-content\/uploads\/2024\/08\/IMG-20240821-WA0043-1152x1536.jpg 1152w, https:\/\/atecordoba.org\/wp-content\/uploads\/2024\/08\/IMG-20240821-WA0043-1536x2048.jpg 1536w, https:\/\/atecordoba.org\/wp-content\/uploads\/2024\/08\/IMG-20240821-WA0043-750x1000.jpg 750w, https:\/\/atecordoba.org\/wp-content\/uploads\/2024\/08\/IMG-20240821-WA0043-1140x1520.jpg 1140w, https:\/\/atecordoba.org\/wp-content\/uploads\/2024\/08\/IMG-20240821-WA0043-scaled.jpg 1920w\" data-expand=\"700\" \/><\/a>\n                <\/div><\/figure><br style=\"clear: both\" \/><figure class='gallery-item'>\n                <div class='gallery-icon landscape'>\n                    <a href='https:\/\/atecordoba.org\/wp-content\/uploads\/2024\/08\/ramon-funes-comuna-la-paz-scaled.jpg'><img loading=\"lazy\" decoding=\"async\" width=\"1024\" height=\"768\" src=\"\" class=\"attachment-large size-large lazyload\" alt=\"\" data-src=\"https:\/\/atecordoba.org\/wp-content\/uploads\/2024\/08\/ramon-funes-comuna-la-paz-1024x768.jpg\" data-sizes=\"auto\" data-srcset=\"https:\/\/atecordoba.org\/wp-content\/uploads\/2024\/08\/ramon-funes-comuna-la-paz-1024x768.jpg 1024w, https:\/\/atecordoba.org\/wp-content\/uploads\/2024\/08\/ramon-funes-comuna-la-paz-300x225.jpg 300w, https:\/\/atecordoba.org\/wp-content\/uploads\/2024\/08\/ramon-funes-comuna-la-paz-768x576.jpg 768w, https:\/\/atecordoba.org\/wp-content\/uploads\/2024\/08\/ramon-funes-comuna-la-paz-1536x1152.jpg 1536w, https:\/\/atecordoba.org\/wp-content\/uploads\/2024\/08\/ramon-funes-comuna-la-paz-2048x1536.jpg 2048w, https:\/\/atecordoba.org\/wp-content\/uploads\/2024\/08\/ramon-funes-comuna-la-paz-750x563.jpg 750w, https:\/\/atecordoba.org\/wp-content\/uploads\/2024\/08\/ramon-funes-comuna-la-paz-1140x855.jpg 1140w\" data-expand=\"700\" \/><\/a>\n                <\/div><\/figure><figure class='gallery-item'>\n                <div class='gallery-icon landscape'>\n                    <a href='https:\/\/atecordoba.org\/wp-content\/uploads\/2024\/08\/IMG-20240821-WA0040-scaled.jpg'><img loading=\"lazy\" decoding=\"async\" width=\"1024\" height=\"768\" src=\"\" class=\"attachment-large size-large lazyload\" alt=\"\" data-src=\"https:\/\/atecordoba.org\/wp-content\/uploads\/2024\/08\/IMG-20240821-WA0040-1024x768.jpg\" data-sizes=\"auto\" data-srcset=\"https:\/\/atecordoba.org\/wp-content\/uploads\/2024\/08\/IMG-20240821-WA0040-1024x768.jpg 1024w, https:\/\/atecordoba.org\/wp-content\/uploads\/2024\/08\/IMG-20240821-WA0040-300x225.jpg 300w, https:\/\/atecordoba.org\/wp-content\/uploads\/2024\/08\/IMG-20240821-WA0040-768x576.jpg 768w, https:\/\/atecordoba.org\/wp-content\/uploads\/2024\/08\/IMG-20240821-WA0040-1536x1152.jpg 1536w, https:\/\/atecordoba.org\/wp-content\/uploads\/2024\/08\/IMG-20240821-WA0040-2048x1536.jpg 2048w, https:\/\/atecordoba.org\/wp-content\/uploads\/2024\/08\/IMG-20240821-WA0040-750x563.jpg 750w, https:\/\/atecordoba.org\/wp-content\/uploads\/2024\/08\/IMG-20240821-WA0040-1140x855.jpg 1140w\" data-expand=\"700\" \/><\/a>\n                <\/div><\/figure>\n                <br style='clear: both' \/>\n            <\/div>\n\n<p>&nbsp;<\/p>\n","protected":false},"excerpt":{"rendered":"<p>En la segunda jornada de la recorrida que el Consejo Directivo Provincial (CDP) realiza\u00a0 en el Valle de Traslasierra, ATE C\u00f3rdoba visit\u00f3 hoy las localidades de Villa Dolores, Los Hornillos y La Paz. La comitiva gremial estuvo integrada por nuestro secretario General, Federico Giuliani, junto al secretario Gremial, Jorge Chalup, la responsable de Prensa, Julia [&hellip;]<\/p>\n","protected":false},"author":7,"featured_media":45244,"comment_status":"open","ping_status":"open","sticky":false,"template":"","format":"standard","meta":{"_exactmetrics_skip_tracking":false,"_exactmetrics_sitenote_active":false,"_exactmetrics_sitenote_note":"","_exactmetrics_sitenote_category":0,"jnews-multi-image_gallery":[],"jnews_single_post":{"format":"standard","override":[{"template":"1","parallax":"1","fullscreen":"1","layout":"no-sidebar-narrow","sidebar":"default-sidebar","second_sidebar":"default-sidebar","sticky_sidebar":"1","share_position":"bottom","share_float_style":"share-monocrhome","show_share_counter":"1","show_view_counter":"1","show_post_meta":"1","show_post_author_image":"1","show_post_date":"1","post_date_format":"default","post_date_format_custom":"Y\/m\/d","show_post_category":"1","show_post_reading_time":"0","post_reading_time_wpm":"300","post_calculate_word_method":"str_word_count","show_zoom_button":"0","zoom_button_out_step":"2","zoom_button_in_step":"3","show_post_tag":"1","number_popup_post":"1","show_post_related":"1","show_inline_post_related":"0"}],"image_override":[{"single_post_thumbnail_size":"crop-500","single_post_gallery_size":"crop-500"}],"trending_post_position":"meta","trending_post_label":"Trending","sponsored_post_label":"Sponsored by","disable_ad":"0"},"jnews_primary_category":[],"jnews_social_meta":[],"jnews_review":[],"enable_review":"","type":"percentage","name":"","summary":"","brand":"","sku":"","good":[],"bad":[],"score_override":"","override_value":"","rating":[],"price":[],"jnews_override_counter":{"view_counter_number":"0","share_counter_number":"0","like_counter_number":"0","dislike_counter_number":"0"},"jnews_post_split":{"post_split":[{"template":"1","tag":"h2","numbering":"asc","mode":"normal","first":"0","enable_toc":"0","toc_type":"normal"}]},"footnotes":""},"categories":[341],"tags":[395,759,1352],"class_list":["post-45239","post","type-post","status-publish","format-standard","has-post-thumbnail","hentry","category-cdp","tag-ate-cordoba","tag-federico-giuliani","tag-valle-de-traslasierra"],"jetpack_featured_media_url":"https:\/\/atecordoba.org\/wp-content\/uploads\/2024\/08\/anses-villa-dolores-laura-oliva-1-scaled-e1724264133421.jpg","_links":{"self":[{"href":"https:\/\/atecordoba.org\/index.php?rest_route=\/wp\/v2\/posts\/45239","targetHints":{"allow":["GET"]}}],"collection":[{"href":"https:\/\/atecordoba.org\/index.php?rest_route=\/wp\/v2\/posts"}],"about":[{"href":"https:\/\/atecordoba.org\/index.php?rest_route=\/wp\/v2\/types\/post"}],"author":[{"embeddable":true,"href":"https:\/\/atecordoba.org\/index.php?rest_route=\/wp\/v2\/users\/7"}],"replies":[{"embeddable":true,"href":"https:\/\/atecordoba.org\/index.php?rest_route=%2Fwp%2Fv2%2Fcomments&post=45239"}],"version-history":[{"count":3,"href":"https:\/\/atecordoba.org\/index.php?rest_route=\/wp\/v2\/posts\/45239\/revisions"}],"predecessor-version":[{"id":45252,"href":"https:\/\/atecordoba.org\/index.php?rest_route=\/wp\/v2\/posts\/45239\/revisions\/45252"}],"wp:featuredmedia":[{"embeddable":true,"href":"https:\/\/atecordoba.org\/index.php?rest_route=\/wp\/v2\/media\/45244"}],"wp:attachment":[{"href":"https:\/\/atecordoba.org\/index.php?rest_route=%2Fwp%2Fv2%2Fmedia&parent=45239"}],"wp:term":[{"taxonomy":"category","embeddable":true,"href":"https:\/\/atecordoba.org\/index.php?rest_route=%2Fwp%2Fv2%2Fcategories&post=45239"},{"taxonomy":"post_tag","embeddable":true,"href":"https:\/\/atecordoba.org\/index.php?rest_route=%2Fwp%2Fv2%2Ftags&post=45239"}],"curies":[{"name":"wp","href":"https:\/\/api.w.org\/{rel}","templated":true}]}}