{"id":4521,"date":"2014-09-19T17:02:43","date_gmt":"2014-09-19T20:02:43","guid":{"rendered":"http:\/\/www.atecordoba.org\/?p=4521"},"modified":"2014-09-19T17:02:43","modified_gmt":"2014-09-19T20:02:43","slug":"asamblea-en-el-hospital-neonatal-por-40-despidos-en-salud","status":"publish","type":"post","link":"https:\/\/atecordoba.org\/?p=4521","title":{"rendered":"Asamblea en el Hospital Neonatal por reapertura paritaria"},"content":{"rendered":"<p><em>Tal como se preve\u00eda, los trabajadores del Hospital Neonatal iniciaron ayer el cronograma de asambleas en el sector hospitalario con el objetivo de expresar la ca\u00edda del salario por la inflaci\u00f3n. Repudio a los 40 despidos producidos recientemente en el hospital de Ni\u00f1os.\u00a0<\/em><\/p>\n<p><a href=\"http:\/\/www.atecordoba.org\/wp-content\/uploads\/2014\/09\/IMG-20140918-WA0005-e1411156561565.jpg\"><img loading=\"lazy\" decoding=\"async\" class=\"aligncenter  wp-image-4522\" src=\"http:\/\/www.atecordoba.org\/wp-content\/uploads\/2014\/09\/IMG-20140918-WA0005-e1411156561565.jpg\" alt=\"IMG-20140918-WA0005\" width=\"545\" height=\"409\" \/><\/a><\/p>\n<p>Los trabajadores iniciaron el debate a las 10 horas y, reunidos en el ingreso del centro de salud expresaron la necesidad de que le gobierno provincial reabra las paritarias para canalizar una recomposici\u00f3n salarial que equilibre la p\u00e9rdida de pode adquisitivo producidas pro la inflaci\u00f3n de este a\u00f1o, que superar\u00e1 largamente la pauta salarial oficial brindada en marzo \u00faltimo.<\/p>\n<p>Los trabajadores viene realizando dos asambleas semanales que retienen los servicios, resintiendo la atenci\u00f3n a los pacientes.<\/p>\n<p>Al reclamo salarial se sum\u00f3 el repudio a los despidos de 40 trabajadores del hospital de Ni\u00f1os y exigieron la inmediata reincorporaci\u00f3n de los compa\u00f1eros afectados.<\/p>\n<p>En la oportunidad estuvieron presentes los compa\u00f1eros de comisi\u00f3n directiva Daniel Pawluchuzk y Delicia Arce, que es trabajadora del Hospital C\u00f3rdoba.<\/p>\n<p>Otra asamblea del mismo tenor se desarrollo en el Hospital de Ni\u00f1os.<\/p>\n<p><a href=\"http:\/\/www.atecordoba.org\/wp-content\/uploads\/2014\/09\/IMG-20140919-WA0004-e1411156653539.jpg\"><img loading=\"lazy\" decoding=\"async\" class=\"aligncenter  wp-image-4524\" src=\"http:\/\/www.atecordoba.org\/wp-content\/uploads\/2014\/09\/IMG-20140919-WA0004-e1411156653539.jpg\" alt=\"IMG-20140919-WA0004\" width=\"525\" height=\"394\" \/><\/a><\/p>\n<p>&nbsp;<\/p>\n<p><a href=\"http:\/\/www.atecordoba.org\/wp-content\/uploads\/2014\/09\/IMG-20140919-WA0002-e1411156629763.jpg\"><img loading=\"lazy\" decoding=\"async\" class=\"aligncenter  wp-image-4523\" src=\"http:\/\/www.atecordoba.org\/wp-content\/uploads\/2014\/09\/IMG-20140919-WA0002-e1411156629763.jpg\" alt=\"IMG-20140919-WA0002\" width=\"525\" height=\"394\" \/><\/a><\/p>\n<p>&nbsp;<\/p>\n<p><a href=\"http:\/\/www.atecordoba.org\/wp-content\/uploads\/2014\/09\/IMG-20140919-WA0005-1-e1411156672345.jpg\"><img loading=\"lazy\" decoding=\"async\" class=\"aligncenter  wp-image-4525\" src=\"http:\/\/www.atecordoba.org\/wp-content\/uploads\/2014\/09\/IMG-20140919-WA0005-1-e1411156672345.jpg\" alt=\"IMG-20140919-WA0005 (1)\" width=\"524\" height=\"393\" \/><\/a><\/p>\n<p>&nbsp;<\/p>\n<p><a href=\"http:\/\/www.atecordoba.org\/wp-content\/uploads\/2014\/09\/IMG-20140919-WA0005-e1411156702720.jpg\"><img loading=\"lazy\" decoding=\"async\" class=\"aligncenter  wp-image-4526\" src=\"http:\/\/www.atecordoba.org\/wp-content\/uploads\/2014\/09\/IMG-20140919-WA0005-e1411156702720.jpg\" alt=\"IMG-20140919-WA0005\" width=\"524\" height=\"392\" \/><\/a><\/p>\n<p>&nbsp;<\/p>\n<p><a href=\"http:\/\/www.atecordoba.org\/wp-content\/uploads\/2014\/09\/IMG-20140919-WA0008-e1411156716313.jpg\"><img loading=\"lazy\" decoding=\"async\" class=\"aligncenter  wp-image-4527\" src=\"http:\/\/www.atecordoba.org\/wp-content\/uploads\/2014\/09\/IMG-20140919-WA0008-e1411156716313.jpg\" alt=\"IMG-20140919-WA0008\" width=\"522\" height=\"392\" \/><\/a><\/p>\n","protected":false},"excerpt":{"rendered":"<p>Tal como se preve\u00eda, los trabajadores del Hospital Neonatal iniciaron ayer el cronograma de asambleas en el sector hospitalario con el objetivo de expresar la ca\u00edda del salario por la inflaci\u00f3n. Repudio a los 40 despidos producidos recientemente en el hospital de Ni\u00f1os.\u00a0 Los trabajadores iniciaron el debate a las 10 horas y, reunidos en [&hellip;]<\/p>\n","protected":false},"author":1,"featured_media":19220,"comment_status":"open","ping_status":"open","sticky":false,"template":"","format":"standard","meta":{"_exactmetrics_skip_tracking":false,"_exactmetrics_sitenote_active":false,"_exactmetrics_sitenote_note":"","_exactmetrics_sitenote_category":0,"jnews-multi-image_gallery":[],"jnews_single_post":[],"jnews_primary_category":[],"jnews_social_meta":[],"jnews_review":[],"enable_review":"","type":"","name":"","summary":"","brand":"","sku":"","good":[],"bad":[],"score_override":"","override_value":"","rating":[],"price":[],"jnews_override_counter":[],"jnews_post_split":[],"footnotes":""},"categories":[7,8],"tags":[],"class_list":["post-4521","post","type-post","status-publish","format-standard","has-post-thumbnail","hentry","category-hospitales","category-provinciales"],"jetpack_featured_media_url":"https:\/\/atecordoba.org\/wp-content\/uploads\/2020\/05\/logo-nuevochico-e1561581322808.png","_links":{"self":[{"href":"https:\/\/atecordoba.org\/index.php?rest_route=\/wp\/v2\/posts\/4521","targetHints":{"allow":["GET"]}}],"collection":[{"href":"https:\/\/atecordoba.org\/index.php?rest_route=\/wp\/v2\/posts"}],"about":[{"href":"https:\/\/atecordoba.org\/index.php?rest_route=\/wp\/v2\/types\/post"}],"author":[{"embeddable":true,"href":"https:\/\/atecordoba.org\/index.php?rest_route=\/wp\/v2\/users\/1"}],"replies":[{"embeddable":true,"href":"https:\/\/atecordoba.org\/index.php?rest_route=%2Fwp%2Fv2%2Fcomments&post=4521"}],"version-history":[{"count":0,"href":"https:\/\/atecordoba.org\/index.php?rest_route=\/wp\/v2\/posts\/4521\/revisions"}],"wp:featuredmedia":[{"embeddable":true,"href":"https:\/\/atecordoba.org\/index.php?rest_route=\/wp\/v2\/media\/19220"}],"wp:attachment":[{"href":"https:\/\/atecordoba.org\/index.php?rest_route=%2Fwp%2Fv2%2Fmedia&parent=4521"}],"wp:term":[{"taxonomy":"category","embeddable":true,"href":"https:\/\/atecordoba.org\/index.php?rest_route=%2Fwp%2Fv2%2Fcategories&post=4521"},{"taxonomy":"post_tag","embeddable":true,"href":"https:\/\/atecordoba.org\/index.php?rest_route=%2Fwp%2Fv2%2Ftags&post=4521"}],"curies":[{"name":"wp","href":"https:\/\/api.w.org\/{rel}","templated":true}]}}