{"id":45203,"date":"2024-08-20T14:40:42","date_gmt":"2024-08-20T17:40:42","guid":{"rendered":"https:\/\/atecordoba.org\/?p=45203"},"modified":"2024-08-20T14:40:42","modified_gmt":"2024-08-20T17:40:42","slug":"criminalizacion-de-la-protesta-el-sindicato-vasco-lab-se-solidarizo-con-federico-giuliani-por-la-persecucion-judicial-en-la-provincia","status":"publish","type":"post","link":"https:\/\/atecordoba.org\/?p=45203","title":{"rendered":"Criminalizaci\u00f3n de la Protesta: el sindicato vasco LAB se solidariz\u00f3 con Federico Giuliani por la persecuci\u00f3n judicial en la provincia"},"content":{"rendered":"<p><em>La Central Sindical fustig\u00f3 al gobierno argentino que busca &#8220;acallar, amedrentar y obstaculizar la lucha sindical, en unos momentos donde el pa\u00eds est\u00e1 sometido a unos dur\u00edsimos ajustes estructurales fruto de una salvaje pol\u00edtica neoliberal&#8221;.<\/em><\/p>\n<p><img loading=\"lazy\" decoding=\"async\" class=\"aligncenter wp-image-45204 \" src=\"https:\/\/atecordoba.org\/wp-content\/uploads\/2024\/08\/federico-3.jpeg\" alt=\"\" width=\"599\" height=\"399\" srcset=\"https:\/\/atecordoba.org\/wp-content\/uploads\/2024\/08\/federico-3.jpeg 1280w, https:\/\/atecordoba.org\/wp-content\/uploads\/2024\/08\/federico-3-300x200.jpeg 300w, https:\/\/atecordoba.org\/wp-content\/uploads\/2024\/08\/federico-3-1024x682.jpeg 1024w, https:\/\/atecordoba.org\/wp-content\/uploads\/2024\/08\/federico-3-768x512.jpeg 768w, https:\/\/atecordoba.org\/wp-content\/uploads\/2024\/08\/federico-3-750x500.jpeg 750w, https:\/\/atecordoba.org\/wp-content\/uploads\/2024\/08\/federico-3-1140x760.jpeg 1140w\" sizes=\"auto, (max-width: 599px) 100vw, 599px\" \/>En una nota realizada dirigida a al Consejo Directivo Provincial, el sindicato LAB del Pa\u00eds Vasco emiti\u00f3 un mensaje de solidaridad &#8220;a los compa\u00f1eros y compa\u00f1eras de ATE C\u00f3rdoba, con su secretario general, Federico Giuliani, as\u00ed como a la clase trabajadora de Argentina y al pueblo argentino ante las \u00faltimas agresiones y persecuciones que vienen sufriendo&#8221;.<\/p>\n<p>La entidad fustig\u00f3 al gobierno argentino que busca &#8220;acallar, amedrentar y obstaculizar la lucha sindical, en unos momentos donde el pa\u00eds est\u00e1 sometido a unos dur\u00edsimos ajustes estructurales fruto de una salvaje pol\u00edtica neoliberal&#8221;.<\/p>\n<p>En tal sentido, hicieron llegar &#8220;toda nuestra solidaridad y total apoyo al compa\u00f1ero Federico Giuliani, perseguido injustamente por desarrollar su labor sindical de manera totalmente l\u00edcita. Desde LAB hacemos extensiva esta<br \/>\nsolidaridad y apoyo al conjunto de la clase trabajadora, especialmente las personas jubiladas que est\u00e1n sufriendo el modelo neo-liberal y ultra-derechista del gobierno de Milei. As\u00ed mismo, exigimos la puesta en libertad de las<br \/>\npersonas detenidas injustamente en las recientes movilizaciones contra la Ley de Bases&#8221;.<\/p>\n<p>Para luego agregar que &#8220;no tenemos ninguna duda de que el Gobierno de MIlei se va a encontrar con un<br \/>\npueblo digno y en pie en lucha que env\u00ede a Milei a la papelera de la historia de Argentina. Esperamos que en un futuro cuando miremos atr\u00e1s, podamos decir que el mandato de Javier Milei tan solo ha sido un tormentoso nubarr\u00f3n en la historia del pa\u00eds, que una vez escampado, abri\u00f3 los cielos de un nuevo horizonte lleno de libertad, justicia social y dignidad rebelde&#8221;.<\/p>\n<p>Giuliani viene cosechando una importante <a href=\"https:\/\/atecordoba.org\/?p=45010\">solidaridad internacional<\/a> frente al acoso penal que lo somete el Poder Judicial cordob\u00e9s, fundamentado en resoluciones judiciales contrarias a la Constituci\u00f3n Nacional, que garantiza el derecho a la protesta.<\/p>\n<p>&nbsp;<\/p>\n","protected":false},"excerpt":{"rendered":"<p>La Central Sindical fustig\u00f3 al gobierno argentino que busca &#8220;acallar, amedrentar y obstaculizar la lucha sindical, en unos momentos donde el pa\u00eds est\u00e1 sometido a unos dur\u00edsimos ajustes estructurales fruto de una salvaje pol\u00edtica neoliberal&#8221;. En una nota realizada dirigida a al Consejo Directivo Provincial, el sindicato LAB del Pa\u00eds Vasco emiti\u00f3 un mensaje de [&hellip;]<\/p>\n","protected":false},"author":7,"featured_media":45205,"comment_status":"open","ping_status":"open","sticky":false,"template":"","format":"standard","meta":{"_exactmetrics_skip_tracking":false,"_exactmetrics_sitenote_active":false,"_exactmetrics_sitenote_note":"","_exactmetrics_sitenote_category":0,"jnews-multi-image_gallery":[],"jnews_single_post":{"format":"standard","override":[{"template":"1","parallax":"1","fullscreen":"1","layout":"no-sidebar-narrow","sidebar":"default-sidebar","second_sidebar":"default-sidebar","sticky_sidebar":"1","share_position":"bottom","share_float_style":"share-monocrhome","show_share_counter":"1","show_view_counter":"1","show_post_meta":"1","show_post_author_image":"1","show_post_date":"1","post_date_format":"default","post_date_format_custom":"Y\/m\/d","show_post_category":"1","show_post_reading_time":"0","post_reading_time_wpm":"300","post_calculate_word_method":"str_word_count","show_zoom_button":"0","zoom_button_out_step":"2","zoom_button_in_step":"3","show_post_tag":"1","number_popup_post":"1","show_post_related":"1","show_inline_post_related":"0"}],"image_override":[{"single_post_thumbnail_size":"crop-500","single_post_gallery_size":"crop-500"}],"trending_post_position":"meta","trending_post_label":"Trending","sponsored_post_label":"Sponsored by","disable_ad":"0"},"jnews_primary_category":[],"jnews_social_meta":[],"jnews_review":[],"enable_review":"","type":"percentage","name":"","summary":"","brand":"","sku":"","good":[],"bad":[],"score_override":"","override_value":"","rating":[],"price":[],"jnews_override_counter":{"view_counter_number":"0","share_counter_number":"0","like_counter_number":"0","dislike_counter_number":"0"},"jnews_post_split":{"post_split":[{"template":"1","tag":"h2","numbering":"asc","mode":"normal","first":"0","enable_toc":"0","toc_type":"normal"}]},"footnotes":""},"categories":[108],"tags":[1344,1370,759,1368,1369],"class_list":["post-45203","post","type-post","status-publish","format-standard","has-post-thumbnail","hentry","category-internacional","tag-acoso-judicial","tag-euskalerria","tag-federico-giuliani","tag-lab","tag-pais-vasco"],"jetpack_featured_media_url":"https:\/\/atecordoba.org\/wp-content\/uploads\/2024\/08\/LAB.jpg","_links":{"self":[{"href":"https:\/\/atecordoba.org\/index.php?rest_route=\/wp\/v2\/posts\/45203","targetHints":{"allow":["GET"]}}],"collection":[{"href":"https:\/\/atecordoba.org\/index.php?rest_route=\/wp\/v2\/posts"}],"about":[{"href":"https:\/\/atecordoba.org\/index.php?rest_route=\/wp\/v2\/types\/post"}],"author":[{"embeddable":true,"href":"https:\/\/atecordoba.org\/index.php?rest_route=\/wp\/v2\/users\/7"}],"replies":[{"embeddable":true,"href":"https:\/\/atecordoba.org\/index.php?rest_route=%2Fwp%2Fv2%2Fcomments&post=45203"}],"version-history":[{"count":1,"href":"https:\/\/atecordoba.org\/index.php?rest_route=\/wp\/v2\/posts\/45203\/revisions"}],"predecessor-version":[{"id":45206,"href":"https:\/\/atecordoba.org\/index.php?rest_route=\/wp\/v2\/posts\/45203\/revisions\/45206"}],"wp:featuredmedia":[{"embeddable":true,"href":"https:\/\/atecordoba.org\/index.php?rest_route=\/wp\/v2\/media\/45205"}],"wp:attachment":[{"href":"https:\/\/atecordoba.org\/index.php?rest_route=%2Fwp%2Fv2%2Fmedia&parent=45203"}],"wp:term":[{"taxonomy":"category","embeddable":true,"href":"https:\/\/atecordoba.org\/index.php?rest_route=%2Fwp%2Fv2%2Fcategories&post=45203"},{"taxonomy":"post_tag","embeddable":true,"href":"https:\/\/atecordoba.org\/index.php?rest_route=%2Fwp%2Fv2%2Ftags&post=45203"}],"curies":[{"name":"wp","href":"https:\/\/api.w.org\/{rel}","templated":true}]}}