{"id":45187,"date":"2024-08-20T13:22:49","date_gmt":"2024-08-20T16:22:49","guid":{"rendered":"https:\/\/atecordoba.org\/?p=45187"},"modified":"2024-08-20T13:22:59","modified_gmt":"2024-08-20T16:22:59","slug":"psicologia-social-charla-en-la-unc-con-la-intelectual-tucumana-rosa-nassif","status":"publish","type":"post","link":"https:\/\/atecordoba.org\/?p=45187","title":{"rendered":"Psicolog\u00eda Social: charla en la UNC con la intelectual tucumana Rosa Nassif"},"content":{"rendered":"<p><em>El abordaje de la realidad en t\u00e9rminos de la dial\u00e9ctica materialista que propone Nassif suma nuevas herramientas en un contexto de crisis.<\/em><\/p>\n<p><img loading=\"lazy\" decoding=\"async\" class=\"aligncenter wp-image-45188 \" src=\"https:\/\/atecordoba.org\/wp-content\/uploads\/2024\/08\/rosa-nassif-1024x543.png\" alt=\"\" width=\"601\" height=\"319\" \/><\/p>\n<p>La Escuela de Psicolog\u00eda Social de C\u00f3rdoba \u00a0Dr. Enrique Pichon Riviere invita la charla \u201cLa dial\u00e9ctica materialista como fundamento filos\u00f3fico de la Psicolog\u00eda Social y de las dem\u00e1s ciencias sociales\u201d.<\/p>\n<p>La actividad se desarrollar\u00e1 en dos jornadas, el viernes 23 y s\u00e1bado 24 de agosto. El primer d\u00eda la convocatoria es, de 18 a 21 horas, en el Aula 7 del edificio nuevo de la Facultad de Ciencias Sociales de la UNC; en tanto, el d\u00eda siguiente la actividad se realizar\u00e1 en el Pabell\u00f3n Venezuela de la casa de estudios, de 9 a 17 horas.<img loading=\"lazy\" decoding=\"async\" class=\"alignleft wp-image-45189 \" src=\"https:\/\/atecordoba.org\/wp-content\/uploads\/2024\/08\/esc-psicologia-social-722x1024.jpg\" alt=\"\" width=\"352\" height=\"499\" srcset=\"https:\/\/atecordoba.org\/wp-content\/uploads\/2024\/08\/esc-psicologia-social-722x1024.jpg 722w, https:\/\/atecordoba.org\/wp-content\/uploads\/2024\/08\/esc-psicologia-social-212x300.jpg 212w, https:\/\/atecordoba.org\/wp-content\/uploads\/2024\/08\/esc-psicologia-social-768x1089.jpg 768w, https:\/\/atecordoba.org\/wp-content\/uploads\/2024\/08\/esc-psicologia-social-1083x1536.jpg 1083w, https:\/\/atecordoba.org\/wp-content\/uploads\/2024\/08\/esc-psicologia-social-750x1064.jpg 750w, https:\/\/atecordoba.org\/wp-content\/uploads\/2024\/08\/esc-psicologia-social.jpg 1128w\" sizes=\"auto, (max-width: 352px) 100vw, 352px\" \/><\/p>\n<p>La propuesta invita a cuestionar sobre el contexto desde una perspectiva dial\u00e9ctica.<\/p>\n<p>Si bien loa actividad es de car\u00e1cter gratuita, La entrada consiste en un alimento no perecedero por valor m\u00ednimo de 1500 pesos, destinado a los comedores populares \u201cEl Se\u00f1or es mi pastor\u201d, de Villa Libertador, y \u201cAlmas unidas\u201d, de barrio Maldonado.<\/p>\n<p>La charla est\u00e1 dirigida a trabajadores sociales, profesionales de la psicolog\u00eda social, psic\u00f3logos, comunicadores sociales, docentes, estudiantes y p\u00fablico en general.<\/p>\n<p>La Escuela de Psicolog\u00eda Social de C\u00f3rdoba \u00a0Dr. Enrique Pichon Riviere <a href=\"https:\/\/atecordoba.org\/?p=41745\">mantiene un convenio con ATE<\/a> que brinda en nuestra sede cursos de formaci\u00f3n en psicolog\u00eda social a partir de m\u00faltiples acciones educativas y de participaci\u00f3n social en campos como Violencia familiar; conducci\u00f3n y organizaci\u00f3n de menores abandonados; formaci\u00f3n de agentes comunitarios; alfabetizadores; asesoramiento y supervisi\u00f3n en escuelas primarias y secundarias, con docentes, directores, alumnos y padres; en el Poder Judicial; en situaciones de emergencia social, entre otras.<\/p>\n<p>M\u00e1s informaci\u00f3n info@psicologiasocialcordoba.com<\/p>\n<p>&nbsp;<\/p>\n","protected":false},"excerpt":{"rendered":"<p>El abordaje de la realidad en t\u00e9rminos de la dial\u00e9ctica materialista que propone Nassif suma nuevas herramientas en un contexto de crisis. La Escuela de Psicolog\u00eda Social de C\u00f3rdoba \u00a0Dr. Enrique Pichon Riviere invita la charla \u201cLa dial\u00e9ctica materialista como fundamento filos\u00f3fico de la Psicolog\u00eda Social y de las dem\u00e1s ciencias sociales\u201d. La actividad se [&hellip;]<\/p>\n","protected":false},"author":7,"featured_media":45188,"comment_status":"open","ping_status":"open","sticky":false,"template":"","format":"standard","meta":{"_exactmetrics_skip_tracking":false,"_exactmetrics_sitenote_active":false,"_exactmetrics_sitenote_note":"","_exactmetrics_sitenote_category":0,"jnews-multi-image_gallery":[],"jnews_single_post":{"format":"standard","override":[{"template":"1","parallax":"1","fullscreen":"1","layout":"no-sidebar-narrow","sidebar":"default-sidebar","second_sidebar":"default-sidebar","sticky_sidebar":"1","share_position":"bottom","share_float_style":"share-monocrhome","show_share_counter":"1","show_view_counter":"1","show_post_meta":"1","show_post_author_image":"1","show_post_date":"1","post_date_format":"default","post_date_format_custom":"Y\/m\/d","show_post_category":"1","show_post_reading_time":"0","post_reading_time_wpm":"300","post_calculate_word_method":"str_word_count","show_zoom_button":"0","zoom_button_out_step":"2","zoom_button_in_step":"3","show_post_tag":"1","number_popup_post":"1","show_post_related":"1","show_inline_post_related":"0"}],"image_override":[{"single_post_thumbnail_size":"crop-500","single_post_gallery_size":"crop-500"}],"trending_post_position":"meta","trending_post_label":"Trending","sponsored_post_label":"Sponsored by","disable_ad":"0"},"jnews_primary_category":[],"jnews_social_meta":[],"jnews_review":[],"enable_review":"","type":"percentage","name":"","summary":"","brand":"","sku":"","good":[],"bad":[],"score_override":"","override_value":"","rating":[],"price":[],"jnews_override_counter":{"view_counter_number":"0","share_counter_number":"0","like_counter_number":"0","dislike_counter_number":"0"},"jnews_post_split":{"post_split":[{"template":"1","tag":"h2","numbering":"asc","mode":"normal","first":"0","enable_toc":"0","toc_type":"normal"}]},"footnotes":""},"categories":[88],"tags":[395,1367,1365,1366],"class_list":["post-45187","post","type-post","status-publish","format-standard","has-post-thumbnail","hentry","category-formacion","tag-ate-cordoba","tag-pichon-riviere","tag-psicologia-social","tag-rosa-nassif"],"jetpack_featured_media_url":"https:\/\/atecordoba.org\/wp-content\/uploads\/2024\/08\/rosa-nassif-e1724170960849.png","_links":{"self":[{"href":"https:\/\/atecordoba.org\/index.php?rest_route=\/wp\/v2\/posts\/45187","targetHints":{"allow":["GET"]}}],"collection":[{"href":"https:\/\/atecordoba.org\/index.php?rest_route=\/wp\/v2\/posts"}],"about":[{"href":"https:\/\/atecordoba.org\/index.php?rest_route=\/wp\/v2\/types\/post"}],"author":[{"embeddable":true,"href":"https:\/\/atecordoba.org\/index.php?rest_route=\/wp\/v2\/users\/7"}],"replies":[{"embeddable":true,"href":"https:\/\/atecordoba.org\/index.php?rest_route=%2Fwp%2Fv2%2Fcomments&post=45187"}],"version-history":[{"count":2,"href":"https:\/\/atecordoba.org\/index.php?rest_route=\/wp\/v2\/posts\/45187\/revisions"}],"predecessor-version":[{"id":45191,"href":"https:\/\/atecordoba.org\/index.php?rest_route=\/wp\/v2\/posts\/45187\/revisions\/45191"}],"wp:featuredmedia":[{"embeddable":true,"href":"https:\/\/atecordoba.org\/index.php?rest_route=\/wp\/v2\/media\/45188"}],"wp:attachment":[{"href":"https:\/\/atecordoba.org\/index.php?rest_route=%2Fwp%2Fv2%2Fmedia&parent=45187"}],"wp:term":[{"taxonomy":"category","embeddable":true,"href":"https:\/\/atecordoba.org\/index.php?rest_route=%2Fwp%2Fv2%2Fcategories&post=45187"},{"taxonomy":"post_tag","embeddable":true,"href":"https:\/\/atecordoba.org\/index.php?rest_route=%2Fwp%2Fv2%2Ftags&post=45187"}],"curies":[{"name":"wp","href":"https:\/\/api.w.org\/{rel}","templated":true}]}}