{"id":45182,"date":"2024-08-20T11:23:43","date_gmt":"2024-08-20T14:23:43","guid":{"rendered":"https:\/\/atecordoba.org\/?p=45182"},"modified":"2024-08-20T11:29:44","modified_gmt":"2024-08-20T14:29:44","slug":"giuliani-y-la-presencia-de-ate-en-traslasierra-nosotros-bregamos-por-una-conciencia-colectiva","status":"publish","type":"post","link":"https:\/\/atecordoba.org\/?p=45182","title":{"rendered":"Giuliani y la presencia de ATE en Traslasierra: &#8220;Nosotros bregamos por una conciencia colectiva"},"content":{"rendered":"<p><em>El secretario General de ATE C\u00f3rdoba brind\u00f3 un panorama de la actualidad estatal en la regi\u00f3n y explic\u00f3 la postura de nuestro gremio frente al primer semestre de gobierno de Milei, sus implicancias en la provincia y los efectos en los territorios. Condena a la presencia yanqui en Fabricaciones Militares.<\/em><\/p>\n<p><img loading=\"lazy\" decoding=\"async\" class=\"alignright wp-image-45030 \" src=\"https:\/\/atecordoba.org\/wp-content\/uploads\/2024\/08\/IMG-20240807-WA0223-scaled.jpg\" alt=\"\" width=\"494\" height=\"878\" srcset=\"https:\/\/atecordoba.org\/wp-content\/uploads\/2024\/08\/IMG-20240807-WA0223-scaled.jpg 1440w, https:\/\/atecordoba.org\/wp-content\/uploads\/2024\/08\/IMG-20240807-WA0223-169x300.jpg 169w, https:\/\/atecordoba.org\/wp-content\/uploads\/2024\/08\/IMG-20240807-WA0223-576x1024.jpg 576w, https:\/\/atecordoba.org\/wp-content\/uploads\/2024\/08\/IMG-20240807-WA0223-768x1365.jpg 768w, https:\/\/atecordoba.org\/wp-content\/uploads\/2024\/08\/IMG-20240807-WA0223-864x1536.jpg 864w, https:\/\/atecordoba.org\/wp-content\/uploads\/2024\/08\/IMG-20240807-WA0223-1152x2048.jpg 1152w, https:\/\/atecordoba.org\/wp-content\/uploads\/2024\/08\/IMG-20240807-WA0223-750x1333.jpg 750w, https:\/\/atecordoba.org\/wp-content\/uploads\/2024\/08\/IMG-20240807-WA0223-1140x2027.jpg 1140w\" sizes=\"auto, (max-width: 494px) 100vw, 494px\" \/><\/p>\n<p>A ra\u00edz de la recorrida que la conducci\u00f3n provincial de ATE C\u00f3rdoba en el Valle de Traslasierra, el secretario General del Consejo Directivo Provincial (CDP), Federico Giuliani, concedi\u00f3 una entrevista al Multimedio CEMDO de Villa Dolores, donde fijo la estrategia de crecimiento de nuestro gremio en el valle.<\/p>\n<p>Junto a Giuliani, integran la comitiva que recorre la regi\u00f3n la secretaria de Prensa, Julia Giuliani, el secretario de Finanzas, Ricardo Reyna, y su par Administrativa, Cintia Conesta.<\/p>\n<p>La Comuna San Lorenzo, la Municipalidad de Mina Clavero el hospital municipal Luis Mar\u00eda Bellodi, el encuentro\u00a0 militante de ATE con el activo en Arroyo Los Patos, Nono, Mina Clavero y Villa Cura Brochero, Anses de Villa Dolores y el Hospital Regional de Villa Dolores, la Comuna de La Paz, son algunos de los puntos del cronograma de visitas.<\/p>\n<p>&#8220;Vamos a territorializar&#8221;, defini\u00f3 Giuliani ante la requisitoria period\u00edstica.<\/p>\n<p>El dirigente describi\u00f3 el proceso organizativo en Traslasierra explicando que &#8220;empezamos este proceso en la pandemia y desde el comienzo nos planteamos expandir territorialmente el sindicato, siendo una opci\u00f3n para los laburantes. As\u00ed logramos ser hoy una alternativa real a los gremios municipales, muchos de ellos verdaderas financieras que no sostienen la pelea de los trabajadores defendiendo derechos&#8221;.<\/p>\n<p>El secretario General hizo extensivo el an\u00e1lisis a los estatales provinciales y nacionales, toda vez que &#8220;lo vemos al SEP ante cada paritaria a contramano de la realidad de los laburantes. Mientras, muchos trabajadores y trabajadoras de organismos nacionales ubicados en el interior provincial est\u00e1n sufriendo de la tremenda pol\u00edtica de ajuste que lleva adelante Javier Milei, con despidos, cierres de dependencias y el retiro total del Estado nacional de las provincias&#8221;.<\/p>\n<p>&#8220;Ante ese marco, seguimos organiz\u00e1ndonos, m\u00e1s all\u00e1 de las imputaciones y de todas las cuestiones judiciales que nos toca vivir para sacarnos de la cancha. Estamos en un buen momento y por eso apuntamos a territorializar y tratar de crecer en cantidad y calidad organizativa&#8221;, confirm\u00f3.<\/p>\n<p><strong>Estrategia y resistencia<\/strong><\/p>\n<p>Consultado por la estrategia de ATE en C\u00f3rdoba frente al panorama generado por este primer semestre de 2024, nuestro secretario General dijo que &#8220;<a href=\"https:\/\/atecordoba.org\/wp-content\/uploads\/2024\/08\/panal-reverso-750x536.jpg\">somos de los pocos gremios que enfrentamos el ajuste de Llaryora<\/a>, nos <a href=\"https:\/\/atecordoba.org\/?p=45109\">solidarizamos<\/a> con los trabajadores universitarios de los SRT y <a href=\"https:\/\/atecordoba.org\/?p=45042\">denunciamos la avanzada yanqui<\/a> sobre nuestro patrimonio industrial\u00a0 del complejo cient\u00edfico t\u00e9cnico y de la producci\u00f3n para la defensa&#8221;.<\/p>\n<p>Respecto a los provinciales, Giuliani remarc\u00f3 que &#8220;el primer paro a Llaryora se lo hicimos el 9 de enero. Cre\u00edamos en ese momento que la motosierra iba a pasar por el Estado nacional pero tambi\u00e9n paso por el Estado provincial, hubo cientos de despidos. Nosotros logramos conformar una medida gremial importante a Casa de Gobierno y para luego reincorporar a quienes estaban representados por ATE. Recuperamos pr\u00e1cticamente la totalidad de esos puestos de trabajo que hab\u00edan sido injustamente perdidos&#8221;.<\/p>\n<p>Posteriormente se refiri\u00f3 a la situaci\u00f3n en el Estado Nacional. &#8220;Entre marzo y abril tuvimos miles de despidos en todo el pa\u00eds, unos 160 son cordobeses. Hablamos de compa\u00f1eras y compa\u00f1eros que ya no tienen m\u00e1s laburo, con m\u00e1s de 50 a\u00f1os edad, fuera del mercado laboral. Si vemos las \u00faltimas estad\u00edsticas donde m\u00e1s de un mill\u00f3n de pibes no comen a la noche y la pobreza se extiende por todos lados, conseguir un trabajo es duro. Estamos hablando de compa\u00f1eros que dejaron todo para sostener el Estado nacional&#8221;.<\/p>\n<p><strong>Gobierno cipayo<\/strong><\/p>\n<p>Seguidamente, Giuliani mencion\u00f3 las denuncias que realiz\u00f3 ATE sobre la presencia norteamericana en Fabricaciones Militares. &#8220;Ante la pol\u00edtica de entrega de este gobierno, denunciamos la visita de EEUU en la F\u00e1brica Militar de R\u00edo Tercero con el \u00e1nimo de querer comprarla. Si bien es un organismo que qued\u00f3 afuera de las privatizaciones de la Ley Bases, siempre encuentran la maniobra legal para que accionistas privados vengan a adquirirla. Es as\u00ed que a partir de septiembre pasar\u00e1 FFMM de ser una Sociedad del Estado, con 100% capital del Estado Nacional, a conformarse en una Sociedad An\u00f3nima, con la gravedad que la compre un gobierno como EEUU, comprometido en el marco de la OTAN en una guerra en Ucrania&#8221;.<\/p>\n<p>Y denunci\u00f3 que &#8220;Javier Milei nos est\u00e1 llevando no solo a la destrucci\u00f3n del empleo p\u00fablico y la privatizaci\u00f3n de empresas estrat\u00e9gicas para el Estado nacional sino tambi\u00e9n aline\u00e1ndonos en un conflicto b\u00e9lico totalmente ajeno. Estas situaciones ya se vivieron en los \u201990, de hecho a la F\u00e1brica de R\u00edo Tercero la volaron en el \u201995 durante el menemismo porque contrabandeaban armamento a Croacia y Ecuador. Lo mismo sucedi\u00f3 con la Embajada de Israel y con la AMIA.\u00a0Lamentablemente estos alineamientos internacionales impactan en lo local y claro que es muy grave que una bandera norteamericana est\u00e9 flameando en un organismo nacional&#8221;.<\/p>\n<p><strong>Estrategia organizativa<\/strong><\/p>\n<p>Luego el dirigente explic\u00f3 la situaci\u00f3n que afronta nuestra organizaci\u00f3n en el territorio. Y destac\u00f3 que &#8220;ATE tiene una gran potencialidad para crecer, lo venimos haciendo de forma sostenida, tal vez no masiva porque convengamos que, al igual que otras instituciones intermedias de la sociedad, los sindicatos tambi\u00e9n estamos en una crisis de representatividad y no es sencillo que la gente conf\u00ede de una en que el gremio va a garantizar derechos. Te miran de reojo, pero creemos en el ejemplo que predican las y los delegados, as\u00ed como los dirigentes. Nosotros bregamos por una conciencia colectiva&#8221;.<\/p>\n<p>Giuliani concluy\u00f3: &#8220;ojala que objetivo que nos planteamos pueda concretar en breve para que Traslasierra sea una seccional con autonom\u00eda y ATE pueda crecer con una estructura aut\u00f3noma, \u00e1gil, din\u00e1mica, que nos permita ser una referencia para las y los estatales del valle&#8221;.<\/p>\n","protected":false},"excerpt":{"rendered":"<p>El secretario General de ATE C\u00f3rdoba brind\u00f3 un panorama de la actualidad estatal en la regi\u00f3n y explic\u00f3 la postura de nuestro gremio frente al primer semestre de gobierno de Milei, sus implicancias en la provincia y los efectos en los territorios. Condena a la presencia yanqui en Fabricaciones Militares. A ra\u00edz de la recorrida [&hellip;]<\/p>\n","protected":false},"author":7,"featured_media":45043,"comment_status":"open","ping_status":"open","sticky":false,"template":"","format":"standard","meta":{"_exactmetrics_skip_tracking":false,"_exactmetrics_sitenote_active":false,"_exactmetrics_sitenote_note":"","_exactmetrics_sitenote_category":0,"jnews-multi-image_gallery":[],"jnews_single_post":{"format":"standard","override":[{"template":"1","parallax":"1","fullscreen":"1","layout":"no-sidebar-narrow","sidebar":"default-sidebar","second_sidebar":"default-sidebar","sticky_sidebar":"1","share_position":"bottom","share_float_style":"share-monocrhome","show_share_counter":"1","show_view_counter":"1","show_post_meta":"1","show_post_author_image":"1","show_post_date":"1","post_date_format":"default","post_date_format_custom":"Y\/m\/d","show_post_category":"1","show_post_reading_time":"0","post_reading_time_wpm":"300","post_calculate_word_method":"str_word_count","show_zoom_button":"0","zoom_button_out_step":"2","zoom_button_in_step":"3","show_post_tag":"1","number_popup_post":"1","show_post_related":"1","show_inline_post_related":"0"}],"image_override":[{"single_post_thumbnail_size":"crop-500","single_post_gallery_size":"crop-500"}],"trending_post_position":"meta","trending_post_label":"Trending","sponsored_post_label":"Sponsored by","disable_ad":"0"},"jnews_primary_category":[],"jnews_social_meta":[],"jnews_review":[],"enable_review":"","type":"percentage","name":"","summary":"","brand":"","sku":"","good":[],"bad":[],"score_override":"","override_value":"","rating":[],"price":[],"jnews_override_counter":{"view_counter_number":"0","share_counter_number":"0","like_counter_number":"0","dislike_counter_number":"0"},"jnews_post_split":{"post_split":[{"template":"1","tag":"h2","numbering":"asc","mode":"normal","first":"0","enable_toc":"0","toc_type":"normal"}]},"footnotes":""},"categories":[341],"tags":[759,1352],"class_list":["post-45182","post","type-post","status-publish","format-standard","has-post-thumbnail","hentry","category-cdp","tag-federico-giuliani","tag-valle-de-traslasierra"],"jetpack_featured_media_url":"https:\/\/atecordoba.org\/wp-content\/uploads\/2024\/08\/fede-1.jpg","_links":{"self":[{"href":"https:\/\/atecordoba.org\/index.php?rest_route=\/wp\/v2\/posts\/45182","targetHints":{"allow":["GET"]}}],"collection":[{"href":"https:\/\/atecordoba.org\/index.php?rest_route=\/wp\/v2\/posts"}],"about":[{"href":"https:\/\/atecordoba.org\/index.php?rest_route=\/wp\/v2\/types\/post"}],"author":[{"embeddable":true,"href":"https:\/\/atecordoba.org\/index.php?rest_route=\/wp\/v2\/users\/7"}],"replies":[{"embeddable":true,"href":"https:\/\/atecordoba.org\/index.php?rest_route=%2Fwp%2Fv2%2Fcomments&post=45182"}],"version-history":[{"count":3,"href":"https:\/\/atecordoba.org\/index.php?rest_route=\/wp\/v2\/posts\/45182\/revisions"}],"predecessor-version":[{"id":45185,"href":"https:\/\/atecordoba.org\/index.php?rest_route=\/wp\/v2\/posts\/45182\/revisions\/45185"}],"wp:featuredmedia":[{"embeddable":true,"href":"https:\/\/atecordoba.org\/index.php?rest_route=\/wp\/v2\/media\/45043"}],"wp:attachment":[{"href":"https:\/\/atecordoba.org\/index.php?rest_route=%2Fwp%2Fv2%2Fmedia&parent=45182"}],"wp:term":[{"taxonomy":"category","embeddable":true,"href":"https:\/\/atecordoba.org\/index.php?rest_route=%2Fwp%2Fv2%2Fcategories&post=45182"},{"taxonomy":"post_tag","embeddable":true,"href":"https:\/\/atecordoba.org\/index.php?rest_route=%2Fwp%2Fv2%2Ftags&post=45182"}],"curies":[{"name":"wp","href":"https:\/\/api.w.org\/{rel}","templated":true}]}}