{"id":45169,"date":"2024-08-19T15:31:40","date_gmt":"2024-08-19T18:31:40","guid":{"rendered":"https:\/\/atecordoba.org\/?p=45169"},"modified":"2024-08-20T09:24:10","modified_gmt":"2024-08-20T12:24:10","slug":"polo-educativo-ate-logra-conjugar-demanda-educativa-y-compromiso-gremial","status":"publish","type":"post","link":"https:\/\/atecordoba.org\/?p=45169","title":{"rendered":"Polo Educativo: ATE logra conjugar demanda educativa y compromiso gremial"},"content":{"rendered":"<p><em>En nuestra sede de Entre R\u00edos 450 hay una atractiva oferta educativa para adultos. Funcionan en el tercer piso una escuela primaria y otra secundaria, con docentes amorosos y comprometidos que valoran el esfuerzo gremial para que afiliadas y afiliados consigan su titulo oficial de trayecto educativo. Las puertas tambi\u00e9n est\u00e1n abiertas para otras y otros adultos que no formen parte de nuestra entidad.\u00a0<\/em><\/p>\n<p><img loading=\"lazy\" decoding=\"async\" class=\"aligncenter wp-image-45171 \" src=\"https:\/\/atecordoba.org\/wp-content\/uploads\/2024\/08\/IMG-20240816-WA0120.jpg\" alt=\"\" width=\"601\" height=\"338\" \/><\/p>\n<p>Por tercer a\u00f1o consecutivo el Polo Educativo se desarrolla con \u00e9xito en las sede del Consejo Directivo Provincial (CDP). Por medio de un convenio suscripto entre ATE C\u00f3rdoba y el Ministerio de Educaci\u00f3n la Escuela Primaria 25 de Mayo (ex Atahualpa Yupalqui)\u00a0 y el secundario para adultos CENMA 107 reciben estudiantes mayores de edad que aspiran a completar su trayecto educativo.<\/p>\n<p>Desde 2022, una vez superada la pandemia de Covid-19, Nuestro gremio dispuso de su infraestructura en el tercer piso del edificio de Entre R\u00edos 450 para que ambas instituciones educativas, brindando a nuestros afiliados y afiliadas la capacidad de completar sus estudios. Las escuelas reciben tambi\u00e9n a estudiantes que no forman parte de ATE completando una integraci\u00f3n muy positiva para el conjunto de la comunidad educativa que ya se asent\u00f3 en nuestra organizaci\u00f3n.<\/p>\n<p><img loading=\"lazy\" decoding=\"async\" class=\"aligncenter wp-image-45172 \" src=\"https:\/\/atecordoba.org\/wp-content\/uploads\/2024\/08\/utiles.jpg\" alt=\"\" width=\"599\" height=\"338\" srcset=\"https:\/\/atecordoba.org\/wp-content\/uploads\/2024\/08\/utiles.jpg 1024w, https:\/\/atecordoba.org\/wp-content\/uploads\/2024\/08\/utiles-300x169.jpg 300w, https:\/\/atecordoba.org\/wp-content\/uploads\/2024\/08\/utiles-768x434.jpg 768w, https:\/\/atecordoba.org\/wp-content\/uploads\/2024\/08\/utiles-750x423.jpg 750w\" sizes=\"auto, (max-width: 599px) 100vw, 599px\" \/><\/p>\n<p>&#8220;Como gremio reivindicamos el derecho de toda persona afiliada a la educaci\u00f3n y ser una herramienta que articule para poder implementar este lineamiento a los afiliados&#8221;, apunt\u00f3 el secretario de Finanzas Ricardo Reyna, uno de los dirigentes que firm\u00f3 recientemente el convenio con la cartera educativa.<\/p>\n<p>&#8220;Las escuelas est\u00e1n funcionando muy bien, estamos contentos.\u00a0El convenio otorga los t\u00edtulos oficiales que brindan las escuelas provinciales y garantiza la presencia docente para cumplimentar la ense\u00f1anza. Por su parte, el gremio brinda el espacio f\u00edsico y las condiciones administrativas que conlleva como la impresi\u00f3n de los m\u00f3dulos, la seguridad en el edificio y el servicio de emergencias&#8221;, describi\u00f3 Reyna.<\/p>\n<p><img loading=\"lazy\" decoding=\"async\" class=\"wp-image-45173 alignright\" src=\"https:\/\/atecordoba.org\/wp-content\/uploads\/2024\/08\/IMG-20240816-WA0080.jpg\" alt=\"\" width=\"376\" height=\"668\" srcset=\"https:\/\/atecordoba.org\/wp-content\/uploads\/2024\/08\/IMG-20240816-WA0080.jpg 900w, https:\/\/atecordoba.org\/wp-content\/uploads\/2024\/08\/IMG-20240816-WA0080-169x300.jpg 169w, https:\/\/atecordoba.org\/wp-content\/uploads\/2024\/08\/IMG-20240816-WA0080-576x1024.jpg 576w, https:\/\/atecordoba.org\/wp-content\/uploads\/2024\/08\/IMG-20240816-WA0080-768x1365.jpg 768w, https:\/\/atecordoba.org\/wp-content\/uploads\/2024\/08\/IMG-20240816-WA0080-864x1536.jpg 864w, https:\/\/atecordoba.org\/wp-content\/uploads\/2024\/08\/IMG-20240816-WA0080-750x1333.jpg 750w\" sizes=\"auto, (max-width: 376px) 100vw, 376px\" \/><\/p>\n<p>El impulso a la iniciativa de parte del secretario General de ATE C\u00f3rdoba, Federico Giuliani, ha sido constante en estos a\u00f1os. &#8220;Creemos en la premisa que los derechos de comunidad est\u00e1n para llevarlos a la pr\u00e1ctica. Los y las estatales lo sabemos bien porque parte de\u00a0 nuestro trabajo en los distintos organismos es hacer efectivos los derechos de la poblaci\u00f3n. En ATE tambi\u00e9n lo tenemos como pol\u00edtica propia y vamos a seguir por el mismo camino&#8221;, expres\u00f3 el dirigente.<\/p>\n<p><strong>Secundaria<\/strong><\/p>\n<p>Amarilis Pueblo es coordinadora del CENMA 107 sede N\u00b02 que funciona en las instalaciones de ATE. Desde hace 12 a\u00f1os tiene la cargo la coordinaci\u00f3n de educaci\u00f3n para adultos.<\/p>\n<p>&#8220;En ATE empezamos en junio de 2023 con una muy buena matr\u00edcula de C\u00f3rdoba Capital y el Interior&#8221;, comenta Pueblo .<\/p>\n<p>La modalidad est\u00e1 planteada con los m\u00f3dulos de estudio del Ministerio que pueden descargarse de la web de la Direcci\u00f3n General de J\u00f3venes y Adultos de la cartera educativa.<\/p>\n<p>La docente explica que &#8220;de acuerdo al trayecto educativo con que llega la o el estudiante es que puede comenzar con el curso inicial o m\u00e1s avanzado&#8221;.<\/p>\n<p>Los m\u00f3dulos cuentan con los contenido te\u00f3ricos y actividad pr\u00e1cticas para realizar en la casa. Adem\u00e1s, el CENMA tiene\u00a0 como soporte un equipo de docentes tutores por \u00e1rea que ayudan a las y los estudiantes a avanzar en su trayectoria.<\/p>\n<p>&#8220;Las t\u00edpicas materias como matem\u00e1tica, lengua, ingl\u00e9s, ciencias naturales y ciencias sociales. Luego la \u00e1reas t\u00e9cnicas profesionales, ac\u00e1 la orientaci\u00f3n es \u201ceconom\u00eda y administraci\u00f3n\u201d y la propuesta est\u00e1 planteada para que ante cualquier duda y consulta vengan a este espacio donde los docentes le pueden explicar&#8221;, describe Pueblo. Son siete docentes, entre dos coordinadores, un administrativo, una pedag\u00f3gica, que sostienen el proyecto educativo.<img loading=\"lazy\" decoding=\"async\" class=\"alignleft wp-image-45174 \" src=\"https:\/\/atecordoba.org\/wp-content\/uploads\/2024\/08\/IMG-20240816-WA0086.jpg\" alt=\"\" width=\"399\" height=\"709\" srcset=\"https:\/\/atecordoba.org\/wp-content\/uploads\/2024\/08\/IMG-20240816-WA0086.jpg 900w, https:\/\/atecordoba.org\/wp-content\/uploads\/2024\/08\/IMG-20240816-WA0086-169x300.jpg 169w, https:\/\/atecordoba.org\/wp-content\/uploads\/2024\/08\/IMG-20240816-WA0086-576x1024.jpg 576w, https:\/\/atecordoba.org\/wp-content\/uploads\/2024\/08\/IMG-20240816-WA0086-768x1365.jpg 768w, https:\/\/atecordoba.org\/wp-content\/uploads\/2024\/08\/IMG-20240816-WA0086-864x1536.jpg 864w, https:\/\/atecordoba.org\/wp-content\/uploads\/2024\/08\/IMG-20240816-WA0086-750x1333.jpg 750w\" sizes=\"auto, (max-width: 399px) 100vw, 399px\" \/><\/p>\n<p><strong>Balance<\/strong><\/p>\n<p>Para la docente el balance es positivo. &#8220;Tenemos\u00a0 una matr\u00edcula de 87 estudiantes para adultos, la mayor\u00eda son afiliadas activos o jubilados, o familiares. Tambi\u00e9n vienen algunos estudiantes derivados del CENMA 107, ubicado en la calle Tr\u00e1nsito C\u00e1ceres, por los horarios&#8221;.<\/p>\n<p>&#8220;Nuestra propuesta es que vengan y lleven adelante las tutor\u00edas y nos ayuden a avanzar. Si no dispon\u00e9s de tiempo en los d\u00edas cuando est\u00e1n presentes los docentes podes estudiar solo con el modulo descargado u online y luego ir a rendir los ex\u00e1menes. Esto un proceso que avanza muy bien&#8221;.<\/p>\n<p>Los estudiantes llegan en instancias diferentes, ninguno viene de la misma realidad. Por eso el dictado de clases no es el convencional, sino que cada alumno est\u00e1 realizando actividades diferentes. As\u00ed est\u00e1 planteado y por eso el acompa\u00f1amiento del docentes es muy importante. &#8220;Hasta que no entiendas los contenidos educativos no podes avanzar. Nos paramos desde ese lugar y te acompa\u00f1amos hasta que avances y seguimos progresando&#8221;, agrega la coordinadora.<\/p>\n<p>Y destac\u00f3 &#8220;el apoyo permanente del sindicato que brinda su infraestructura y da apoyo log\u00edstico a los estudiantes. Ac\u00e1 se les imprimen los m\u00f3dulos de estudio, si no lo tienen que hacer ellos y no es un m\u00f3dulo chiquito. Nos destinaron un piso tanto para la primaria, el secundario y el terciario&#8221;.<\/p>\n<p><strong>&#8220;Animens\u00e9&#8221;<\/strong><\/p>\n<p>Pablo tiene 40 a\u00f1os y es due\u00f1o de un lavacoches. Oriundo de Tanti, vive en C\u00f3rdoba hace muchos a\u00f1os y sinti\u00f3 que con la apertura del Polo Educativo en ATE se le abri\u00f3 la posibilidad pendiente de completar sus estudios. &#8220;Me quedaba colgado el segundo ciclo del secundario. Viene por parte de una amigo que le coment\u00f3 la posibilidad, hoy estoy haciendo cuarto, quinto y sexto a\u00f1o. La iniciativa del sindicato me parece una muy buena idea y gran oportunidad para los que no pudimos completar en tiempo y forma&#8221;, dice el alumno.<\/p>\n<p><img loading=\"lazy\" decoding=\"async\" class=\"alignright wp-image-45175 \" src=\"https:\/\/atecordoba.org\/wp-content\/uploads\/2024\/08\/IMG-20240816-WA0075.jpg\" alt=\"\" width=\"335\" height=\"596\" srcset=\"https:\/\/atecordoba.org\/wp-content\/uploads\/2024\/08\/IMG-20240816-WA0075.jpg 900w, https:\/\/atecordoba.org\/wp-content\/uploads\/2024\/08\/IMG-20240816-WA0075-169x300.jpg 169w, https:\/\/atecordoba.org\/wp-content\/uploads\/2024\/08\/IMG-20240816-WA0075-576x1024.jpg 576w, https:\/\/atecordoba.org\/wp-content\/uploads\/2024\/08\/IMG-20240816-WA0075-768x1365.jpg 768w, https:\/\/atecordoba.org\/wp-content\/uploads\/2024\/08\/IMG-20240816-WA0075-864x1536.jpg 864w, https:\/\/atecordoba.org\/wp-content\/uploads\/2024\/08\/IMG-20240816-WA0075-750x1333.jpg 750w\" sizes=\"auto, (max-width: 335px) 100vw, 335px\" \/>El trabajo docente es incentivarlos a los estudiante para que prosigan porque no es f\u00e1cil para el adulto tener continuidad por la vida misma: los horarios, el trabajo, el cansancio. La persona que se inscribe quiere estudiar tiene el acompa\u00f1amiento necesario. Los profes preparan gu\u00edas de estudio y muchas herramientas extras, adem\u00e1s de los m\u00f3dulos, para que el estudiante no se frustre en su hogar ante la aparici\u00f3n de un escollo en su camino de aprendizaje, por alguna dificultad u objetivo que no le sale. Hay muy buena comunicaci\u00f3n con todos.<\/p>\n<p>&#8220;Me parece una muy buena experiencia que ATE lo haga. El edificio es de primer nivel, muy buen trato con al gente del gremio. De la misma forma, los docentes. Tengo ganas de seguir, despu\u00e9s de terminar el secundario&#8221;, sostiene Pablo.<\/p>\n<p>Y su familia est\u00e1 feliz. &#8220;Ahora con 40 a\u00f1os, s\u00e9 que para terminar nunca es tarde. Y te abre muchas puertas porque cualquier trabajo pide secundario completo&#8221;.<\/p>\n<p>Por eso los docentes hacen foco, depende de la edad en que ingresan, en acompa\u00f1ar los objetivos personales en funci\u00f3n del esfuerzo realizado. Para el chico de 19 a\u00f1os que viene terminar el secundario es una herramienta en su desarrollo laboral, para el jubilado es concretar una cuenta pendiente. Otros con 50 a\u00f1os quieren demostrar a sus hijos que el estudio es un camino para salir adelante.<\/p>\n<p><strong>Primaria<\/strong><\/p>\n<p>La primaria 25 de Mayo va a su ritmo pero cumpliendo objetivo desde que se inici\u00f3 all\u00e1 por 2022. Andr\u00e9s Pailos es uno de los maestros de nivel primario. Este a\u00f1o a cargo de ciencias social, ciencias naturales y formaci\u00f3n para el trabajo.<\/p>\n<p><img loading=\"lazy\" decoding=\"async\" class=\"alignleft wp-image-45176 \" src=\"https:\/\/atecordoba.org\/wp-content\/uploads\/2024\/08\/IMG-20240816-WA0076.jpg\" alt=\"\" width=\"285\" height=\"507\" srcset=\"https:\/\/atecordoba.org\/wp-content\/uploads\/2024\/08\/IMG-20240816-WA0076.jpg 900w, https:\/\/atecordoba.org\/wp-content\/uploads\/2024\/08\/IMG-20240816-WA0076-169x300.jpg 169w, https:\/\/atecordoba.org\/wp-content\/uploads\/2024\/08\/IMG-20240816-WA0076-576x1024.jpg 576w, https:\/\/atecordoba.org\/wp-content\/uploads\/2024\/08\/IMG-20240816-WA0076-768x1365.jpg 768w, https:\/\/atecordoba.org\/wp-content\/uploads\/2024\/08\/IMG-20240816-WA0076-864x1536.jpg 864w, https:\/\/atecordoba.org\/wp-content\/uploads\/2024\/08\/IMG-20240816-WA0076-750x1333.jpg 750w\" sizes=\"auto, (max-width: 285px) 100vw, 285px\" \/>&#8220;Veo b\u00e1rbaro la experiencia. ATE nos dio la infraestructura y nos ayuda mucho. Esta sala nos permite dividir por niveles primera o segunda etapa.\u00a0Se nos dio m\u00e1s jerarqu\u00eda como escuela para adultos&#8221;, dice el maestro.<\/p>\n<p>&#8220;Ac\u00e1 hay lo que en una escuela no tendr\u00edamos. Una sala as\u00ed es imposible (refiri\u00e9ndose al espacio docente). En las escuelas nos mandan a cualquier rinc\u00f3n, compartiendo espacio con varios niveles m\u00e1s. La infraestructura es importante, hace a la calidad educativa y los estudiantes se sienten contenidos y cuidados. Una buena iluminaci\u00f3n, un espacio calmo, bancos en condiciones&#8221;, apunta.<\/p>\n<p>Pailos asegura que los gobierno tienen discursos muy floridos &#8220;pero a la hora de concretar nos mandan a lugares donde es muy dif\u00edcil dar clase. En ATE estamos muy bien, la experiencia de reunir la escuela con el sindicato es excelente. Ac\u00e1 nadie nos baj\u00f3 ninguna l\u00ednea, la libertad de c\u00e1tedra es total&#8221;.<\/p>\n<p>Pailos comenta que entre el material dictado en curso la semana pasada se abord\u00f3 en Ciencias sociales &#8220;el rol del sindicato&#8221;. &#8220;Este a\u00f1o me pareci\u00f3 conveniente hablar del gremio que nos brinda esta posibilidad&#8221;, sonr\u00ede.<\/p>\n<p>Para el a\u00f1o la primaria tiene por objetivo aumentar la matr\u00edcula, que es muy inferior al secundario. &#8220;Tenemos capacidad para 15 o 20 alumnos. Es importante que lleve el mensaje de que ac\u00e1 estamos y contamos con un espacio muy bueno para completar los trayectos educativos&#8221;, completa Pailos.<\/p>\n<p><strong>Aprender a leer<\/strong><\/p>\n<p>Con 70 a\u00f1os,\u00a0 Raquel Romero se decidi\u00f3 a hacer la escuela primaria que la vida le hab\u00eda negado. Fue una ni\u00f1a de San Jos\u00e9 de las Salinas que por avatares familiares fue retirada del colegio a lso 7 u 8 a\u00f1os. No se acuerda. Pero si sabe que hoy est\u00e1 muy contenta. &#8220;Me estoy animando a leer, cosa que no hac\u00eda. Antes para bajar a hacer un tr\u00e1mite al centro ten\u00eda que bajar acompa\u00f1ada&#8221;, cuenta esta empleada domestica jubilada.<\/p>\n<p><img loading=\"lazy\" decoding=\"async\" class=\"aligncenter wp-image-45177 \" src=\"https:\/\/atecordoba.org\/wp-content\/uploads\/2024\/08\/IMG-20240816-WA0116.jpg\" alt=\"\" width=\"601\" height=\"338\" srcset=\"https:\/\/atecordoba.org\/wp-content\/uploads\/2024\/08\/IMG-20240816-WA0116.jpg 1032w, https:\/\/atecordoba.org\/wp-content\/uploads\/2024\/08\/IMG-20240816-WA0116-300x169.jpg 300w, https:\/\/atecordoba.org\/wp-content\/uploads\/2024\/08\/IMG-20240816-WA0116-1024x576.jpg 1024w, https:\/\/atecordoba.org\/wp-content\/uploads\/2024\/08\/IMG-20240816-WA0116-768x432.jpg 768w, https:\/\/atecordoba.org\/wp-content\/uploads\/2024\/08\/IMG-20240816-WA0116-750x422.jpg 750w\" sizes=\"auto, (max-width: 601px) 100vw, 601px\" \/><\/p>\n<p>&#8220;Ahora estoy aprendiendo a leer bien. Me gusta mucho la matem\u00e1tica -se r\u00ede entusiasmada-. Me arreglo sola, es una orgullo para m\u00ed familia tambi\u00e9n. Mis sobrinos me felicitan todo el tiempo&#8221;<\/p>\n<p>Raquel tuvo otra experiencia en un colegio para adultos, pero se hizo dif\u00edcil por el cruce con j\u00f3venes en el aula que no asum\u00edan la responsabilidad y ella sent\u00eda que perd\u00eda el tiempo.<\/p>\n<p>Desde el a\u00f1o pasado est\u00e1 cursando. &#8220;Cada vez estoy leyendo un poco m\u00e1s&#8221;, concluye, y sus ojos brillan.<\/p>\n","protected":false},"excerpt":{"rendered":"<p>En nuestra sede de Entre R\u00edos 450 hay una atractiva oferta educativa para adultos. Funcionan en el tercer piso una escuela primaria y otra secundaria, con docentes amorosos y comprometidos que valoran el esfuerzo gremial para que afiliadas y afiliados consigan su titulo oficial de trayecto educativo. Las puertas tambi\u00e9n est\u00e1n abiertas para otras y [&hellip;]<\/p>\n","protected":false},"author":7,"featured_media":45171,"comment_status":"open","ping_status":"open","sticky":false,"template":"","format":"standard","meta":{"_exactmetrics_skip_tracking":false,"_exactmetrics_sitenote_active":false,"_exactmetrics_sitenote_note":"","_exactmetrics_sitenote_category":0,"jnews-multi-image_gallery":[],"jnews_single_post":{"format":"standard","override":[{"template":"1","parallax":"1","fullscreen":"1","layout":"no-sidebar-narrow","sidebar":"default-sidebar","second_sidebar":"default-sidebar","sticky_sidebar":"1","share_position":"bottom","share_float_style":"share-monocrhome","show_share_counter":"1","show_view_counter":"1","show_post_meta":"1","show_post_author_image":"1","show_post_date":"1","post_date_format":"default","post_date_format_custom":"Y\/m\/d","show_post_category":"1","show_post_reading_time":"0","post_reading_time_wpm":"300","post_calculate_word_method":"str_word_count","show_zoom_button":"0","zoom_button_out_step":"2","zoom_button_in_step":"3","show_post_tag":"1","number_popup_post":"1","show_post_related":"1","show_inline_post_related":"0"}],"image_override":[{"single_post_thumbnail_size":"crop-500","single_post_gallery_size":"crop-500"}],"trending_post_position":"meta","trending_post_label":"Trending","sponsored_post_label":"Sponsored by","disable_ad":"0"},"jnews_primary_category":[],"jnews_social_meta":[],"jnews_review":[],"enable_review":"","type":"percentage","name":"","summary":"","brand":"","sku":"","good":[],"bad":[],"score_override":"","override_value":"","rating":[],"price":[],"jnews_override_counter":{"view_counter_number":"0","share_counter_number":"0","like_counter_number":"0","dislike_counter_number":"0"},"jnews_post_split":{"post_split":[{"template":"1","tag":"h2","numbering":"asc","mode":"normal","first":"0","enable_toc":"0","toc_type":"normal"}]},"footnotes":""},"categories":[564],"tags":[],"class_list":["post-45169","post","type-post","status-publish","format-standard","has-post-thumbnail","hentry","category-educacion"],"jetpack_featured_media_url":"https:\/\/atecordoba.org\/wp-content\/uploads\/2024\/08\/IMG-20240816-WA0120-e1724092325757.jpg","_links":{"self":[{"href":"https:\/\/atecordoba.org\/index.php?rest_route=\/wp\/v2\/posts\/45169","targetHints":{"allow":["GET"]}}],"collection":[{"href":"https:\/\/atecordoba.org\/index.php?rest_route=\/wp\/v2\/posts"}],"about":[{"href":"https:\/\/atecordoba.org\/index.php?rest_route=\/wp\/v2\/types\/post"}],"author":[{"embeddable":true,"href":"https:\/\/atecordoba.org\/index.php?rest_route=\/wp\/v2\/users\/7"}],"replies":[{"embeddable":true,"href":"https:\/\/atecordoba.org\/index.php?rest_route=%2Fwp%2Fv2%2Fcomments&post=45169"}],"version-history":[{"count":3,"href":"https:\/\/atecordoba.org\/index.php?rest_route=\/wp\/v2\/posts\/45169\/revisions"}],"predecessor-version":[{"id":45180,"href":"https:\/\/atecordoba.org\/index.php?rest_route=\/wp\/v2\/posts\/45169\/revisions\/45180"}],"wp:featuredmedia":[{"embeddable":true,"href":"https:\/\/atecordoba.org\/index.php?rest_route=\/wp\/v2\/media\/45171"}],"wp:attachment":[{"href":"https:\/\/atecordoba.org\/index.php?rest_route=%2Fwp%2Fv2%2Fmedia&parent=45169"}],"wp:term":[{"taxonomy":"category","embeddable":true,"href":"https:\/\/atecordoba.org\/index.php?rest_route=%2Fwp%2Fv2%2Fcategories&post=45169"},{"taxonomy":"post_tag","embeddable":true,"href":"https:\/\/atecordoba.org\/index.php?rest_route=%2Fwp%2Fv2%2Ftags&post=45169"}],"curies":[{"name":"wp","href":"https:\/\/api.w.org\/{rel}","templated":true}]}}