{"id":45162,"date":"2024-08-19T12:22:21","date_gmt":"2024-08-19T15:22:21","guid":{"rendered":"https:\/\/atecordoba.org\/?p=45162"},"modified":"2024-08-19T12:22:21","modified_gmt":"2024-08-19T15:22:21","slug":"recorriendo-territorios-el-cdp-visitara-esta-semana-localidades-de-traslasierra","status":"publish","type":"post","link":"https:\/\/atecordoba.org\/?p=45162","title":{"rendered":"Recorriendo Territorios: el CDP visitar\u00e1 esta semana localidades de Traslasierra"},"content":{"rendered":"<p><em>La presencia territorial y el contacto de las y los dirigentes con las y los afiliados son herramientas fundamentales del crecimiento organizativo de ATE en el interior provincial. Se realizar\u00e1n varias audiencias con municipios donde ATE cuenta con la representaci\u00f3n de las y los estatales municipales.\u00a0<\/em><\/p>\n<p><img loading=\"lazy\" decoding=\"async\" class=\"alignleft wp-image-45163 \" src=\"https:\/\/atecordoba.org\/wp-content\/uploads\/2024\/08\/recorrido-territorial-traslasierra-576x1024.jpg\" alt=\"\" width=\"277\" height=\"492\" \/>En el marco de la consolidaci\u00f3n de las estructuras organizativas de nuestro sindicato en el Valle de Traslasierra, una delegaci\u00f3n de dirigentes encabezados por el secretario General del Consejo Directivo Provincial (CDP), Federico Giuliani, recorrer\u00e1 diversas localidades para avanzar en el contacto con las y los estatales de la regi\u00f3n.<\/p>\n<p>La intenci\u00f3n es recabar la temperatura de la zona respecto al brutal ajuste que el Estado est\u00e1 imponiendo en todo el territorio, sea a nivel nacional y provincial a trav\u00e9s de los organismos ajustado o los programas desfinanciados, y a nivel municipal para abordar las distintas realidades de cada pueblo, ciudad y comuna, para integrar la informaci\u00f3n local y las demandas de nuestras y nuestros afiliados a una perspectiva provincial.<\/p>\n<p>Junto a Giuliani, integran la comitiva la secretaria de Prensa, Julia Giuliani, el secretario de Finanzas, Ricardo Reyna, y su par Administrativa, Cintia Conesta.<\/p>\n<p>De esta manera, ma\u00f1ana martes 20 de agosto, la conducci\u00f3n de ATE tiene previsto estar a las 10 horas en la Comuna San Lorenzo; para las 12 horas ser\u00e1n recibida en audiencia por el Departamento Ejecutivo de Mina Clavero; a las 14 horas se realizar\u00e1 una asamblea en el hospital municipal Luis Mar\u00eda Bellodi de dicha localidad.<\/p>\n<p>Luego, a las 18 horas, est\u00e1 convocada la militancia de ATE en Arroyo Los Patos, Nono, Mina Clavero y Villa Cura Brochero para realizar un encuentro organizativo.<\/p>\n<p>Para el mi\u00e9rcoles 21 de agosto, la comitiva de dirigentes de ATE recorrer\u00e1 la delegaci\u00f3n de Anses de Villa Dolores a las 9 horas y el Hospital Regional de Villa Dolores a las 10 horas. En tanto, para las 12 est\u00e1 previsto participar de una audiencia con el Departamento Ejecutivo municipal de la localidad de La Paz.<\/p>\n<p>&nbsp;<\/p>\n","protected":false},"excerpt":{"rendered":"<p>La presencia territorial y el contacto de las y los dirigentes con las y los afiliados son herramientas fundamentales del crecimiento organizativo de ATE en el interior provincial. Se realizar\u00e1n varias audiencias con municipios donde ATE cuenta con la representaci\u00f3n de las y los estatales municipales.\u00a0 En el marco de la consolidaci\u00f3n de las estructuras [&hellip;]<\/p>\n","protected":false},"author":7,"featured_media":45163,"comment_status":"open","ping_status":"open","sticky":false,"template":"","format":"standard","meta":{"_exactmetrics_skip_tracking":false,"_exactmetrics_sitenote_active":false,"_exactmetrics_sitenote_note":"","_exactmetrics_sitenote_category":0,"jnews-multi-image_gallery":[],"jnews_single_post":{"format":"standard","override":[{"template":"1","parallax":"1","fullscreen":"1","layout":"no-sidebar-narrow","sidebar":"default-sidebar","second_sidebar":"default-sidebar","sticky_sidebar":"1","share_position":"bottom","share_float_style":"share-monocrhome","show_share_counter":"1","show_view_counter":"1","show_post_meta":"1","show_post_author_image":"1","show_post_date":"1","post_date_format":"default","post_date_format_custom":"Y\/m\/d","show_post_category":"1","show_post_reading_time":"0","post_reading_time_wpm":"300","post_calculate_word_method":"str_word_count","show_zoom_button":"0","zoom_button_out_step":"2","zoom_button_in_step":"3","show_post_tag":"1","number_popup_post":"1","show_post_related":"1","show_inline_post_related":"0"}],"image_override":[{"single_post_thumbnail_size":"crop-500","single_post_gallery_size":"crop-500"}],"trending_post_position":"meta","trending_post_label":"Trending","sponsored_post_label":"Sponsored by","disable_ad":"0"},"jnews_primary_category":[],"jnews_social_meta":[],"jnews_review":[],"enable_review":"","type":"percentage","name":"","summary":"","brand":"","sku":"","good":[],"bad":[],"score_override":"","override_value":"","rating":[],"price":[],"jnews_override_counter":{"view_counter_number":"0","share_counter_number":"0","like_counter_number":"0","dislike_counter_number":"0"},"jnews_post_split":{"post_split":[{"template":"1","tag":"h2","numbering":"asc","mode":"normal","first":"0","enable_toc":"0","toc_type":"normal"}]},"footnotes":""},"categories":[341],"tags":[],"class_list":["post-45162","post","type-post","status-publish","format-standard","has-post-thumbnail","hentry","category-cdp"],"jetpack_featured_media_url":"https:\/\/atecordoba.org\/wp-content\/uploads\/2024\/08\/recorrido-territorial-traslasierra-e1724080933453.jpg","_links":{"self":[{"href":"https:\/\/atecordoba.org\/index.php?rest_route=\/wp\/v2\/posts\/45162","targetHints":{"allow":["GET"]}}],"collection":[{"href":"https:\/\/atecordoba.org\/index.php?rest_route=\/wp\/v2\/posts"}],"about":[{"href":"https:\/\/atecordoba.org\/index.php?rest_route=\/wp\/v2\/types\/post"}],"author":[{"embeddable":true,"href":"https:\/\/atecordoba.org\/index.php?rest_route=\/wp\/v2\/users\/7"}],"replies":[{"embeddable":true,"href":"https:\/\/atecordoba.org\/index.php?rest_route=%2Fwp%2Fv2%2Fcomments&post=45162"}],"version-history":[{"count":1,"href":"https:\/\/atecordoba.org\/index.php?rest_route=\/wp\/v2\/posts\/45162\/revisions"}],"predecessor-version":[{"id":45165,"href":"https:\/\/atecordoba.org\/index.php?rest_route=\/wp\/v2\/posts\/45162\/revisions\/45165"}],"wp:featuredmedia":[{"embeddable":true,"href":"https:\/\/atecordoba.org\/index.php?rest_route=\/wp\/v2\/media\/45163"}],"wp:attachment":[{"href":"https:\/\/atecordoba.org\/index.php?rest_route=%2Fwp%2Fv2%2Fmedia&parent=45162"}],"wp:term":[{"taxonomy":"category","embeddable":true,"href":"https:\/\/atecordoba.org\/index.php?rest_route=%2Fwp%2Fv2%2Fcategories&post=45162"},{"taxonomy":"post_tag","embeddable":true,"href":"https:\/\/atecordoba.org\/index.php?rest_route=%2Fwp%2Fv2%2Ftags&post=45162"}],"curies":[{"name":"wp","href":"https:\/\/api.w.org\/{rel}","templated":true}]}}