{"id":45156,"date":"2024-08-19T10:01:19","date_gmt":"2024-08-19T13:01:19","guid":{"rendered":"https:\/\/atecordoba.org\/?p=45156"},"modified":"2024-08-19T11:41:23","modified_gmt":"2024-08-19T14:41:23","slug":"costo-de-vida-para-ate-indec-la-canasta-llega-en-cordoba-a-1-300-000-pesos-para-la-familia-tipo","status":"publish","type":"post","link":"https:\/\/atecordoba.org\/?p=45156","title":{"rendered":"Costo de vida: Para ATE INDEC la Canasta llega en C\u00f3rdoba a 1.300.000 pesos para la familia tipo"},"content":{"rendered":"<p><em>El monto de gastos mensuales est\u00e1 compuesto por $470.411 (canasta alimentaria) + $826.542 (otros consumos m\u00ednimos).\u00a0<\/em><\/p>\n<p><img loading=\"lazy\" decoding=\"async\" class=\"aligncenter wp-image-45158 \" src=\"https:\/\/atecordoba.org\/wp-content\/uploads\/2024\/08\/frente_indec.jpg\" alt=\"\" width=\"602\" height=\"357\" \/><\/p>\n<p>Hoy se dio a conocer el informe mensual de costo de vida que elabora la Junta Interna de ATE INDEC, en base al c\u00e1lculo del \u00cdndice de Precios al Consumidor que realiza el organismo, pero adaptado a la Canasta de Consumos M\u00ednimos, metodolog\u00eda propia de las y los t\u00e9cnicos de la junta Interna.<\/p>\n<p>El resultado de la estimaci\u00f3n fue para julio pasado un costo de la canasta para una familia tipo de cuatro integrantes, de $1.296.953., monto que no incluye gastos por alquiler.<\/p>\n<p>Estos casi 1.300.000 pesos est\u00e1n compuestos por $470.411 (canasta alimentaria) + $826.542 (otros consumos m\u00ednimos). En la Capital Federal y el AMBA, estos costos se elevan a 1.412.000.<\/p>\n<p><img loading=\"lazy\" decoding=\"async\" class=\"aligncenter wp-image-45157 \" src=\"https:\/\/atecordoba.org\/wp-content\/uploads\/2024\/08\/ateindec724.jpg\" alt=\"\" width=\"716\" height=\"273\" srcset=\"https:\/\/atecordoba.org\/wp-content\/uploads\/2024\/08\/ateindec724.jpg 1148w, https:\/\/atecordoba.org\/wp-content\/uploads\/2024\/08\/ateindec724-300x114.jpg 300w, https:\/\/atecordoba.org\/wp-content\/uploads\/2024\/08\/ateindec724-1024x391.jpg 1024w, https:\/\/atecordoba.org\/wp-content\/uploads\/2024\/08\/ateindec724-768x293.jpg 768w, https:\/\/atecordoba.org\/wp-content\/uploads\/2024\/08\/ateindec724-750x286.jpg 750w, https:\/\/atecordoba.org\/wp-content\/uploads\/2024\/08\/ateindec724-1140x435.jpg 1140w\" sizes=\"auto, (max-width: 716px) 100vw, 716px\" \/><\/p>\n<p>Vale mencionar que en C\u00f3rdoba es la\u00a0Direcci\u00f3n General de Estad\u00edstica y Censos el organismo, que recaba los datos duros del mercado de consumo para luego trasladarlos a la sede central de INDEC e incorporarlos al c\u00e1lculo general de los diversos guarismo.<\/p>\n<p>&#8220;La p\u00e9rdida del poder adquisitivo, que en los \u00faltimos 8 meses alcanza 22%, es un gran problema para la clase trabajadora. Los datos del mes de julio nos arrojan que los acumulados interanuales del \u00cdndice de precios al consumidor (IPC), la Canasta b\u00e1sica alimentaria (CBA) y la Canasta b\u00e1sica total (CBT), fueron de 263,4%, 263,4% y 261,8% respectivamente&#8221;, inform\u00f3 el reporte de ATE INDEC.<\/p>\n<p>Y agreg\u00f3: &#8220;Seguimos sosteniendo, en este caso frente al 4% de variaci\u00f3n del IPC, que el gobierno no tiene nada que festejar, el dato contin\u00faa siendo muy alto en comparaci\u00f3n con los datos de la regi\u00f3n. No sorprender esta supuesta &#8216;ca\u00edda de la inflaci\u00f3n&#8217; ya que es producto de la brutal ca\u00edda del consumo. Al margen de que tienen en carpeta m\u00e1s aumentos de tarifas. A esto le debemos sumar la ca\u00edda de la actividad econ\u00f3mica, del consumo, el empobrecimiento de amplios sectores de la sociedad y la emergencia alimentaria que golpea fundamentalmente a nuestrxs ni\u00f1xs&#8221;.<\/p>\n<p>&nbsp;<\/p>\n<p>&nbsp;<\/p>\n","protected":false},"excerpt":{"rendered":"<p>El monto de gastos mensuales est\u00e1 compuesto por $470.411 (canasta alimentaria) + $826.542 (otros consumos m\u00ednimos).\u00a0 Hoy se dio a conocer el informe mensual de costo de vida que elabora la Junta Interna de ATE INDEC, en base al c\u00e1lculo del \u00cdndice de Precios al Consumidor que realiza el organismo, pero adaptado a la Canasta [&hellip;]<\/p>\n","protected":false},"author":7,"featured_media":45158,"comment_status":"open","ping_status":"open","sticky":false,"template":"","format":"standard","meta":{"_exactmetrics_skip_tracking":false,"_exactmetrics_sitenote_active":false,"_exactmetrics_sitenote_note":"","_exactmetrics_sitenote_category":0,"jnews-multi-image_gallery":[],"jnews_single_post":{"format":"standard","override":[{"template":"1","parallax":"1","fullscreen":"1","layout":"no-sidebar-narrow","sidebar":"default-sidebar","second_sidebar":"default-sidebar","sticky_sidebar":"1","share_position":"bottom","share_float_style":"share-monocrhome","show_share_counter":"1","show_view_counter":"1","show_post_meta":"1","show_post_author_image":"1","show_post_date":"1","post_date_format":"default","post_date_format_custom":"Y\/m\/d","show_post_category":"1","show_post_reading_time":"0","post_reading_time_wpm":"300","post_calculate_word_method":"str_word_count","show_zoom_button":"0","zoom_button_out_step":"2","zoom_button_in_step":"3","show_post_tag":"1","number_popup_post":"1","show_post_related":"1","show_inline_post_related":"0"}],"image_override":[{"single_post_thumbnail_size":"crop-500","single_post_gallery_size":"crop-500"}],"trending_post_position":"meta","trending_post_label":"Trending","sponsored_post_label":"Sponsored by","disable_ad":"0"},"jnews_primary_category":[],"jnews_social_meta":[],"jnews_review":[],"enable_review":"","type":"percentage","name":"","summary":"","brand":"","sku":"","good":[],"bad":[],"score_override":"","override_value":"","rating":[],"price":[],"jnews_override_counter":{"view_counter_number":"0","share_counter_number":"0","like_counter_number":"0","dislike_counter_number":"0"},"jnews_post_split":{"post_split":[{"template":"1","tag":"h2","numbering":"asc","mode":"normal","first":"0","enable_toc":"0","toc_type":"normal"}]},"footnotes":""},"categories":[346],"tags":[26,848,1089,837],"class_list":["post-45156","post","type-post","status-publish","format-standard","has-post-thumbnail","hentry","category-prensa-y-comunicacion","tag-ate","tag-ate-indec-2","tag-costo-de-vida","tag-indec"],"jetpack_featured_media_url":"https:\/\/atecordoba.org\/wp-content\/uploads\/2024\/08\/frente_indec-e1724072464186.jpg","_links":{"self":[{"href":"https:\/\/atecordoba.org\/index.php?rest_route=\/wp\/v2\/posts\/45156","targetHints":{"allow":["GET"]}}],"collection":[{"href":"https:\/\/atecordoba.org\/index.php?rest_route=\/wp\/v2\/posts"}],"about":[{"href":"https:\/\/atecordoba.org\/index.php?rest_route=\/wp\/v2\/types\/post"}],"author":[{"embeddable":true,"href":"https:\/\/atecordoba.org\/index.php?rest_route=\/wp\/v2\/users\/7"}],"replies":[{"embeddable":true,"href":"https:\/\/atecordoba.org\/index.php?rest_route=%2Fwp%2Fv2%2Fcomments&post=45156"}],"version-history":[{"count":1,"href":"https:\/\/atecordoba.org\/index.php?rest_route=\/wp\/v2\/posts\/45156\/revisions"}],"predecessor-version":[{"id":45159,"href":"https:\/\/atecordoba.org\/index.php?rest_route=\/wp\/v2\/posts\/45156\/revisions\/45159"}],"wp:featuredmedia":[{"embeddable":true,"href":"https:\/\/atecordoba.org\/index.php?rest_route=\/wp\/v2\/media\/45158"}],"wp:attachment":[{"href":"https:\/\/atecordoba.org\/index.php?rest_route=%2Fwp%2Fv2%2Fmedia&parent=45156"}],"wp:term":[{"taxonomy":"category","embeddable":true,"href":"https:\/\/atecordoba.org\/index.php?rest_route=%2Fwp%2Fv2%2Fcategories&post=45156"},{"taxonomy":"post_tag","embeddable":true,"href":"https:\/\/atecordoba.org\/index.php?rest_route=%2Fwp%2Fv2%2Ftags&post=45156"}],"curies":[{"name":"wp","href":"https:\/\/api.w.org\/{rel}","templated":true}]}}