{"id":45145,"date":"2024-08-16T14:28:17","date_gmt":"2024-08-16T17:28:17","guid":{"rendered":"https:\/\/atecordoba.org\/?p=45145"},"modified":"2024-08-16T17:49:26","modified_gmt":"2024-08-16T20:49:26","slug":"no-a-las-privatizaciones-sectores-productivos-estaran-el-4-de-septiembre-en-el-cabildo","status":"publish","type":"post","link":"https:\/\/atecordoba.org\/?p=45145","title":{"rendered":"No a las privatizaciones: Sectores productivos estar\u00e1n el 4 de septiembre en el Cabildo"},"content":{"rendered":"<blockquote><p><em>La Mesa acord\u00f3 unificar criterios para alertar a legisladores, diputados y senadores nacionales respecto al riesgo que recae sobre las unidades productivas.<\/em><\/p><\/blockquote>\n<p><img loading=\"lazy\" decoding=\"async\" class=\"aligncenter wp-image-45146 \" src=\"https:\/\/atecordoba.org\/wp-content\/uploads\/2024\/08\/IMG-20240816-WA0185-scaled.jpg\" alt=\"\" width=\"601\" height=\"338\" srcset=\"https:\/\/atecordoba.org\/wp-content\/uploads\/2024\/08\/IMG-20240816-WA0185-scaled.jpg 2560w, https:\/\/atecordoba.org\/wp-content\/uploads\/2024\/08\/IMG-20240816-WA0185-300x169.jpg 300w, https:\/\/atecordoba.org\/wp-content\/uploads\/2024\/08\/IMG-20240816-WA0185-1024x576.jpg 1024w, https:\/\/atecordoba.org\/wp-content\/uploads\/2024\/08\/IMG-20240816-WA0185-768x432.jpg 768w, https:\/\/atecordoba.org\/wp-content\/uploads\/2024\/08\/IMG-20240816-WA0185-1536x864.jpg 1536w, https:\/\/atecordoba.org\/wp-content\/uploads\/2024\/08\/IMG-20240816-WA0185-2048x1152.jpg 2048w, https:\/\/atecordoba.org\/wp-content\/uploads\/2024\/08\/IMG-20240816-WA0185-750x422.jpg 750w, https:\/\/atecordoba.org\/wp-content\/uploads\/2024\/08\/IMG-20240816-WA0185-1140x641.jpg 1140w\" sizes=\"auto, (max-width: 601px) 100vw, 601px\" \/><\/p>\n<p>Hoy se llev\u00f3 adelante un nuevo encuentro de la Mesa de Trabajo de los Sectores Productivos del Estado Nacional en C\u00f3rdoba, con la participaci\u00f3n de representantes de VENG, DIOXITEK, Fabricaciones Militares (Villa Mar\u00eda y R\u00edo Tercero), CONAE y Central Termonuclear de Embalse.<\/p>\n<p><img loading=\"lazy\" decoding=\"async\" class=\"aligncenter wp-image-45147 \" src=\"https:\/\/atecordoba.org\/wp-content\/uploads\/2024\/08\/IMG-20240816-WA0192-scaled.jpg\" alt=\"\" width=\"602\" height=\"339\" \/><\/p>\n<p>Encabezo por le secretario General de ATE C\u00f3rdoba, Federico Giuliani, con participaci\u00f3n de miembros del Consejo Directivo Provincial, el plenario resolvi\u00f3 llevar adelante una actividad p\u00fablica de visibilizaci\u00f3n de las tareas que desempe\u00f1a cada organismos, en el marco del complejo cient\u00edfico t\u00e9cnico nacional y la producci\u00f3n para la defensa.<\/p>\n<p><img loading=\"lazy\" decoding=\"async\" class=\"aligncenter wp-image-45148 \" src=\"https:\/\/atecordoba.org\/wp-content\/uploads\/2024\/08\/IMG-20240816-WA0191-scaled.jpg\" alt=\"\" width=\"606\" height=\"341\" srcset=\"https:\/\/atecordoba.org\/wp-content\/uploads\/2024\/08\/IMG-20240816-WA0191-scaled.jpg 2560w, https:\/\/atecordoba.org\/wp-content\/uploads\/2024\/08\/IMG-20240816-WA0191-300x169.jpg 300w, https:\/\/atecordoba.org\/wp-content\/uploads\/2024\/08\/IMG-20240816-WA0191-1024x576.jpg 1024w, https:\/\/atecordoba.org\/wp-content\/uploads\/2024\/08\/IMG-20240816-WA0191-768x432.jpg 768w, https:\/\/atecordoba.org\/wp-content\/uploads\/2024\/08\/IMG-20240816-WA0191-1536x864.jpg 1536w, https:\/\/atecordoba.org\/wp-content\/uploads\/2024\/08\/IMG-20240816-WA0191-2048x1152.jpg 2048w, https:\/\/atecordoba.org\/wp-content\/uploads\/2024\/08\/IMG-20240816-WA0191-750x422.jpg 750w, https:\/\/atecordoba.org\/wp-content\/uploads\/2024\/08\/IMG-20240816-WA0191-1140x641.jpg 1140w\" sizes=\"auto, (max-width: 606px) 100vw, 606px\" \/><\/p>\n<p>Adem\u00e1s, en el encuentro sirvi\u00f3 para unificar criterios respecto a la presentaciones que ATE realizar\u00e1 ante la C\u00e1mara de Diputados y de Senadores de la Naci\u00f3n, as\u00ed como a la Legislatura provincia, para alertar sobre el destino que el Gobierno de Javier Milei pretende darle a el sector productivo en C\u00f3rdoba.<\/p>\n<p><img loading=\"lazy\" decoding=\"async\" class=\"aligncenter wp-image-45150 \" src=\"https:\/\/atecordoba.org\/wp-content\/uploads\/2024\/08\/IMG-20240816-WA0185-1-scaled.jpg\" alt=\"\" width=\"601\" height=\"338\" srcset=\"https:\/\/atecordoba.org\/wp-content\/uploads\/2024\/08\/IMG-20240816-WA0185-1-scaled.jpg 2560w, https:\/\/atecordoba.org\/wp-content\/uploads\/2024\/08\/IMG-20240816-WA0185-1-300x169.jpg 300w, https:\/\/atecordoba.org\/wp-content\/uploads\/2024\/08\/IMG-20240816-WA0185-1-1024x576.jpg 1024w, https:\/\/atecordoba.org\/wp-content\/uploads\/2024\/08\/IMG-20240816-WA0185-1-768x432.jpg 768w, https:\/\/atecordoba.org\/wp-content\/uploads\/2024\/08\/IMG-20240816-WA0185-1-1536x864.jpg 1536w, https:\/\/atecordoba.org\/wp-content\/uploads\/2024\/08\/IMG-20240816-WA0185-1-2048x1152.jpg 2048w, https:\/\/atecordoba.org\/wp-content\/uploads\/2024\/08\/IMG-20240816-WA0185-1-750x422.jpg 750w, https:\/\/atecordoba.org\/wp-content\/uploads\/2024\/08\/IMG-20240816-WA0185-1-1140x641.jpg 1140w\" sizes=\"auto, (max-width: 601px) 100vw, 601px\" \/><\/p>\n<p>&#8220;Tienen que saber que con la DNU inconstitucional y la Ley Bases, estas empresas est\u00e1n exceptuadas de privatizarse, pero el gobierno si puede cambiar su formato legal a sociedad an\u00f3nima, y por esa v\u00eda cumplir con su proyecto privatizador y de entrega de estas unidades productivas a empresas extranjeras&#8221;, resumi\u00f3 Giuliani.<\/p>\n<p>Tal es el caso, en primera instancia, de Fabricaciones Militares. El gobierno dej\u00f3 circular la versi\u00f3n que cambiar\u00e1 su figura legal -actualmente es una Sociedad del Estado- para convertirla por decreto en una Sociedad An\u00f3nima. Simult\u00e1neamente,<a href=\"https:\/\/atecordoba.org\/?p=45042\"> ya organiz\u00f3 visitas<\/a> a las dos plantas de Villa Mar\u00eda y R\u00edo Tercero con delegaciones de empresarios extranjeros que son proveedores de la OTAN.<\/p>\n<p>Otro tanto s<a href=\"https:\/\/atecordoba.org\/?p=45114\">ucedi\u00f3 con la CONAE<\/a>, donde recientemente estuvieron en Sede Central, en Capital Federal, miembros de la Fuerza Espacial Norteamericana.<\/p>\n","protected":false},"excerpt":{"rendered":"<p>La Mesa acord\u00f3 unificar criterios para alertar a legisladores, diputados y senadores nacionales respecto al riesgo que recae sobre las unidades productivas. Hoy se llev\u00f3 adelante un nuevo encuentro de la Mesa de Trabajo de los Sectores Productivos del Estado Nacional en C\u00f3rdoba, con la participaci\u00f3n de representantes de VENG, DIOXITEK, Fabricaciones Militares (Villa Mar\u00eda [&hellip;]<\/p>\n","protected":false},"author":7,"featured_media":45147,"comment_status":"open","ping_status":"open","sticky":false,"template":"","format":"standard","meta":{"_exactmetrics_skip_tracking":false,"_exactmetrics_sitenote_active":false,"_exactmetrics_sitenote_note":"","_exactmetrics_sitenote_category":0,"jnews-multi-image_gallery":[],"jnews_single_post":{"format":"standard","override":[{"template":"1","parallax":"1","fullscreen":"1","layout":"no-sidebar-narrow","sidebar":"default-sidebar","second_sidebar":"default-sidebar","sticky_sidebar":"1","share_position":"bottom","share_float_style":"share-monocrhome","show_share_counter":"1","show_view_counter":"1","show_post_meta":"1","show_post_author_image":"1","show_post_date":"1","post_date_format":"default","post_date_format_custom":"Y\/m\/d","show_post_category":"1","show_post_reading_time":"0","post_reading_time_wpm":"300","post_calculate_word_method":"str_word_count","show_zoom_button":"0","zoom_button_out_step":"2","zoom_button_in_step":"3","show_post_tag":"1","number_popup_post":"1","show_post_related":"1","show_inline_post_related":"0"}],"image_override":[{"single_post_thumbnail_size":"crop-500","single_post_gallery_size":"crop-500"}],"trending_post_position":"meta","trending_post_label":"Trending","sponsored_post_label":"Sponsored by","disable_ad":"0"},"jnews_primary_category":[],"jnews_social_meta":[],"jnews_review":[],"enable_review":"","type":"percentage","name":"","summary":"","brand":"","sku":"","good":[],"bad":[],"score_override":"","override_value":"","rating":[],"price":[],"jnews_override_counter":{"view_counter_number":"0","share_counter_number":"0","like_counter_number":"0","dislike_counter_number":"0"},"jnews_post_split":{"post_split":[{"template":"1","tag":"h2","numbering":"asc","mode":"normal","first":"0","enable_toc":"0","toc_type":"normal"}]},"footnotes":""},"categories":[18],"tags":[395,1364,465],"class_list":["post-45145","post","type-post","status-publish","format-standard","has-post-thumbnail","hentry","category-nacionales","tag-ate-cordoba","tag-mesa-de-trabajo-de-los-sectores-productivos-del-estado-nacional-en-cordoba","tag-privatizaciones"],"jetpack_featured_media_url":"https:\/\/atecordoba.org\/wp-content\/uploads\/2024\/08\/IMG-20240816-WA0192-scaled-e1723829290623.jpg","_links":{"self":[{"href":"https:\/\/atecordoba.org\/index.php?rest_route=\/wp\/v2\/posts\/45145","targetHints":{"allow":["GET"]}}],"collection":[{"href":"https:\/\/atecordoba.org\/index.php?rest_route=\/wp\/v2\/posts"}],"about":[{"href":"https:\/\/atecordoba.org\/index.php?rest_route=\/wp\/v2\/types\/post"}],"author":[{"embeddable":true,"href":"https:\/\/atecordoba.org\/index.php?rest_route=\/wp\/v2\/users\/7"}],"replies":[{"embeddable":true,"href":"https:\/\/atecordoba.org\/index.php?rest_route=%2Fwp%2Fv2%2Fcomments&post=45145"}],"version-history":[{"count":4,"href":"https:\/\/atecordoba.org\/index.php?rest_route=\/wp\/v2\/posts\/45145\/revisions"}],"predecessor-version":[{"id":45155,"href":"https:\/\/atecordoba.org\/index.php?rest_route=\/wp\/v2\/posts\/45145\/revisions\/45155"}],"wp:featuredmedia":[{"embeddable":true,"href":"https:\/\/atecordoba.org\/index.php?rest_route=\/wp\/v2\/media\/45147"}],"wp:attachment":[{"href":"https:\/\/atecordoba.org\/index.php?rest_route=%2Fwp%2Fv2%2Fmedia&parent=45145"}],"wp:term":[{"taxonomy":"category","embeddable":true,"href":"https:\/\/atecordoba.org\/index.php?rest_route=%2Fwp%2Fv2%2Fcategories&post=45145"},{"taxonomy":"post_tag","embeddable":true,"href":"https:\/\/atecordoba.org\/index.php?rest_route=%2Fwp%2Fv2%2Ftags&post=45145"}],"curies":[{"name":"wp","href":"https:\/\/api.w.org\/{rel}","templated":true}]}}