{"id":45134,"date":"2024-08-16T12:34:41","date_gmt":"2024-08-16T15:34:41","guid":{"rendered":"https:\/\/atecordoba.org\/?p=45134"},"modified":"2024-08-16T12:34:41","modified_gmt":"2024-08-16T15:34:41","slug":"se-realizo-en-ate-una-charla-debate-en-respaldo-a-las-elecciones-en-venezuela-y-el-proceso-revolucionario-bolivariano","status":"publish","type":"post","link":"https:\/\/atecordoba.org\/?p=45134","title":{"rendered":"Se realiz\u00f3 en ATE una charla-debate en respaldo a las elecciones en Venezuela y el proceso revolucionario bolivariano"},"content":{"rendered":"<p><em>Con la participaci\u00f3n de dirigentes sindicales, pol\u00edticos y sociales, observadores internacionales y una activa militancia de ATE, la CTA Aut\u00f3noma y organizaciones invitadas, se realiz\u00f3 ayer en la sede del Consejo Directivo Provincial (CDP) el &#8220;Conversatorio: Solidarios con Venezuela Bolivariana y la Patria Grande&#8221;.<\/em><\/p>\n<p><img loading=\"lazy\" decoding=\"async\" class=\"aligncenter wp-image-45136 \" src=\"https:\/\/atecordoba.org\/wp-content\/uploads\/2024\/08\/IMG-20240816-WA0148-scaled.jpg\" alt=\"\" width=\"601\" height=\"339\" \/><\/p>\n<p>La actividad cont\u00f3 con la disertaci\u00f3n de nuestro secretario General Federico Giuliani, que cumpli\u00f3 funciones como observador internacional en las elecciones presidenciales en Venezuela en julio pasado, Irina Santesteban, ex Secretaria General de la Asociaci\u00f3n Gremial de Empleados del Poder Judicial de la Provincia de C\u00f3rdoba (AGEPJ), abogada de la organizaci\u00f3n \u201cMil por Cuba\u201d; y el dirigente pol\u00edtico y social de la Agrupaci\u00f3n \u201cMarta Ju\u00e1rez\u201d Ezequiel Gamarro.<\/p>\n<div id='gallery_1' class='gallery galleryid-45134 gallery-columns-3 gallery-size-thumbnail'><figure class='gallery-item'>\n                <div class='gallery-icon landscape'>\n                    <a href='https:\/\/atecordoba.org\/wp-content\/uploads\/2024\/08\/IMG-20240816-WA0151-scaled.jpg'><img loading=\"lazy\" decoding=\"async\" width=\"150\" height=\"150\" src=\"\" class=\"attachment-thumbnail size-thumbnail lazyload\" alt=\"\" data-src=\"https:\/\/atecordoba.org\/wp-content\/uploads\/2024\/08\/IMG-20240816-WA0151-150x150.jpg\" data-sizes=\"auto\" data-srcset=\"https:\/\/atecordoba.org\/wp-content\/uploads\/2024\/08\/IMG-20240816-WA0151-150x150.jpg 150w, https:\/\/atecordoba.org\/wp-content\/uploads\/2024\/08\/IMG-20240816-WA0151-560x560.jpg 560w, https:\/\/atecordoba.org\/wp-content\/uploads\/2024\/08\/IMG-20240816-WA0151-75x75.jpg 75w, https:\/\/atecordoba.org\/wp-content\/uploads\/2024\/08\/IMG-20240816-WA0151-350x350.jpg 350w\" data-expand=\"700\" \/><\/a>\n                <\/div><\/figure><figure class='gallery-item'>\n                <div class='gallery-icon landscape'>\n                    <a href='https:\/\/atecordoba.org\/wp-content\/uploads\/2024\/08\/IMG-20240816-WA0154-scaled.jpg'><img loading=\"lazy\" decoding=\"async\" width=\"150\" height=\"150\" src=\"\" class=\"attachment-thumbnail size-thumbnail lazyload\" alt=\"\" data-src=\"https:\/\/atecordoba.org\/wp-content\/uploads\/2024\/08\/IMG-20240816-WA0154-150x150.jpg\" data-sizes=\"auto\" data-srcset=\"https:\/\/atecordoba.org\/wp-content\/uploads\/2024\/08\/IMG-20240816-WA0154-150x150.jpg 150w, https:\/\/atecordoba.org\/wp-content\/uploads\/2024\/08\/IMG-20240816-WA0154-560x560.jpg 560w, https:\/\/atecordoba.org\/wp-content\/uploads\/2024\/08\/IMG-20240816-WA0154-75x75.jpg 75w, https:\/\/atecordoba.org\/wp-content\/uploads\/2024\/08\/IMG-20240816-WA0154-350x350.jpg 350w\" data-expand=\"700\" \/><\/a>\n                <\/div><\/figure><figure class='gallery-item'>\n                <div class='gallery-icon landscape'>\n                    <a href='https:\/\/atecordoba.org\/wp-content\/uploads\/2024\/08\/IMG-20240816-WA0147-scaled.jpg'><img loading=\"lazy\" decoding=\"async\" width=\"150\" height=\"150\" src=\"\" class=\"attachment-thumbnail size-thumbnail lazyload\" alt=\"\" data-src=\"https:\/\/atecordoba.org\/wp-content\/uploads\/2024\/08\/IMG-20240816-WA0147-150x150.jpg\" data-sizes=\"auto\" data-srcset=\"https:\/\/atecordoba.org\/wp-content\/uploads\/2024\/08\/IMG-20240816-WA0147-150x150.jpg 150w, https:\/\/atecordoba.org\/wp-content\/uploads\/2024\/08\/IMG-20240816-WA0147-560x560.jpg 560w, https:\/\/atecordoba.org\/wp-content\/uploads\/2024\/08\/IMG-20240816-WA0147-75x75.jpg 75w, https:\/\/atecordoba.org\/wp-content\/uploads\/2024\/08\/IMG-20240816-WA0147-350x350.jpg 350w\" data-expand=\"700\" \/><\/a>\n                <\/div><\/figure><br style=\"clear: both\" \/>\n            <\/div>\n\n<p>La charla-debate cont\u00f3 con el apoyo de organizaciones hermanas como <em>C<\/em>ispren; Mil por Cuba; MasCuba; Casa para la Memoria de Carlos Paz; VillaNos Radio: Comit\u00e9 de Homenaje a los Desaparecidos y M\u00e1rtires Populares; Foro por la Democracia y los Derechos Humanos; Partido de la Liberaci\u00f3n (PL); OLPRyL; Colectivo M\u00e1s Democracia; Comit\u00e9 Democr\u00e1tico Haitiano; Casa de los Trabajadores; Colectividad Boliviana Autoconvocada de C\u00f3rdoba; Agrupaci\u00f3n Marta Ju\u00e1rez; Tinku Arte; Federaci\u00f3n Rural para Producci\u00f3n y Arraigo; Encuentro Mario D\u00edaz; Resumen Latinoamericano; Convocatoria Segunda Independencia; Federaci\u00f3n Juvenil Comunista de C\u00f3rdoba.<\/p>\n<p><img loading=\"lazy\" decoding=\"async\" class=\"aligncenter wp-image-45140 \" src=\"https:\/\/atecordoba.org\/wp-content\/uploads\/2024\/08\/IMG-20240816-WA0144-scaled.jpg\" alt=\"\" width=\"601\" height=\"339\" srcset=\"https:\/\/atecordoba.org\/wp-content\/uploads\/2024\/08\/IMG-20240816-WA0144-scaled.jpg 2560w, https:\/\/atecordoba.org\/wp-content\/uploads\/2024\/08\/IMG-20240816-WA0144-300x169.jpg 300w, https:\/\/atecordoba.org\/wp-content\/uploads\/2024\/08\/IMG-20240816-WA0144-1024x578.jpg 1024w, https:\/\/atecordoba.org\/wp-content\/uploads\/2024\/08\/IMG-20240816-WA0144-768x434.jpg 768w, https:\/\/atecordoba.org\/wp-content\/uploads\/2024\/08\/IMG-20240816-WA0144-1536x867.jpg 1536w, https:\/\/atecordoba.org\/wp-content\/uploads\/2024\/08\/IMG-20240816-WA0144-2048x1156.jpg 2048w, https:\/\/atecordoba.org\/wp-content\/uploads\/2024\/08\/IMG-20240816-WA0144-750x423.jpg 750w, https:\/\/atecordoba.org\/wp-content\/uploads\/2024\/08\/IMG-20240816-WA0144-1140x644.jpg 1140w\" sizes=\"auto, (max-width: 601px) 100vw, 601px\" \/><\/p>\n<p><strong>Gan\u00f3 Maduro<\/strong><\/p>\n<p>Durante el desarrollo del debate, Giuliani destac\u00f3 la importancia de &#8220;esta actividad en solidaridad con el proceso revolucionario de Venezuela. Estuve como observador internacional en las recientes elecciones presidenciales y debo decir que Nicol\u00e1s Maduro gan\u00f3, que hay que respetar el voto popular, que est\u00e1 en juego la democracia que plantea la revoluci\u00f3n bolivariana, a ra\u00edz del golpe de Estado que quieren imponer los fascistas de la oligarqu\u00eda local en conjunto con el imperialismo yanqui&#8221;.<\/p>\n<p>&nbsp;<\/p>\n<p><img loading=\"lazy\" decoding=\"async\" class=\"aligncenter wp-image-45142 \" src=\"https:\/\/atecordoba.org\/wp-content\/uploads\/2024\/08\/IMG-20240816-WA0138-scaled.jpg\" alt=\"\" width=\"599\" height=\"338\" srcset=\"https:\/\/atecordoba.org\/wp-content\/uploads\/2024\/08\/IMG-20240816-WA0138-scaled.jpg 2560w, https:\/\/atecordoba.org\/wp-content\/uploads\/2024\/08\/IMG-20240816-WA0138-300x169.jpg 300w, https:\/\/atecordoba.org\/wp-content\/uploads\/2024\/08\/IMG-20240816-WA0138-1024x578.jpg 1024w, https:\/\/atecordoba.org\/wp-content\/uploads\/2024\/08\/IMG-20240816-WA0138-768x434.jpg 768w, https:\/\/atecordoba.org\/wp-content\/uploads\/2024\/08\/IMG-20240816-WA0138-1536x867.jpg 1536w, https:\/\/atecordoba.org\/wp-content\/uploads\/2024\/08\/IMG-20240816-WA0138-2048x1156.jpg 2048w, https:\/\/atecordoba.org\/wp-content\/uploads\/2024\/08\/IMG-20240816-WA0138-750x423.jpg 750w, https:\/\/atecordoba.org\/wp-content\/uploads\/2024\/08\/IMG-20240816-WA0138-1140x644.jpg 1140w\" sizes=\"auto, (max-width: 599px) 100vw, 599px\" \/><\/p>\n<p>El dirigente remarc\u00f3 que &#8220;en ese contexto, expresamos nuestro apoyo total al proceso de transformaci\u00f3n que vive Venezuela. Nos despegamos de la tibieza del progresismo argentino que inmediatamente puso en duda el triunfo de Maduro. Desde ATE y la CTA Aut\u00f3noma C\u00f3rdoba enviamos todo nuestro apoyo y nuestra convicci\u00f3n de acompa\u00f1ar el proceso que plantea la Revoluci\u00f3n Bolivariana de una Patria Grande y Sanmartiniana&#8221;.<\/p>\n<p><img loading=\"lazy\" decoding=\"async\" class=\"alignleft wp-image-45143 \" src=\"https:\/\/atecordoba.org\/wp-content\/uploads\/2024\/08\/Imagen-de-WhatsApp-2024-08-15-a-las-20.30.07_733b6b1a-scaled.jpg\" alt=\"\" width=\"331\" height=\"587\" srcset=\"https:\/\/atecordoba.org\/wp-content\/uploads\/2024\/08\/Imagen-de-WhatsApp-2024-08-15-a-las-20.30.07_733b6b1a-scaled.jpg 1445w, https:\/\/atecordoba.org\/wp-content\/uploads\/2024\/08\/Imagen-de-WhatsApp-2024-08-15-a-las-20.30.07_733b6b1a-169x300.jpg 169w, https:\/\/atecordoba.org\/wp-content\/uploads\/2024\/08\/Imagen-de-WhatsApp-2024-08-15-a-las-20.30.07_733b6b1a-578x1024.jpg 578w, https:\/\/atecordoba.org\/wp-content\/uploads\/2024\/08\/Imagen-de-WhatsApp-2024-08-15-a-las-20.30.07_733b6b1a-768x1360.jpg 768w, https:\/\/atecordoba.org\/wp-content\/uploads\/2024\/08\/Imagen-de-WhatsApp-2024-08-15-a-las-20.30.07_733b6b1a-867x1536.jpg 867w, https:\/\/atecordoba.org\/wp-content\/uploads\/2024\/08\/Imagen-de-WhatsApp-2024-08-15-a-las-20.30.07_733b6b1a-1156x2048.jpg 1156w, https:\/\/atecordoba.org\/wp-content\/uploads\/2024\/08\/Imagen-de-WhatsApp-2024-08-15-a-las-20.30.07_733b6b1a-750x1329.jpg 750w, https:\/\/atecordoba.org\/wp-content\/uploads\/2024\/08\/Imagen-de-WhatsApp-2024-08-15-a-las-20.30.07_733b6b1a-1140x2019.jpg 1140w\" sizes=\"auto, (max-width: 331px) 100vw, 331px\" \/>A su turno, Santesteban afirm\u00f3 sobre las elecciones presidenciales que consagraron a Maduro que &#8220;el imperialismo norteamericano, la oposici\u00f3n, la derecha m\u00e1s recalcitrante, no solo de Venezuela sino de toda la regi\u00f3n, chillan hist\u00e9ricamente que fue un fraude y nosotros sostenemos que fueron elecciones limpias, transparentes, garantizadas por un sistema electoral que es ejemplo en el mundo&#8221;.<\/p>\n<p>La dirigente fustig\u00f3 a la OEA y le neg\u00f3 autoridad para intervenir en el proceso electoral venezolano &#8220;a la luz de lo que sucedi\u00f3 con el golpe de Estado en Bolivia, de la destituci\u00f3n del presidente peruano Pedro Castillo y lo reemplazaron por una dictadora, de la destituci\u00f3n pro la v\u00eda del golpe de estado al Presidente Zelaya en Honduras&#8221;.<\/p>\n<p>&#8220;El ataque a Venezuela se origina en su riqueza petrolera, es la primera reserva mundial y eso es lo que ans\u00eda EEUU, las potencias occidentales y todo el coro de gobiernos afines al imperialismo, que incluye lamentablemente al gobierno argentino de Javier Milei. Junto a los observadores internacionales como Federico Giuliani o Bruno Lonatti tuvimos un rico debate donde participaron las y los compa\u00f1eros presentes&#8221;.<\/p>\n<p>Por \u00faltimo, Gamarro destac\u00f3 que &#8220;venimos hace a\u00f1os defendiendo la causa de la Patria Grande y saludamos este proceso de reflexi\u00f3n sobre lo que sucede en Venezuela por la ofensiva para revocar la Revoluci\u00f3n Bolivariana&#8221;.<\/p>\n<p>El conversatorio completo puede verse abajo.<\/p>\n<div class=\"cff-embed-wrap cff-video-embed-wrap\">\n<div id=\"fb-root\"><\/div>\n<p><script async=\"1\" defer=\"1\" crossorigin=\"anonymous\" src=\"https:\/\/connect.facebook.net\/es_LA\/sdk.js#xfbml=1&amp;version=v20.0\" nonce=\"6iYx4BTh\"><\/script><\/p>\n<div class=\"fb-video cff-embed cff-video-embed\" data-href=\"https:\/\/fb.watch\/t-adZzaMCc\/\" data-width=\"500\">\n<blockquote cite=\"https:\/\/www.facebook.com\/atecba\/videos\/460813466944291\/\" class=\"fb-xfbml-parse-ignore\"><p><a href=\"https:\/\/www.facebook.com\/atecba\/videos\/460813466944291\/\"><\/a><\/p>\n<p>Solidarios con la Venezuela Bolivariana y la Patria Grande<\/p>\n<p>Publicado por <a href=\"https:\/\/www.facebook.com\/atecba\">ATE &#8211; CDP Cordoba<\/a> en Jueves, 15 de agosto de 2024<\/p><\/blockquote>\n<\/div>\n<\/div>\n","protected":false},"excerpt":{"rendered":"<p>Con la participaci\u00f3n de dirigentes sindicales, pol\u00edticos y sociales, observadores internacionales y una activa militancia de ATE, la CTA Aut\u00f3noma y organizaciones invitadas, se realiz\u00f3 ayer en la sede del Consejo Directivo Provincial (CDP) el &#8220;Conversatorio: Solidarios con Venezuela Bolivariana y la Patria Grande&#8221;. La actividad cont\u00f3 con la disertaci\u00f3n de nuestro secretario General Federico [&hellip;]<\/p>\n","protected":false},"author":7,"featured_media":45136,"comment_status":"open","ping_status":"open","sticky":false,"template":"","format":"standard","meta":{"_exactmetrics_skip_tracking":false,"_exactmetrics_sitenote_active":false,"_exactmetrics_sitenote_note":"","_exactmetrics_sitenote_category":0,"jnews-multi-image_gallery":[],"jnews_single_post":[],"jnews_primary_category":[],"jnews_social_meta":[],"jnews_review":[],"enable_review":"","type":"","name":"","summary":"","brand":"","sku":"","good":[],"bad":[],"score_override":"","override_value":"","rating":[],"price":[],"jnews_override_counter":[],"jnews_post_split":[],"footnotes":""},"categories":[10],"tags":[1363,47,331,1362,1330],"class_list":["post-45134","post","type-post","status-publish","format-standard","has-post-thumbnail","hentry","category-accion-politica","tag-antimperialismo","tag-elecciones","tag-solidaridad","tag-solidaridad-con-venezuela","tag-venezuela"],"jetpack_featured_media_url":"https:\/\/atecordoba.org\/wp-content\/uploads\/2024\/08\/IMG-20240816-WA0148-scaled-e1723822464133.jpg","_links":{"self":[{"href":"https:\/\/atecordoba.org\/index.php?rest_route=\/wp\/v2\/posts\/45134","targetHints":{"allow":["GET"]}}],"collection":[{"href":"https:\/\/atecordoba.org\/index.php?rest_route=\/wp\/v2\/posts"}],"about":[{"href":"https:\/\/atecordoba.org\/index.php?rest_route=\/wp\/v2\/types\/post"}],"author":[{"embeddable":true,"href":"https:\/\/atecordoba.org\/index.php?rest_route=\/wp\/v2\/users\/7"}],"replies":[{"embeddable":true,"href":"https:\/\/atecordoba.org\/index.php?rest_route=%2Fwp%2Fv2%2Fcomments&post=45134"}],"version-history":[{"count":1,"href":"https:\/\/atecordoba.org\/index.php?rest_route=\/wp\/v2\/posts\/45134\/revisions"}],"predecessor-version":[{"id":45144,"href":"https:\/\/atecordoba.org\/index.php?rest_route=\/wp\/v2\/posts\/45134\/revisions\/45144"}],"wp:featuredmedia":[{"embeddable":true,"href":"https:\/\/atecordoba.org\/index.php?rest_route=\/wp\/v2\/media\/45136"}],"wp:attachment":[{"href":"https:\/\/atecordoba.org\/index.php?rest_route=%2Fwp%2Fv2%2Fmedia&parent=45134"}],"wp:term":[{"taxonomy":"category","embeddable":true,"href":"https:\/\/atecordoba.org\/index.php?rest_route=%2Fwp%2Fv2%2Fcategories&post=45134"},{"taxonomy":"post_tag","embeddable":true,"href":"https:\/\/atecordoba.org\/index.php?rest_route=%2Fwp%2Fv2%2Ftags&post=45134"}],"curies":[{"name":"wp","href":"https:\/\/api.w.org\/{rel}","templated":true}]}}